{"id":80499,"date":"2025-08-08T15:16:28","date_gmt":"2025-08-08T18:16:28","guid":{"rendered":"https:\/\/www.tvnovelas.com.br\/tvnews\/?p=80499"},"modified":"2025-08-08T15:19:17","modified_gmt":"2025-08-08T18:19:17","slug":"vale-tudo-odete-aciona-plano-para-destruir-raquel","status":"publish","type":"post","link":"https:\/\/www.tvnovelas.com.br\/tvnews\/vale-tudo-odete-aciona-plano-para-destruir-raquel\/","title":{"rendered":"Vale Tudo: Odete aciona plano para destruir Raquel"},"content":{"rendered":"<figure id=\"attachment_80500\" aria-describedby=\"caption-attachment-80500\" style=\"width: 728px\" class=\"wp-caption alignnone\"><img data-recalc-dims=\"1\" decoding=\"async\" class=\"wp-image-80500 size-full\" title=\"(Foto: TV Globo\/Vale Tudo)\" src=\"https:\/\/i0.wp.com\/www.tvnovelas.com.br\/tvnews\/wp-content\/uploads\/2025\/08\/11730.jpg?resize=728%2C410&#038;ssl=1\" alt=\"Foto em Vale Tudo: Odete aciona plano para destruir Raquel\" width=\"728\" height=\"410\" srcset=\"https:\/\/i0.wp.com\/www.tvnovelas.com.br\/tvnews\/wp-content\/uploads\/2025\/08\/11730.jpg?w=728&amp;ssl=1 728w, https:\/\/i0.wp.com\/www.tvnovelas.com.br\/tvnews\/wp-content\/uploads\/2025\/08\/11730.jpg?resize=250%2C141&amp;ssl=1 250w\" sizes=\"(max-width: 728px) 100vw, 728px\" \/><figcaption id=\"caption-attachment-80500\" class=\"wp-caption-text\">Vale Tudo: Odete aciona plano para destruir Raquel<\/figcaption><\/figure>\n<p>Em Vale Tudo, Est\u00e1 tudo pronto para Odete Roitman (Debora Bloch) colocar em pr\u00e1tica seu plano para destruir Raquel (Ta\u00eds Araujo). O alvo ser\u00e1 a nova maionese que a empres\u00e1ria est\u00e1 testando e o objetivo ser\u00e1 infectar o produto para acabar de vez com a Paladar. A poderosa da TCA orienta Walter (Leandro Lima), o agente infiltrado que ser\u00e1 respons\u00e1vel pelo envenenamento da maionese.<\/p>\n<p>\u201cSempre chega a hora de revidar, Walter. Voc\u00ea vai precisar de ajuda essa noite quando for infectar a maionese. Eu j\u00e1 falei com o M\u00e1rio S\u00e9rgio.\u201d<\/p>\n<p>Claro que ele n\u00e3o gosta de saber que ter\u00e1 a companhia de seu rival:<\/p>\n<p>\u201cHumilhante voc\u00ea me obrigar a conviver com esse cara. P\u00f4, ele te agarrou outro dia.\u201d<\/p>\n<p>Mas para Odete, pouco importa o desconforto do namorado com a presen\u00e7a do seu amante. Falando nele, M\u00e1rio S\u00e9rgio aparece pouco tempo depois e, vendo o nervosismo de Walter, tenta tranquiliz\u00e1-lo. Destaque-se que o sucesso do plano inclui dar um ch\u00e1 de sumi\u00e7o em Walter ap\u00f3s o envenenamento, o que deixa o caminho livre para M\u00e1rio S\u00e9rgio.<\/p>\n<p>\u201cVai dar tudo certo, Walter. Tudo que voc\u00ea precisa fazer hoje l\u00e1 \u00e9 ver onde a maionese est\u00e1 guardada.\u201d<\/p>\n<p>\u201cIsso \u00e9 f\u00e1cil, vai ser na cozinha experimental. Ela vai fazer a maionese hoje e a entrega \u00e9 amanh\u00e3.\u201d<br \/>\n<!--FIM--><br \/>\n<strong>Sobre a novela<\/strong><br \/>\n<a href=\"https:\/\/wp.me\/pfspD2-U7\" target=\"_blank\" rel=\"noopener\">Vale Tudo: Conflitos de princ\u00edpios e valores (Sinopse)<\/a><\/p>\n<p><a href=\"https:\/\/wp.me\/pfspD2-oI\" target=\"_blank\" rel=\"noopener\">Vale Tudo: Invers\u00e3o de valores no final dos anos 1980<\/a> (Sinopse)<\/p>\n<div style=\"font-size: 120%;\"><h3>Confira tamb\u00e9m<\/h3>\r\n<a href=\"https:\/\/tvnovelas.com.br\/novelas\/\" rel=\"noopener\" target=\"_blank\"><strong>Todos os resumos de novelas<\/strong><\/a><\/br>\r\n<a href=\"https:\/\/www.tvnovelas.com.br\/tvnews\/\" rel=\"noopener\" target=\"_blank\"><strong>\u00daltimas not\u00edcias das novelas<\/strong><\/a><\/br>\r\n<a href=\"https:\/\/www.tvnovelas.com.br\/filmes\/\" target=\"_blank\" rel=\"noopener noreferrer\"><strong>Programa\u00e7\u00e3o de filmes na TV aberta<\/strong><\/a><\/br>\r\n<a href=\"https:\/\/caetenews.com.br\/semana\/filmes-da-globo-na-sessao-da-tarde-desta-semana\/\" target=\"_blank\" rel=\"noopener\"><strong>Confira os filmes da semana na Sess\u00e3o da Tarde<\/strong><\/a><\/br>\r\n<a href=\"https:\/\/classindportal.mj.gov.br\/consulta-filmes\" target=\"_blank\" rel=\"noopener\"><strong>Consulte a classifica\u00e7\u00e3o indicativa dos filmes e novelas<\/strong><\/a><\/br><br \/>\n&lt;\/div<\/div>\n","protected":false},"excerpt":{"rendered":"<p>Vale Tudo: Odete aciona plano para destruir Raquel&#8230; Em Vale Tudo, Est\u00e1 tudo pronto para Odete Roitman (Debora Bloch) colocar em pr\u00e1tica seu plano&#8230;<\/p>\n","protected":false},"author":1,"featured_media":80500,"comment_status":"closed","ping_status":"closed","sticky":false,"template":"","format":"standard","meta":{"_uf_show_specific_survey":0,"_uf_disable_surveys":false,"_jetpack_memberships_contains_paid_content":false,"footnotes":"","_wp_rev_ctl_limit":""},"categories":[871],"tags":[5,64,801],"class_list":["post-80499","post","type-post","status-publish","format-standard","has-post-thumbnail","hentry","category-vale-tudo","tag-globo","tag-novelas","tag-vale-tudo","wpcat-871-id"],"aioseo_notices":[],"jetpack_featured_media_url":"https:\/\/i0.wp.com\/www.tvnovelas.com.br\/tvnews\/wp-content\/uploads\/2025\/08\/11730.jpg?fit=728%2C410&ssl=1","jetpack_shortlink":"https:\/\/wp.me\/pdP2BO-kWn","jetpack_sharing_enabled":true,"_links":{"self":[{"href":"https:\/\/www.tvnovelas.com.br\/tvnews\/wp-json\/wp\/v2\/posts\/80499","targetHints":{"allow":["GET"]}}],"collection":[{"href":"https:\/\/www.tvnovelas.com.br\/tvnews\/wp-json\/wp\/v2\/posts"}],"about":[{"href":"https:\/\/www.tvnovelas.com.br\/tvnews\/wp-json\/wp\/v2\/types\/post"}],"author":[{"embeddable":true,"href":"https:\/\/www.tvnovelas.com.br\/tvnews\/wp-json\/wp\/v2\/users\/1"}],"replies":[{"embeddable":true,"href":"https:\/\/www.tvnovelas.com.br\/tvnews\/wp-json\/wp\/v2\/comments?post=80499"}],"version-history":[{"count":2,"href":"https:\/\/www.tvnovelas.com.br\/tvnews\/wp-json\/wp\/v2\/posts\/80499\/revisions"}],"predecessor-version":[{"id":80502,"href":"https:\/\/www.tvnovelas.com.br\/tvnews\/wp-json\/wp\/v2\/posts\/80499\/revisions\/80502"}],"wp:featuredmedia":[{"embeddable":true,"href":"https:\/\/www.tvnovelas.com.br\/tvnews\/wp-json\/wp\/v2\/media\/80500"}],"wp:attachment":[{"href":"https:\/\/www.tvnovelas.com.br\/tvnews\/wp-json\/wp\/v2\/media?parent=80499"}],"wp:term":[{"taxonomy":"category","embeddable":true,"href":"https:\/\/www.tvnovelas.com.br\/tvnews\/wp-json\/wp\/v2\/categories?post=80499"},{"taxonomy":"post_tag","embeddable":true,"href":"https:\/\/www.tvnovelas.com.br\/tvnews\/wp-json\/wp\/v2\/tags?post=80499"}],"curies":[{"name":"wp","href":"https:\/\/api.w.org\/{rel}","templated":true}]}}