{"id":80504,"date":"2025-08-08T15:47:18","date_gmt":"2025-08-08T18:47:18","guid":{"rendered":"https:\/\/www.tvnovelas.com.br\/tvnews\/?p=80504"},"modified":"2025-08-08T15:47:18","modified_gmt":"2025-08-08T18:47:18","slug":"as-filhas-da-senhora-garcia-priscila-agride-valeria-e-ameaca-artur","status":"publish","type":"post","link":"https:\/\/www.tvnovelas.com.br\/tvnews\/as-filhas-da-senhora-garcia-priscila-agride-valeria-e-ameaca-artur\/","title":{"rendered":"As Filhas da Senhora Garcia: Priscila agride Val\u00e9ria e amea\u00e7a Artur"},"content":{"rendered":"<p><figure id=\"attachment_80505\" aria-describedby=\"caption-attachment-80505\" style=\"width: 800px\" class=\"wp-caption alignnone\"><img data-recalc-dims=\"1\" decoding=\"async\" src=\"https:\/\/i0.wp.com\/www.tvnovelas.com.br\/tvnews\/wp-content\/uploads\/2025\/08\/11731.jpg?resize=800%2C405&#038;ssl=1\" alt=\"Foto em As Filhas da Senhora Garcia: Priscila agride Val\u00e9ria e amea\u00e7a Artur\" width=\"800\" height=\"405\" class=\"size-medium wp-image-80505\" srcset=\"https:\/\/i0.wp.com\/www.tvnovelas.com.br\/tvnews\/wp-content\/uploads\/2025\/08\/11731.jpg?resize=800%2C405&amp;ssl=1 800w, https:\/\/i0.wp.com\/www.tvnovelas.com.br\/tvnews\/wp-content\/uploads\/2025\/08\/11731.jpg?resize=250%2C127&amp;ssl=1 250w, https:\/\/i0.wp.com\/www.tvnovelas.com.br\/tvnews\/wp-content\/uploads\/2025\/08\/11731.jpg?resize=768%2C389&amp;ssl=1 768w, https:\/\/i0.wp.com\/www.tvnovelas.com.br\/tvnews\/wp-content\/uploads\/2025\/08\/11731.jpg?resize=760%2C385&amp;ssl=1 760w, https:\/\/i0.wp.com\/www.tvnovelas.com.br\/tvnews\/wp-content\/uploads\/2025\/08\/11731.jpg?w=871&amp;ssl=1 871w\" sizes=\"(max-width: 800px) 100vw, 800px\" \/><figcaption id=\"caption-attachment-80505\" class=\"wp-caption-text\">As Filhas da Senhora Garcia: Priscila agride Val\u00e9ria e amea\u00e7a Artur<\/figcaption><\/figure><br \/>\n(Foto: Televisa\/SBT\/As Filhas da Senhora Garcia)<br \/>\nNo cap\u00edtulo de As Filhas da Senhora Garcia desta sexta, dia 08, Priscila diz a Val\u00e9ria que n\u00e3o ir\u00e1 embora at\u00e9 que ela entenda que Artur a ama, que Val\u00e9ria nem \u00e9 t\u00e3o bonita para ser o rosto da campanha, e a golpeia na cabe\u00e7a, deixando-a inconsciente. <\/p>\n<p>Artur chega \u00e0 casa de Val\u00e9ria no momento em que Priscila tenta incendiar a casa com Val\u00e9ria dentro. Artur deixa claro que est\u00e1 apaixonado por Val\u00e9ria, e Priscila o amea\u00e7a dizendo que far\u00e1 da vida dele um inferno.<\/p>\n<p>Confira o resumo do cap\u00edtulo de hoje:<\/p>\n<h2 style=\"color: #3E5F44;\">Resumo de sexta-feira, 08 de agosto<\/h2>\n<p>Priscila diz a Val\u00e9ria que n\u00e3o ir\u00e1 embora at\u00e9 que ela entenda que Artur a ama, que Val\u00e9ria nem \u00e9 t\u00e3o bonita para ser o rosto da campanha, e a golpeia na cabe\u00e7a, deixando-a inconsciente. Susana diz a Mar que j\u00e1 t\u00eam um advogado que tirar\u00e1 Juan da pris\u00e3o, mas que ela n\u00e3o voltar\u00e1 a v\u00ea-lo, pois j\u00e1 causou muitos problemas. Mar responde que ela e Juan precisam ficar juntos, e Susana retruca que isso jamais acontecer\u00e1, que Juan j\u00e1 entendeu que precisa esquec\u00ea-la. Artur chega \u00e0 casa de Val\u00e9ria no momento em que Priscila tenta incendiar a casa com Val\u00e9ria dentro. Artur deixa claro que est\u00e1 apaixonado por Val\u00e9ria, e Priscila o amea\u00e7a dizendo que far\u00e1 da vida dele um inferno. O executivo diz a Nicol\u00e1s que Artur apresentou Val\u00e9ria no hospital como sua namorada, e isso est\u00e1 repercutindo negativamente na imagem do projeto.<\/p>\n<p>Of\u00e9lia coloca fogo em sua casa, que havia sido encharcada com aguarr\u00e1s por Priscila. Lu\u00eds encontra Leonardo e Nicol\u00e1s brigando, e os adverte que, se n\u00e3o souberem trabalhar como irm\u00e3os, ser\u00e3o demitidos. Val\u00e9ria chora ao ver sua casa reduzida a cinzas. Artur oferece abrigo a Of\u00e9lia e suas filhas em sua casa. Val\u00e9ria n\u00e3o aceita, mas Artur insiste dizendo que \u00e9 s\u00f3 por uma noite. O doutor Hern\u00e1ndez diz a Lu\u00eds que ele precisa reduzir o estresse, pois corre risco de sofrer um infarto. Camila diz a Nicol\u00e1s que est\u00e1 ajudando um amigo a sair da cadeia porque ele \u00e9 inocente.<\/p>\n<p>Artur diz a Lu\u00eds que, desde que apareceu na vida de Val\u00e9ria, s\u00f3 desgra\u00e7as t\u00eam acontecido. Artur diz a Francisco que sua filha atacou Val\u00e9ria e estava disposta a mat\u00e1-la, e que ela precisa ser levada a um especialista. Of\u00e9lia se surpreende quando Mar revela que est\u00e1 gr\u00e1vida.  Of\u00e9lia diz a Mar que ela era sua \u00fanica esperan\u00e7a de sair da pobreza, e que agora o que as espera \u2014 a ela e ao beb\u00ea \u2014 \u00e9 mis\u00e9ria e sofrimento. Mar responde que ela est\u00e1 a machucando. Val\u00e9ria conta a Nicol\u00e1s que Priscila foi at\u00e9 sua casa, a agrediu, a amorda\u00e7ou e espalhou gasolina, o que resultou no inc\u00eandio da casa. Nicol\u00e1s afirma que Priscila est\u00e1 louca. Of\u00e9lia insiste com Mar que o beb\u00ea s\u00f3 vai afund\u00e1-las ainda mais na pobreza. Nicol\u00e1s diz a Val\u00e9ria que \u00e9 urgente come\u00e7arem a trabalhar imediatamente. Priscila tenta seduzir Artur, e como ele a rejeita, furiosa, tenta atingi-lo com um copo. O copo se quebra e ela se corta, ent\u00e3o Artur a leva ao hospital.<br \/>\n<!--FIM--><\/p>\n<div style=\"font-size: 120%;\">\n<h3>Confira tamb\u00e9m<\/h3>\r\n<a href=\"https:\/\/tvnovelas.com.br\/novelas\/\" rel=\"noopener\" target=\"_blank\"><strong>Todos os resumos de novelas<\/strong><\/a><\/br>\r\n<a href=\"https:\/\/www.tvnovelas.com.br\/tvnews\/\" rel=\"noopener\" target=\"_blank\"><strong>\u00daltimas not\u00edcias das novelas<\/strong><\/a><\/br>\r\n<a href=\"https:\/\/www.tvnovelas.com.br\/filmes\/\" target=\"_blank\" rel=\"noopener noreferrer\"><strong>Programa\u00e7\u00e3o de filmes na TV aberta<\/strong><\/a><\/br>\r\n<a href=\"https:\/\/caetenews.com.br\/semana\/filmes-da-globo-na-sessao-da-tarde-desta-semana\/\" target=\"_blank\" rel=\"noopener\"><strong>Confira os filmes da semana na Sess\u00e3o da Tarde<\/strong><\/a><\/br>\r\n<a href=\"https:\/\/classindportal.mj.gov.br\/consulta-filmes\" target=\"_blank\" rel=\"noopener\"><strong>Consulte a classifica\u00e7\u00e3o indicativa dos filmes e novelas<\/strong><\/a><\/br>\n<\/div>\n","protected":false},"excerpt":{"rendered":"<p>As Filhas da Senhora Garcia: Priscila agride Val\u00e9ria e amea\u00e7a Artur&#8230;. No cap\u00edtulo de As Filhas da Senhora Garcia desta sexta, dia 08, Priscila diz a Val\u00e9ria que n\u00e3o&#8230;<\/p>\n","protected":false},"author":1,"featured_media":80505,"comment_status":"closed","ping_status":"closed","sticky":false,"template":"","format":"standard","meta":{"_uf_show_specific_survey":0,"_uf_disable_surveys":false,"_jetpack_memberships_contains_paid_content":false,"footnotes":"","_wp_rev_ctl_limit":""},"categories":[930],"tags":[931,64,13],"class_list":["post-80504","post","type-post","status-publish","format-standard","has-post-thumbnail","hentry","category-as-filhas-da-senhora-garcia","tag-as-filhas-da-senhora-garcia","tag-novelas","tag-sbt","wpcat-930-id"],"aioseo_notices":[],"jetpack_featured_media_url":"https:\/\/i0.wp.com\/www.tvnovelas.com.br\/tvnews\/wp-content\/uploads\/2025\/08\/11731.jpg?fit=871%2C441&ssl=1","jetpack_shortlink":"https:\/\/wp.me\/pdP2BO-kWs","jetpack_sharing_enabled":true,"_links":{"self":[{"href":"https:\/\/www.tvnovelas.com.br\/tvnews\/wp-json\/wp\/v2\/posts\/80504","targetHints":{"allow":["GET"]}}],"collection":[{"href":"https:\/\/www.tvnovelas.com.br\/tvnews\/wp-json\/wp\/v2\/posts"}],"about":[{"href":"https:\/\/www.tvnovelas.com.br\/tvnews\/wp-json\/wp\/v2\/types\/post"}],"author":[{"embeddable":true,"href":"https:\/\/www.tvnovelas.com.br\/tvnews\/wp-json\/wp\/v2\/users\/1"}],"replies":[{"embeddable":true,"href":"https:\/\/www.tvnovelas.com.br\/tvnews\/wp-json\/wp\/v2\/comments?post=80504"}],"version-history":[{"count":1,"href":"https:\/\/www.tvnovelas.com.br\/tvnews\/wp-json\/wp\/v2\/posts\/80504\/revisions"}],"predecessor-version":[{"id":80506,"href":"https:\/\/www.tvnovelas.com.br\/tvnews\/wp-json\/wp\/v2\/posts\/80504\/revisions\/80506"}],"wp:featuredmedia":[{"embeddable":true,"href":"https:\/\/www.tvnovelas.com.br\/tvnews\/wp-json\/wp\/v2\/media\/80505"}],"wp:attachment":[{"href":"https:\/\/www.tvnovelas.com.br\/tvnews\/wp-json\/wp\/v2\/media?parent=80504"}],"wp:term":[{"taxonomy":"category","embeddable":true,"href":"https:\/\/www.tvnovelas.com.br\/tvnews\/wp-json\/wp\/v2\/categories?post=80504"},{"taxonomy":"post_tag","embeddable":true,"href":"https:\/\/www.tvnovelas.com.br\/tvnews\/wp-json\/wp\/v2\/tags?post=80504"}],"curies":[{"name":"wp","href":"https:\/\/api.w.org\/{rel}","templated":true}]}}