{"id":80519,"date":"2025-08-09T08:00:35","date_gmt":"2025-08-09T11:00:35","guid":{"rendered":"https:\/\/www.tvnovelas.com.br\/tvnews\/?p=80519"},"modified":"2025-08-09T08:00:35","modified_gmt":"2025-08-09T11:00:35","slug":"eta-mundo-melhor-clovis-interrompe-encontro-de-dita-e-candinho","status":"publish","type":"post","link":"https:\/\/www.tvnovelas.com.br\/tvnews\/eta-mundo-melhor-clovis-interrompe-encontro-de-dita-e-candinho\/","title":{"rendered":"\u00cata Mundo Melhor!: Cl\u00f3vis interrompe encontro de Dita e Candinho"},"content":{"rendered":"<figure id=\"attachment_80520\" aria-describedby=\"caption-attachment-80520\" style=\"width: 728px\" class=\"wp-caption alignnone\"><img data-recalc-dims=\"1\" decoding=\"async\" class=\"wp-image-80520 size-full\" title=\"(Foto: TV Globo\/\u00cata Mundo Melhor!)\" src=\"https:\/\/i0.wp.com\/www.tvnovelas.com.br\/tvnews\/wp-content\/uploads\/2025\/08\/11733.jpg?resize=728%2C410&#038;ssl=1\" alt=\"Foto em \u00cata Mundo Melhor!: Cl\u00f3vis interrompe encontro de Dita e Candinho\" width=\"728\" height=\"410\" srcset=\"https:\/\/i0.wp.com\/www.tvnovelas.com.br\/tvnews\/wp-content\/uploads\/2025\/08\/11733.jpg?w=728&amp;ssl=1 728w, https:\/\/i0.wp.com\/www.tvnovelas.com.br\/tvnews\/wp-content\/uploads\/2025\/08\/11733.jpg?resize=250%2C141&amp;ssl=1 250w\" sizes=\"(max-width: 728px) 100vw, 728px\" \/><figcaption id=\"caption-attachment-80520\" class=\"wp-caption-text\">\u00cata Mundo Melhor!: Cl\u00f3vis interrompe encontro de Dita e Candinho<\/figcaption><\/figure>\n<p>Candinho (Sergio Guiz\u00e9) convidou Dita (Jeniffer Nascimento) para comer pipoca na pra\u00e7a. A cantora n\u00e3o resiste ao convite e se encontra com o seu flerte. Chegando l\u00e1, ele diz que os dois t\u00eam muitos gostos em comum e que, por isso, acredita em algo maior:<\/p>\n<p>&#8220;\u00c0s vezes eu fico at\u00e9 achando que n\u00f3s foi feito um pro outro.&#8221;<\/p>\n<p>Candinho garante que n\u00e3o sofre mais por Fil\u00f3 (D\u00e9bora Nascimento), afinal, ele s\u00f3 tem pensado em Dita.<\/p>\n<p>Enquanto os dois trocam elogios (e pipocas), Cl\u00f3vis (Dudu Azevedo) aparece na pens\u00e3o em busca da Dita. Dona Margarida (N\u00edvea Maria) conta que a cantora est\u00e1 na pra\u00e7a e o suposto f\u00e3 vai atr\u00e1s.<\/p>\n<p>Cl\u00f3vis interrompe bruscamente a conversa entre Dita e Candinho e, na maior cara de pau, entrega as flores que comprou. O dono da f\u00e1brica de biscoitos pergunta quem \u00e9 o homem, e o pr\u00f3prio responde:<\/p>\n<p>&#8220;Sou Cl\u00f3vis da Silva, o maior f\u00e3 da Dita Ribeiro. Essas flores s\u00e3o para voc\u00ea.&#8221;<\/p>\n<p>&#8220;Quer saber que voc\u00eas est\u00e3o com os namorico, Dita&#8221;, reage Candinho.&#8221;<\/p>\n<p>Pra piorar a situa\u00e7\u00e3o, Zulma (Heloisa P\u00e9riss\u00e9) tamb\u00e9m aparece pra botar mais lenha na fogueira. Com o retrato do Policarpo que ganhou de Candinho, ela diz:<\/p>\n<p>&#8220;Ainda bem que nos encontramos, parece que o destino quer mesmo nos ver juntos. [&#8230;] Veja s\u00f3 o que tenho, uma foto de Policarpo. E quem me deu foi o Candinho com todo carinho.&#8221;<\/p>\n<p>&#8220;Ara que sou eu qui n\u00e3o t\u00f4 gostando nada dessa prosa agora&#8221;, reclama Dita.<br \/>\n<!--FIM--><\/p>\n<h2>Sobre a novela:<\/h2>\n<p><a href=\"https:\/\/tvnovelas.com.br\/page2\/arquivo\/eta-mundo-melhor-a-volta-de-candinho-e-policarpo\/&quot;\" target=\"_blank\" rel=\"noopener\">\u00cata Mundo Melhor!: A volta de Candinho e Policarpo<\/a> (Sinopse)<br \/>\n<a href=\"https:\/\/pt.wikipedia.org\/wiki\/%C3%8Ata_Mundo_Melhor!\" target=\"_blank\" rel=\"noopener\">Sobre \u00cata Mundo Melhor!, na Wikipedia<\/a><\/p>\n<div style=\"font-size: 120%;\"><h3>Confira tamb\u00e9m<\/h3>\r\n<a href=\"https:\/\/tvnovelas.com.br\/novelas\/\" rel=\"noopener\" target=\"_blank\"><strong>Todos os resumos de novelas<\/strong><\/a><\/br>\r\n<a href=\"https:\/\/www.tvnovelas.com.br\/tvnews\/\" rel=\"noopener\" target=\"_blank\"><strong>\u00daltimas not\u00edcias das novelas<\/strong><\/a><\/br>\r\n<a href=\"https:\/\/www.tvnovelas.com.br\/filmes\/\" target=\"_blank\" rel=\"noopener noreferrer\"><strong>Programa\u00e7\u00e3o de filmes na TV aberta<\/strong><\/a><\/br>\r\n<a href=\"https:\/\/caetenews.com.br\/semana\/filmes-da-globo-na-sessao-da-tarde-desta-semana\/\" target=\"_blank\" rel=\"noopener\"><strong>Confira os filmes da semana na Sess\u00e3o da Tarde<\/strong><\/a><\/br>\r\n<a href=\"https:\/\/classindportal.mj.gov.br\/consulta-filmes\" target=\"_blank\" rel=\"noopener\"><strong>Consulte a classifica\u00e7\u00e3o indicativa dos filmes e novelas<\/strong><\/a><\/br><\/div>\n","protected":false},"excerpt":{"rendered":"<p>\u00cata Mundo Melhor!: Cl\u00f3vis interrompe encontro de Dita e Candinho&#8230; Candinho (Sergio Guiz\u00e9) convidou Dita (Jeniffer Nascimento) para comer pipoca&#8230;<\/p>\n","protected":false},"author":1,"featured_media":80520,"comment_status":"closed","ping_status":"closed","sticky":false,"template":"","format":"standard","meta":{"_uf_show_specific_survey":0,"_uf_disable_surveys":false,"_jetpack_memberships_contains_paid_content":false,"footnotes":"","_wp_rev_ctl_limit":""},"categories":[920],"tags":[921,5,64],"class_list":["post-80519","post","type-post","status-publish","format-standard","has-post-thumbnail","hentry","category-eta-mundo-melhor","tag-eta-mundo-melhor","tag-globo","tag-novelas","wpcat-920-id"],"aioseo_notices":[],"jetpack_featured_media_url":"https:\/\/i0.wp.com\/www.tvnovelas.com.br\/tvnews\/wp-content\/uploads\/2025\/08\/11733.jpg?fit=728%2C410&ssl=1","jetpack_shortlink":"https:\/\/wp.me\/pdP2BO-kWH","jetpack_sharing_enabled":true,"_links":{"self":[{"href":"https:\/\/www.tvnovelas.com.br\/tvnews\/wp-json\/wp\/v2\/posts\/80519","targetHints":{"allow":["GET"]}}],"collection":[{"href":"https:\/\/www.tvnovelas.com.br\/tvnews\/wp-json\/wp\/v2\/posts"}],"about":[{"href":"https:\/\/www.tvnovelas.com.br\/tvnews\/wp-json\/wp\/v2\/types\/post"}],"author":[{"embeddable":true,"href":"https:\/\/www.tvnovelas.com.br\/tvnews\/wp-json\/wp\/v2\/users\/1"}],"replies":[{"embeddable":true,"href":"https:\/\/www.tvnovelas.com.br\/tvnews\/wp-json\/wp\/v2\/comments?post=80519"}],"version-history":[{"count":1,"href":"https:\/\/www.tvnovelas.com.br\/tvnews\/wp-json\/wp\/v2\/posts\/80519\/revisions"}],"predecessor-version":[{"id":80521,"href":"https:\/\/www.tvnovelas.com.br\/tvnews\/wp-json\/wp\/v2\/posts\/80519\/revisions\/80521"}],"wp:featuredmedia":[{"embeddable":true,"href":"https:\/\/www.tvnovelas.com.br\/tvnews\/wp-json\/wp\/v2\/media\/80520"}],"wp:attachment":[{"href":"https:\/\/www.tvnovelas.com.br\/tvnews\/wp-json\/wp\/v2\/media?parent=80519"}],"wp:term":[{"taxonomy":"category","embeddable":true,"href":"https:\/\/www.tvnovelas.com.br\/tvnews\/wp-json\/wp\/v2\/categories?post=80519"},{"taxonomy":"post_tag","embeddable":true,"href":"https:\/\/www.tvnovelas.com.br\/tvnews\/wp-json\/wp\/v2\/tags?post=80519"}],"curies":[{"name":"wp","href":"https:\/\/api.w.org\/{rel}","templated":true}]}}