{"id":80523,"date":"2025-08-09T08:18:44","date_gmt":"2025-08-09T11:18:44","guid":{"rendered":"https:\/\/www.tvnovelas.com.br\/tvnews\/?p=80523"},"modified":"2025-08-09T08:18:44","modified_gmt":"2025-08-09T11:18:44","slug":"dona-de-mim-katinha-diz-que-perdeu-o-bebe","status":"publish","type":"post","link":"https:\/\/www.tvnovelas.com.br\/tvnews\/dona-de-mim-katinha-diz-que-perdeu-o-bebe\/","title":{"rendered":"Dona de Mim: Katinha diz que perdeu o beb\u00ea"},"content":{"rendered":"<figure id=\"attachment_80524\" aria-describedby=\"caption-attachment-80524\" style=\"width: 728px\" class=\"wp-caption alignnone\"><img data-recalc-dims=\"1\" decoding=\"async\" class=\"wp-image-80524 size-full\" title=\"(Foto: TV Globo\/Dona de Mim)\" src=\"https:\/\/i0.wp.com\/www.tvnovelas.com.br\/tvnews\/wp-content\/uploads\/2025\/08\/11734.jpg?resize=728%2C410&#038;ssl=1\" alt=\"Foto em Dona de Mim: Katinha diz que perdeu o beb\u00ea\" width=\"728\" height=\"410\" srcset=\"https:\/\/i0.wp.com\/www.tvnovelas.com.br\/tvnews\/wp-content\/uploads\/2025\/08\/11734.jpg?w=728&amp;ssl=1 728w, https:\/\/i0.wp.com\/www.tvnovelas.com.br\/tvnews\/wp-content\/uploads\/2025\/08\/11734.jpg?resize=250%2C141&amp;ssl=1 250w\" sizes=\"(max-width: 728px) 100vw, 728px\" \/><figcaption id=\"caption-attachment-80524\" class=\"wp-caption-text\">Dona de Mim: Katinha diz que perdeu o beb\u00ea<\/figcaption><\/figure>\n<p>Em Dona de Mim, Katinha (Lenita Oliver) vai decidir acabar com a farsa da gravidez, mas vai continuar mentindo. A modelo dir\u00e1 a Samuel (Juan Paiva) que perdeu o beb\u00ea. O herdeiro da Boaz ficar\u00e1 arrasado e vai cair no choro. Depois, Leona (Clara Moneke), que conhece bem a dor de perder um filho, ir\u00e1 se solidarizar com Katinha.<\/p>\n<p>Katinha ir\u00e1 at\u00e9 a mans\u00e3o e pedir\u00e1 uma conversa urgente no quarto de Samuel.<\/p>\n<p>\u201cEnt\u00e3o, tudo foi meio do nada, n\u00e9? Uma hora eu estava trabalhando normal, a\u00ed veio essa hist\u00f3ria de gravidez e voc\u00ea quis apostar numa fam\u00edlia, a gente foi ficando junto e eu realmente n\u00e3o esperava gostar tanto voc\u00ea\u201d, enrola ela.<\/p>\n<p>\u201cPode falar o que quiser pra mim. N\u00e3o precisa ter medo. A gente est\u00e1 junto nessa\u201d, diz Samuel.<br \/>\nE, ent\u00e3o, Katinha soltar\u00e1 a bomba.<\/p>\n<p>\u201cEu&#8230; perdi o beb\u00ea.<\/p>\n<p>Katinha seguir\u00e1 friamente, uma vez que toda a hist\u00f3ria \u00e9 inventada, e Samuel ficar\u00e1 arrasado e n\u00e3o conseguir\u00e1 conter as l\u00e1grimas.<\/p>\n<p>\u201cDeve ser mais triste perder com mais tempo\u201d, diz ela.<\/p>\n<p>\u201cE os planos? Os sonhos? N\u00e3o \u00e9 s\u00f3 um beb\u00ea que a gente perde, \u00e9 toda a promessa de futuro que vem com ele. No meio de tanta tristeza que a gente est\u00e1 vivendo nessa casa, pensar nesse beb\u00ea era minha alegria. Eu j\u00e1 estava ansioso pela pr\u00f3xima ultra, quem sabe a gente descobria o g\u00eanero? A\u00ed podia pensar em nomes, procurar um lugar pra gente&#8230;\u201d, lamenta ele.<\/p>\n<p>Depois, os dois descer\u00e3o as escadas juntos e dar\u00e3o a not\u00edcia da perda para a fam\u00edlia.<\/p>\n<p>\u201cN\u00e3o tem jeito leve de dar essa not\u00edcia. N\u00f3s perdemos nosso beb\u00ea\u201d, diz Samuel.<\/p>\n<p>Leona, que estar\u00e1 por ali, deixar\u00e1 a rivalidade de lado e ir\u00e1 se solidarizar com Katinha.<\/p>\n<p>\u201cOlha, Katinha, eu queria dizer que eu conhe\u00e7o bem essa dor. Eu sei o que \u00e9 ver tudo desmoronando na sua frente. Do vazio que fica no seu corpo. Acho que \u00e9 uma dor que passa a fazer parte da gente. Sei que eu impliquei um pouco com voc\u00ea, mas pode realmente contar comigo\u201d, diz a bab\u00e1.<\/p>\n<p>Katinha sair\u00e1 dali, aflita e sem jeito pela mentira.<br \/>\n<!--FIM--><br \/>\n<strong>Sobre a novela<\/strong><br \/>\n<a href=\"https:\/\/wp.me\/pfspD2-UO\" target=\"_blank\" rel=\"noopener\">Dona de Mim: A trama da novela<\/a><br \/>\n<a href=\"https:\/\/wp.me\/pfspD2-UG\" target=\"_blank\" rel=\"noopener\">Dona de Mim: A fam\u00edlia Boaz e seu imp\u00e9rio de lingerie<\/a><\/p>\n<div style=\"font-size: 120%;\"><h3>Confira tamb\u00e9m<\/h3>\r\n<a href=\"https:\/\/tvnovelas.com.br\/novelas\/\" rel=\"noopener\" target=\"_blank\"><strong>Todos os resumos de novelas<\/strong><\/a><\/br>\r\n<a href=\"https:\/\/www.tvnovelas.com.br\/tvnews\/\" rel=\"noopener\" target=\"_blank\"><strong>\u00daltimas not\u00edcias das novelas<\/strong><\/a><\/br>\r\n<a href=\"https:\/\/www.tvnovelas.com.br\/filmes\/\" target=\"_blank\" rel=\"noopener noreferrer\"><strong>Programa\u00e7\u00e3o de filmes na TV aberta<\/strong><\/a><\/br>\r\n<a href=\"https:\/\/caetenews.com.br\/semana\/filmes-da-globo-na-sessao-da-tarde-desta-semana\/\" target=\"_blank\" rel=\"noopener\"><strong>Confira os filmes da semana na Sess\u00e3o da Tarde<\/strong><\/a><\/br>\r\n<a href=\"https:\/\/classindportal.mj.gov.br\/consulta-filmes\" target=\"_blank\" rel=\"noopener\"><strong>Consulte a classifica\u00e7\u00e3o indicativa dos filmes e novelas<\/strong><\/a><\/br><\/div>\n","protected":false},"excerpt":{"rendered":"<p>Dona de Mim: Katinha diz que perdeu o beb\u00ea&#8230; Em Dona de Mim, Katinha (Lenita Oliver) vai decidir acabar com a farsa da gravidez, mas vai continuar&#8230; <\/p>\n","protected":false},"author":1,"featured_media":80524,"comment_status":"closed","ping_status":"closed","sticky":false,"template":"","format":"standard","meta":{"_uf_show_specific_survey":0,"_uf_disable_surveys":false,"_jetpack_memberships_contains_paid_content":false,"footnotes":"","_wp_rev_ctl_limit":""},"categories":[884],"tags":[883,5,64],"class_list":["post-80523","post","type-post","status-publish","format-standard","has-post-thumbnail","hentry","category-dona-de-mim","tag-dona-de-mim","tag-globo","tag-novelas","wpcat-884-id"],"aioseo_notices":[],"jetpack_featured_media_url":"https:\/\/i0.wp.com\/www.tvnovelas.com.br\/tvnews\/wp-content\/uploads\/2025\/08\/11734.jpg?fit=728%2C410&ssl=1","jetpack_shortlink":"https:\/\/wp.me\/pdP2BO-kWL","jetpack_sharing_enabled":true,"_links":{"self":[{"href":"https:\/\/www.tvnovelas.com.br\/tvnews\/wp-json\/wp\/v2\/posts\/80523","targetHints":{"allow":["GET"]}}],"collection":[{"href":"https:\/\/www.tvnovelas.com.br\/tvnews\/wp-json\/wp\/v2\/posts"}],"about":[{"href":"https:\/\/www.tvnovelas.com.br\/tvnews\/wp-json\/wp\/v2\/types\/post"}],"author":[{"embeddable":true,"href":"https:\/\/www.tvnovelas.com.br\/tvnews\/wp-json\/wp\/v2\/users\/1"}],"replies":[{"embeddable":true,"href":"https:\/\/www.tvnovelas.com.br\/tvnews\/wp-json\/wp\/v2\/comments?post=80523"}],"version-history":[{"count":1,"href":"https:\/\/www.tvnovelas.com.br\/tvnews\/wp-json\/wp\/v2\/posts\/80523\/revisions"}],"predecessor-version":[{"id":80525,"href":"https:\/\/www.tvnovelas.com.br\/tvnews\/wp-json\/wp\/v2\/posts\/80523\/revisions\/80525"}],"wp:featuredmedia":[{"embeddable":true,"href":"https:\/\/www.tvnovelas.com.br\/tvnews\/wp-json\/wp\/v2\/media\/80524"}],"wp:attachment":[{"href":"https:\/\/www.tvnovelas.com.br\/tvnews\/wp-json\/wp\/v2\/media?parent=80523"}],"wp:term":[{"taxonomy":"category","embeddable":true,"href":"https:\/\/www.tvnovelas.com.br\/tvnews\/wp-json\/wp\/v2\/categories?post=80523"},{"taxonomy":"post_tag","embeddable":true,"href":"https:\/\/www.tvnovelas.com.br\/tvnews\/wp-json\/wp\/v2\/tags?post=80523"}],"curies":[{"name":"wp","href":"https:\/\/api.w.org\/{rel}","templated":true}]}}