{"id":80529,"date":"2025-08-09T08:49:04","date_gmt":"2025-08-09T11:49:04","guid":{"rendered":"https:\/\/www.tvnovelas.com.br\/tvnews\/?p=80529"},"modified":"2025-08-09T08:49:04","modified_gmt":"2025-08-09T11:49:04","slug":"vale-tudo-ivan-e-raquel-tem-encontro-com-heleninha","status":"publish","type":"post","link":"https:\/\/www.tvnovelas.com.br\/tvnews\/vale-tudo-ivan-e-raquel-tem-encontro-com-heleninha\/","title":{"rendered":"Vale Tudo: Ivan e Raquel t\u00eam encontro com Heleninha"},"content":{"rendered":"<figure id=\"attachment_80530\" aria-describedby=\"caption-attachment-80530\" style=\"width: 726px\" class=\"wp-caption alignnone\"><img data-recalc-dims=\"1\" decoding=\"async\" class=\"wp-image-80530 size-full\" title=\"(Foto: TV Globo\/Vale Tudo)\" src=\"https:\/\/i0.wp.com\/www.tvnovelas.com.br\/tvnews\/wp-content\/uploads\/2025\/08\/11735.jpg?resize=726%2C410&#038;ssl=1\" alt=\"Foto em Vale Tudo: Ivan e Raquel t\u00eam encontro com Heleninha\" width=\"726\" height=\"410\" srcset=\"https:\/\/i0.wp.com\/www.tvnovelas.com.br\/tvnews\/wp-content\/uploads\/2025\/08\/11735.jpg?w=726&amp;ssl=1 726w, https:\/\/i0.wp.com\/www.tvnovelas.com.br\/tvnews\/wp-content\/uploads\/2025\/08\/11735.jpg?resize=250%2C141&amp;ssl=1 250w\" sizes=\"(max-width: 726px) 100vw, 726px\" \/><figcaption id=\"caption-attachment-80530\" class=\"wp-caption-text\">Vale Tudo: Ivan e Raquel t\u00eam encontro com Heleninha<\/figcaption><\/figure>\n<p>Em Vale Tudo, Ivan (Renato G\u00f3es) e Raquel (Ta\u00eds Araujo) planejam uma viagem rom\u00e2ntica. Em outro n\u00facleo, tia Celina (Malu Galli) consegue convencer Heleninha (Paolla Oliveira) a passar um final de semana fora. O destino dos quatro ser\u00e1 o mesmo: a pousada de Cec\u00edlia (Maeve Jinkings) e La\u00eds (Lorena Lima) em Paraty! E \u00e9 claro que tudo pode ficar pior.<\/p>\n<p>\u201cPor mim, a gente n\u00e3o precisa nem sair do quarto. Paraty est\u00e1 visto\u201d, diz Ivan.<br \/>\n(Ah se ele soubesse o quanto seria melhor mesmo&#8230;)<\/p>\n<p>Enquanto o casal transa no quarto da pousada, La\u00eds e Cec\u00edlia s\u00e3o surpreendidas por Heleninha e tia Celina, que surgem do nada.<\/p>\n<p>\u201cA gente nem quis incomodar avisando que vinha. Qualquer coisa, se n\u00e3o tiver quarto a gente fica em outra pousada\u201d, diz Heleninha.]<\/p>\n<p>Cec\u00edlia e La\u00eds conseguem alertar Celina da situa\u00e7\u00e3o, mas n\u00e3o haver\u00e1 tempo h\u00e1bil para evitar o fat\u00eddico encontro.<\/p>\n<p>Raquel e Ivan descem para a recep\u00e7\u00e3o famintos, quando d\u00e3o de cara com Heleninha.<\/p>\n<p>\u201cHeleninha, a gente nunca poderia imaginar que&#8230;\u201d, Ivan tenta se explicar.<\/p>\n<p>\u201cMeu bem, a gente deveria ter avisado. Foi uma p\u00e9ssima ideia ter vindo de surpresa\u201d, diz Celina.<\/p>\n<p>\u201cClaro. A errada sou eu de ter sa\u00eddo do meu quarto. Vamos embora, tia Celina\u201d, fala Heleninha.<br \/>\n<!--FIM--><br \/>\n<strong>Sobre a novela<\/strong><br \/>\n<a href=\"https:\/\/wp.me\/pfspD2-U7\" target=\"_blank\" rel=\"noopener\">Vale Tudo: Conflitos de princ\u00edpios e valores (Sinopse)<\/a><\/p>\n<p><a href=\"https:\/\/wp.me\/pfspD2-oI\" target=\"_blank\" rel=\"noopener\">Vale Tudo: Invers\u00e3o de valores no final dos anos 1980<\/a> (Sinopse)<\/p>\n<div style=\"font-size: 120%;\"><h3>Confira tamb\u00e9m<\/h3>\r\n<a href=\"https:\/\/tvnovelas.com.br\/novelas\/\" rel=\"noopener\" target=\"_blank\"><strong>Todos os resumos de novelas<\/strong><\/a><\/br>\r\n<a href=\"https:\/\/www.tvnovelas.com.br\/tvnews\/\" rel=\"noopener\" target=\"_blank\"><strong>\u00daltimas not\u00edcias das novelas<\/strong><\/a><\/br>\r\n<a href=\"https:\/\/www.tvnovelas.com.br\/filmes\/\" target=\"_blank\" rel=\"noopener noreferrer\"><strong>Programa\u00e7\u00e3o de filmes na TV aberta<\/strong><\/a><\/br>\r\n<a href=\"https:\/\/caetenews.com.br\/semana\/filmes-da-globo-na-sessao-da-tarde-desta-semana\/\" target=\"_blank\" rel=\"noopener\"><strong>Confira os filmes da semana na Sess\u00e3o da Tarde<\/strong><\/a><\/br>\r\n<a href=\"https:\/\/classindportal.mj.gov.br\/consulta-filmes\" target=\"_blank\" rel=\"noopener\"><strong>Consulte a classifica\u00e7\u00e3o indicativa dos filmes e novelas<\/strong><\/a><\/br><br \/>\n&lt;\/div<\/div>\n","protected":false},"excerpt":{"rendered":"<p>Vale Tudo: Ivan e Raquel t\u00eam encontro com Heleninha&#8230; Em Vale Tudo, Ivan (Renato G\u00f3es) e Raquel (Ta\u00eds Araujo) planejam uma viagem rom\u00e2ntica&#8230;.<\/p>\n","protected":false},"author":1,"featured_media":80530,"comment_status":"closed","ping_status":"closed","sticky":false,"template":"","format":"standard","meta":{"_uf_show_specific_survey":0,"_uf_disable_surveys":false,"_jetpack_memberships_contains_paid_content":false,"footnotes":"","_wp_rev_ctl_limit":""},"categories":[871],"tags":[5,64,801],"class_list":["post-80529","post","type-post","status-publish","format-standard","has-post-thumbnail","hentry","category-vale-tudo","tag-globo","tag-novelas","tag-vale-tudo","wpcat-871-id"],"aioseo_notices":[],"jetpack_featured_media_url":"https:\/\/i0.wp.com\/www.tvnovelas.com.br\/tvnews\/wp-content\/uploads\/2025\/08\/11735.jpg?fit=726%2C410&ssl=1","jetpack_shortlink":"https:\/\/wp.me\/pdP2BO-kWR","jetpack_sharing_enabled":true,"_links":{"self":[{"href":"https:\/\/www.tvnovelas.com.br\/tvnews\/wp-json\/wp\/v2\/posts\/80529","targetHints":{"allow":["GET"]}}],"collection":[{"href":"https:\/\/www.tvnovelas.com.br\/tvnews\/wp-json\/wp\/v2\/posts"}],"about":[{"href":"https:\/\/www.tvnovelas.com.br\/tvnews\/wp-json\/wp\/v2\/types\/post"}],"author":[{"embeddable":true,"href":"https:\/\/www.tvnovelas.com.br\/tvnews\/wp-json\/wp\/v2\/users\/1"}],"replies":[{"embeddable":true,"href":"https:\/\/www.tvnovelas.com.br\/tvnews\/wp-json\/wp\/v2\/comments?post=80529"}],"version-history":[{"count":1,"href":"https:\/\/www.tvnovelas.com.br\/tvnews\/wp-json\/wp\/v2\/posts\/80529\/revisions"}],"predecessor-version":[{"id":80531,"href":"https:\/\/www.tvnovelas.com.br\/tvnews\/wp-json\/wp\/v2\/posts\/80529\/revisions\/80531"}],"wp:featuredmedia":[{"embeddable":true,"href":"https:\/\/www.tvnovelas.com.br\/tvnews\/wp-json\/wp\/v2\/media\/80530"}],"wp:attachment":[{"href":"https:\/\/www.tvnovelas.com.br\/tvnews\/wp-json\/wp\/v2\/media?parent=80529"}],"wp:term":[{"taxonomy":"category","embeddable":true,"href":"https:\/\/www.tvnovelas.com.br\/tvnews\/wp-json\/wp\/v2\/categories?post=80529"},{"taxonomy":"post_tag","embeddable":true,"href":"https:\/\/www.tvnovelas.com.br\/tvnews\/wp-json\/wp\/v2\/tags?post=80529"}],"curies":[{"name":"wp","href":"https:\/\/api.w.org\/{rel}","templated":true}]}}