{"id":80572,"date":"2025-08-11T11:46:19","date_gmt":"2025-08-11T14:46:19","guid":{"rendered":"https:\/\/www.tvnovelas.com.br\/tvnews\/?p=80572"},"modified":"2025-08-11T11:46:19","modified_gmt":"2025-08-11T14:46:19","slug":"o-rico-e-lazaro-nitocris-ordena-retorno-de-belsazar","status":"publish","type":"post","link":"https:\/\/www.tvnovelas.com.br\/tvnews\/o-rico-e-lazaro-nitocris-ordena-retorno-de-belsazar\/","title":{"rendered":"O Rico e L\u00e1zaro: Nitocris ordena retorno de Belsazar"},"content":{"rendered":"<figure id=\"attachment_80573\" aria-describedby=\"caption-attachment-80573\" style=\"width: 728px\" class=\"wp-caption alignnone\"><img data-recalc-dims=\"1\" decoding=\"async\" class=\"wp-image-80573 size-full\" title=\"(Foto TV Record\/ O Rico e L\u00e1zaro)\" src=\"https:\/\/i0.wp.com\/www.tvnovelas.com.br\/tvnews\/wp-content\/uploads\/2025\/08\/11743.jpg?resize=728%2C409&#038;ssl=1\" alt=\"Foto em O Rico e L\u00e1zaro: Nitocris ordena retorno de Belsazar\" width=\"728\" height=\"409\" srcset=\"https:\/\/i0.wp.com\/www.tvnovelas.com.br\/tvnews\/wp-content\/uploads\/2025\/08\/11743.jpg?w=728&amp;ssl=1 728w, https:\/\/i0.wp.com\/www.tvnovelas.com.br\/tvnews\/wp-content\/uploads\/2025\/08\/11743.jpg?resize=250%2C140&amp;ssl=1 250w\" sizes=\"(max-width: 728px) 100vw, 728px\" \/><figcaption id=\"caption-attachment-80573\" class=\"wp-caption-text\">O Rico e L\u00e1zaro: Nitocris ordena retorno de Belsazar<\/figcaption><\/figure>\n<p>No cap\u00edtulo de O Rico e L\u00e1zaro. desta segunda, dia 11, Nitocris, determinada e implac\u00e1vel, ordena o retorno imediato de Belsazar, movimentando as pe\u00e7as do jogo pol\u00edtico e familiar de forma estrat\u00e9gica.<\/p>\n<p>Al\u00e9m disso, a soberana assumiu para si a responsabilidade de decidir o futuro de Labash Marduk, colocando o jovem em uma situa\u00e7\u00e3o incerta e potencialmente perigosa. A decis\u00e3o promete impactar diretamente as alian\u00e7as e rivalidades j\u00e1 estabelecidas.<br \/>\n<h3>Confira tamb\u00e9m<\/h3>\r\n<a href=\"https:\/\/tvnovelas.com.br\/novelas\/\" rel=\"noopener\" target=\"_blank\"><strong>Todos os resumos de novelas<\/strong><\/a><\/br>\r\n<a href=\"https:\/\/www.tvnovelas.com.br\/tvnews\/\" rel=\"noopener\" target=\"_blank\"><strong>\u00daltimas not\u00edcias das novelas<\/strong><\/a><\/br>\r\n<a href=\"https:\/\/www.tvnovelas.com.br\/filmes\/\" target=\"_blank\" rel=\"noopener noreferrer\"><strong>Programa\u00e7\u00e3o de filmes na TV aberta<\/strong><\/a><\/br>\r\n<a href=\"https:\/\/caetenews.com.br\/semana\/filmes-da-globo-na-sessao-da-tarde-desta-semana\/\" target=\"_blank\" rel=\"noopener\"><strong>Confira os filmes da semana na Sess\u00e3o da Tarde<\/strong><\/a><\/br>\r\n<a href=\"https:\/\/classindportal.mj.gov.br\/consulta-filmes\" target=\"_blank\" rel=\"noopener\"><strong>Consulte a classifica\u00e7\u00e3o indicativa dos filmes e novelas<\/strong><\/a><\/br><\/p>\n","protected":false},"excerpt":{"rendered":"<p>O Rico e L\u00e1zaro: Nitocris ordena retorno de Belsazar&#8230; No cap\u00edtulo de O Rico e L\u00e1zaro. desta segunda, dia 11, Nitocris, determinada e implac\u00e1vel, ordena o retorno imediato&#8230;<\/p>\n","protected":false},"author":1,"featured_media":80573,"comment_status":"closed","ping_status":"closed","sticky":false,"template":"","format":"standard","meta":{"_uf_show_specific_survey":0,"_uf_disable_surveys":false,"_jetpack_memberships_contains_paid_content":false,"footnotes":"","_wp_rev_ctl_limit":""},"categories":[912],"tags":[956,955,64,52,14],"class_list":["post-80572","post","type-post","status-publish","format-standard","has-post-thumbnail","hentry","category-o-rico-e-lazaro","tag-belsazar","tag-nitocris","tag-novelas","tag-o-rico-e-lazaro","tag-record","wpcat-912-id"],"aioseo_notices":[],"jetpack_featured_media_url":"https:\/\/i0.wp.com\/www.tvnovelas.com.br\/tvnews\/wp-content\/uploads\/2025\/08\/11743.jpg?fit=728%2C409&ssl=1","jetpack_shortlink":"https:\/\/wp.me\/pdP2BO-kXy","jetpack_sharing_enabled":true,"_links":{"self":[{"href":"https:\/\/www.tvnovelas.com.br\/tvnews\/wp-json\/wp\/v2\/posts\/80572","targetHints":{"allow":["GET"]}}],"collection":[{"href":"https:\/\/www.tvnovelas.com.br\/tvnews\/wp-json\/wp\/v2\/posts"}],"about":[{"href":"https:\/\/www.tvnovelas.com.br\/tvnews\/wp-json\/wp\/v2\/types\/post"}],"author":[{"embeddable":true,"href":"https:\/\/www.tvnovelas.com.br\/tvnews\/wp-json\/wp\/v2\/users\/1"}],"replies":[{"embeddable":true,"href":"https:\/\/www.tvnovelas.com.br\/tvnews\/wp-json\/wp\/v2\/comments?post=80572"}],"version-history":[{"count":1,"href":"https:\/\/www.tvnovelas.com.br\/tvnews\/wp-json\/wp\/v2\/posts\/80572\/revisions"}],"predecessor-version":[{"id":80574,"href":"https:\/\/www.tvnovelas.com.br\/tvnews\/wp-json\/wp\/v2\/posts\/80572\/revisions\/80574"}],"wp:featuredmedia":[{"embeddable":true,"href":"https:\/\/www.tvnovelas.com.br\/tvnews\/wp-json\/wp\/v2\/media\/80573"}],"wp:attachment":[{"href":"https:\/\/www.tvnovelas.com.br\/tvnews\/wp-json\/wp\/v2\/media?parent=80572"}],"wp:term":[{"taxonomy":"category","embeddable":true,"href":"https:\/\/www.tvnovelas.com.br\/tvnews\/wp-json\/wp\/v2\/categories?post=80572"},{"taxonomy":"post_tag","embeddable":true,"href":"https:\/\/www.tvnovelas.com.br\/tvnews\/wp-json\/wp\/v2\/tags?post=80572"}],"curies":[{"name":"wp","href":"https:\/\/api.w.org\/{rel}","templated":true}]}}