{"id":80576,"date":"2025-08-11T14:49:01","date_gmt":"2025-08-11T17:49:01","guid":{"rendered":"https:\/\/www.tvnovelas.com.br\/tvnews\/?p=80576"},"modified":"2025-08-11T14:49:01","modified_gmt":"2025-08-11T17:49:01","slug":"paulo-o-apostolo-paulo-e-encurralado-em-jerusalem","status":"publish","type":"post","link":"https:\/\/www.tvnovelas.com.br\/tvnews\/paulo-o-apostolo-paulo-e-encurralado-em-jerusalem\/","title":{"rendered":"Paulo, O Ap\u00f3stolo: Paulo \u00e9 encurralado em Jerusal\u00e9m"},"content":{"rendered":"<figure id=\"attachment_80577\" aria-describedby=\"caption-attachment-80577\" style=\"width: 728px\" class=\"wp-caption alignnone\"><img data-recalc-dims=\"1\" decoding=\"async\" class=\"wp-image-80577 size-full\" title=\"(Foto TV Record\/ Paulo, O Ap\u00f3stolo)\" src=\"https:\/\/i0.wp.com\/www.tvnovelas.com.br\/tvnews\/wp-content\/uploads\/2025\/08\/11744.jpg?resize=728%2C410&#038;ssl=1\" alt=\"Foto em Paulo, O Ap\u00f3stolo: Paulo \u00e9 encurralado em Jerusal\u00e9m\" width=\"728\" height=\"410\" srcset=\"https:\/\/i0.wp.com\/www.tvnovelas.com.br\/tvnews\/wp-content\/uploads\/2025\/08\/11744.jpg?w=728&amp;ssl=1 728w, https:\/\/i0.wp.com\/www.tvnovelas.com.br\/tvnews\/wp-content\/uploads\/2025\/08\/11744.jpg?resize=250%2C141&amp;ssl=1 250w\" sizes=\"(max-width: 728px) 100vw, 728px\" \/><figcaption id=\"caption-attachment-80577\" class=\"wp-caption-text\">Paulo, O Ap\u00f3stolo: Paulo \u00e9 encurralado em Jerusal\u00e9m<\/figcaption><\/figure>\n<p>No cap\u00edtulo da novela Paulo, O Ap\u00f3stolo desta segunda, dia 11, Paulo (Murilo Cezar) \u00e9 encurralado pela guarda do templo em Jerusal\u00e9m, ap\u00f3s ser acusado de perturbar a ordem e pregar contra as tradi\u00e7\u00f5es locais.<\/p>\n<p>Em meio ao tumulto, ele tenta se defender e explicar sua miss\u00e3o, mas o clima hostil e a press\u00e3o das autoridades tornam a situa\u00e7\u00e3o cada vez mais perigosa, mas uma interven\u00e7\u00e3o inesperada deixa os \u00e2nimos \u00e0 flor da pele.<\/p>\n<p>A interven\u00e7\u00e3o inesperada vem de um grupo de soldados romanos que, percebendo o tumulto, invade o p\u00e1tio do templo para conter a confus\u00e3o. O comandante ordena que Paulo seja levado sob cust\u00f3dia para interrogat\u00f3rio, impedindo que a multid\u00e3o o ataque naquele momento.<\/p>\n<p>Ainda no cap\u00edtulo de hoje, nasce Elisa filha de Nero (Enzo Ciolini) e Acte (Juliana Xavier).<\/p>\n<p>Em Roma, Acte (Juliana Xavier) \u00e9 surpreendida com uma visita.<\/p>\n<p>Enquanto Paulo (Murilo Cezar) \u00e9 encurralado pela guarda do templo em Jerusal\u00e9m, uma interven\u00e7\u00e3o inesperada deixa os \u00e2nimos \u00e0 flor da pele.<\/p>\n<p><!--FIM--><\/p>\n<div style=\"font-size: 120%;\"><h3>Confira tamb\u00e9m<\/h3>\r\n<a href=\"https:\/\/tvnovelas.com.br\/novelas\/\" rel=\"noopener\" target=\"_blank\"><strong>Todos os resumos de novelas<\/strong><\/a><\/br>\r\n<a href=\"https:\/\/www.tvnovelas.com.br\/tvnews\/\" rel=\"noopener\" target=\"_blank\"><strong>\u00daltimas not\u00edcias das novelas<\/strong><\/a><\/br>\r\n<a href=\"https:\/\/www.tvnovelas.com.br\/filmes\/\" target=\"_blank\" rel=\"noopener noreferrer\"><strong>Programa\u00e7\u00e3o de filmes na TV aberta<\/strong><\/a><\/br>\r\n<a href=\"https:\/\/caetenews.com.br\/semana\/filmes-da-globo-na-sessao-da-tarde-desta-semana\/\" target=\"_blank\" rel=\"noopener\"><strong>Confira os filmes da semana na Sess\u00e3o da Tarde<\/strong><\/a><\/br>\r\n<a href=\"https:\/\/classindportal.mj.gov.br\/consulta-filmes\" target=\"_blank\" rel=\"noopener\"><strong>Consulte a classifica\u00e7\u00e3o indicativa dos filmes e novelas<\/strong><\/a><\/br><\/div>\n","protected":false},"excerpt":{"rendered":"<p>Paulo, O Ap\u00f3stolo: Paulo \u00e9 encurralado em Jerusal\u00e9m&#8230; No cap\u00edtulo da novela Paulo, O Ap\u00f3stolo desta segunda, dia 11, Paulo (Murilo Cezar) \u00e9 encurralado&#8230;<\/p>\n","protected":false},"author":1,"featured_media":80577,"comment_status":"closed","ping_status":"closed","sticky":false,"template":"","format":"standard","meta":{"_uf_show_specific_survey":0,"_uf_disable_surveys":false,"_jetpack_memberships_contains_paid_content":false,"footnotes":"","_wp_rev_ctl_limit":""},"categories":[925],"tags":[957,64,932,14],"class_list":["post-80576","post","type-post","status-publish","format-standard","has-post-thumbnail","hentry","category-paulo","tag-jerusalem","tag-novelas","tag-paulo-o-apostolo","tag-record","wpcat-925-id"],"aioseo_notices":[],"jetpack_featured_media_url":"https:\/\/i0.wp.com\/www.tvnovelas.com.br\/tvnews\/wp-content\/uploads\/2025\/08\/11744.jpg?fit=728%2C410&ssl=1","jetpack_shortlink":"https:\/\/wp.me\/pdP2BO-kXC","jetpack_sharing_enabled":true,"_links":{"self":[{"href":"https:\/\/www.tvnovelas.com.br\/tvnews\/wp-json\/wp\/v2\/posts\/80576","targetHints":{"allow":["GET"]}}],"collection":[{"href":"https:\/\/www.tvnovelas.com.br\/tvnews\/wp-json\/wp\/v2\/posts"}],"about":[{"href":"https:\/\/www.tvnovelas.com.br\/tvnews\/wp-json\/wp\/v2\/types\/post"}],"author":[{"embeddable":true,"href":"https:\/\/www.tvnovelas.com.br\/tvnews\/wp-json\/wp\/v2\/users\/1"}],"replies":[{"embeddable":true,"href":"https:\/\/www.tvnovelas.com.br\/tvnews\/wp-json\/wp\/v2\/comments?post=80576"}],"version-history":[{"count":1,"href":"https:\/\/www.tvnovelas.com.br\/tvnews\/wp-json\/wp\/v2\/posts\/80576\/revisions"}],"predecessor-version":[{"id":80578,"href":"https:\/\/www.tvnovelas.com.br\/tvnews\/wp-json\/wp\/v2\/posts\/80576\/revisions\/80578"}],"wp:featuredmedia":[{"embeddable":true,"href":"https:\/\/www.tvnovelas.com.br\/tvnews\/wp-json\/wp\/v2\/media\/80577"}],"wp:attachment":[{"href":"https:\/\/www.tvnovelas.com.br\/tvnews\/wp-json\/wp\/v2\/media?parent=80576"}],"wp:term":[{"taxonomy":"category","embeddable":true,"href":"https:\/\/www.tvnovelas.com.br\/tvnews\/wp-json\/wp\/v2\/categories?post=80576"},{"taxonomy":"post_tag","embeddable":true,"href":"https:\/\/www.tvnovelas.com.br\/tvnews\/wp-json\/wp\/v2\/tags?post=80576"}],"curies":[{"name":"wp","href":"https:\/\/api.w.org\/{rel}","templated":true}]}}