{"id":80587,"date":"2025-08-11T17:58:23","date_gmt":"2025-08-11T20:58:23","guid":{"rendered":"https:\/\/www.tvnovelas.com.br\/tvnews\/?p=80587"},"modified":"2025-08-11T17:58:23","modified_gmt":"2025-08-11T20:58:23","slug":"vale-tudo-celina-se-desespera-com-plano-de-odete-contra-raquel","status":"publish","type":"post","link":"https:\/\/www.tvnovelas.com.br\/tvnews\/vale-tudo-celina-se-desespera-com-plano-de-odete-contra-raquel\/","title":{"rendered":"Vale Tudo: Celina se desespera com plano de Odete contra Raquel"},"content":{"rendered":"<figure id=\"attachment_80599\" aria-describedby=\"caption-attachment-80599\" style=\"width: 728px\" class=\"wp-caption alignnone\"><img data-recalc-dims=\"1\" decoding=\"async\" class=\"wp-image-80599 size-full\" title=\"(Foto: TV Globo\/Vale Tudo)\" src=\"https:\/\/i0.wp.com\/www.tvnovelas.com.br\/tvnews\/wp-content\/uploads\/2025\/08\/11747.jpg?resize=728%2C410&#038;ssl=1\" alt=\"Foto em Vale Tudo: Celina se desespera com plano de Odete contra Raquel\" width=\"728\" height=\"410\" srcset=\"https:\/\/i0.wp.com\/www.tvnovelas.com.br\/tvnews\/wp-content\/uploads\/2025\/08\/11747.jpg?w=728&amp;ssl=1 728w, https:\/\/i0.wp.com\/www.tvnovelas.com.br\/tvnews\/wp-content\/uploads\/2025\/08\/11747.jpg?resize=250%2C141&amp;ssl=1 250w\" sizes=\"(max-width: 728px) 100vw, 728px\" \/><figcaption id=\"caption-attachment-80599\" class=\"wp-caption-text\">Vale Tudo: Celina se desespera com plano de Odete contra Raquel<\/figcaption><\/figure>\n<p>Em Vale Tudo, o humor de Odete (Debora Bloch) n\u00e3o poderia estar melhor, afinal ela est\u00e1 certa de que vai conseguir acabar com a reputa\u00e7\u00e3o de Raquel (Ta\u00eds Araujo). Para comemorar, a poderosa da TCA decide revelar a Celina (Malu Galli) o seu plano de envenenar a maionese da Paladar, sem nem imaginar que a irm\u00e3 \u00e9 uma aliada de Raquel.<\/p>\n<p>\u201cAh, Celina, meu bem. A vingan\u00e7a \u00e9 a melhor esta\u00e7\u00e3o do ano, com os dias mais lindos.\u201d<\/p>\n<p>Celina se surpreende quando ouve que Raquel vai se der mal e tenta descobrir mais sobre o plano de vingan\u00e7a da irm\u00e3.<\/p>\n<p>\u201cMas como voc\u00ea vai se vingar?\u201d<\/p>\n<p>\u201cAcabando com a \u00fanica coisa que uma pobre coitada como ela tem, que \u00e9 o nome. Afinal de contas, um restaurante que serve comida estragada n\u00e3o tem como continuar funcionando.\u201d<\/p>\n<p>\u201cA Raquel serviu comida estragada?\u201d<\/p>\n<p>\u201cVai servir, hoje. Eu organizei para acrescentar um temperinho na maionese dela. Ai, gente, s\u00f3 pobre para comer maionese!\u201d<\/p>\n<p>Celina fica apavorada com a possibilidade de que pessoas podem morrer com a maionese envenenada. Mas Odete n\u00e3o est\u00e1 nem um pouco preocupada.<\/p>\n<p>\u201cCelina, meu bem, essa mulher se infiltrou como fornecedora da minha empresa, roubou o marido da minha filha, foi extremamente insolente e desagrad\u00e1vel comigo, e eu que estou errada?! \u201c<\/p>\n<p>\u201cVai distribuir maionese com salmonela sim\u201d, garante ela, sem o menor remorso.<\/p>\n<p>Desesperada, Celina inventa uma desculpa para sair da mans\u00e3o.<\/p>\n<p>\u201cEu vou ter que dar uma saidinha agora, mas volto para o almo\u00e7o.\u201d<\/p>\n<p>Celina sai correndo em dire\u00e7\u00e3o a Paladar para alertar Raquel. A cidade est\u00e1 sem luz, o tr\u00e2nsito ca\u00f3tico. Ela sabe que \u00e9 uma corrida contra o tempo em que cada segundo perdido pode representar uma v\u00edtima do plano de sua irm\u00e3&#8230;<br \/>\n<!--FIM--><br \/>\n<strong>Sobre a novela<\/strong><br \/>\n<a href=\"https:\/\/wp.me\/pfspD2-U7\" target=\"_blank\" rel=\"noopener\">Vale Tudo: Conflitos de princ\u00edpios e valores (Sinopse)<\/a><\/p>\n<p><a href=\"https:\/\/wp.me\/pfspD2-oI\" target=\"_blank\" rel=\"noopener\">Vale Tudo: Invers\u00e3o de valores no final dos anos 1980<\/a> (Sinopse)<\/p>\n<div style=\"font-size: 120%;\"><h3>Confira tamb\u00e9m<\/h3>\r\n<a href=\"https:\/\/tvnovelas.com.br\/novelas\/\" rel=\"noopener\" target=\"_blank\"><strong>Todos os resumos de novelas<\/strong><\/a><\/br>\r\n<a href=\"https:\/\/www.tvnovelas.com.br\/tvnews\/\" rel=\"noopener\" target=\"_blank\"><strong>\u00daltimas not\u00edcias das novelas<\/strong><\/a><\/br>\r\n<a href=\"https:\/\/www.tvnovelas.com.br\/filmes\/\" target=\"_blank\" rel=\"noopener noreferrer\"><strong>Programa\u00e7\u00e3o de filmes na TV aberta<\/strong><\/a><\/br>\r\n<a href=\"https:\/\/caetenews.com.br\/semana\/filmes-da-globo-na-sessao-da-tarde-desta-semana\/\" target=\"_blank\" rel=\"noopener\"><strong>Confira os filmes da semana na Sess\u00e3o da Tarde<\/strong><\/a><\/br>\r\n<a href=\"https:\/\/classindportal.mj.gov.br\/consulta-filmes\" target=\"_blank\" rel=\"noopener\"><strong>Consulte a classifica\u00e7\u00e3o indicativa dos filmes e novelas<\/strong><\/a><\/br><br \/>\n&lt;\/div<\/div>\n","protected":false},"excerpt":{"rendered":"<p>Vale Tudo: Celina se desespera com plano de Odete contra Raquel&#8230; Em Vale Tudo, o humor de Odete (Debora Bloch) n\u00e3o poderia estar melhor, afinal ela est\u00e1&#8230;<\/p>\n","protected":false},"author":1,"featured_media":80599,"comment_status":"closed","ping_status":"closed","sticky":false,"template":"","format":"standard","meta":{"_uf_show_specific_survey":0,"_uf_disable_surveys":false,"_jetpack_memberships_contains_paid_content":false,"footnotes":"","_wp_rev_ctl_limit":""},"categories":[871],"tags":[5,64,801],"class_list":["post-80587","post","type-post","status-publish","format-standard","has-post-thumbnail","hentry","category-vale-tudo","tag-globo","tag-novelas","tag-vale-tudo","wpcat-871-id"],"aioseo_notices":[],"jetpack_featured_media_url":"https:\/\/i0.wp.com\/www.tvnovelas.com.br\/tvnews\/wp-content\/uploads\/2025\/08\/11747.jpg?fit=728%2C410&ssl=1","jetpack_shortlink":"https:\/\/wp.me\/pdP2BO-kXN","jetpack_sharing_enabled":true,"_links":{"self":[{"href":"https:\/\/www.tvnovelas.com.br\/tvnews\/wp-json\/wp\/v2\/posts\/80587","targetHints":{"allow":["GET"]}}],"collection":[{"href":"https:\/\/www.tvnovelas.com.br\/tvnews\/wp-json\/wp\/v2\/posts"}],"about":[{"href":"https:\/\/www.tvnovelas.com.br\/tvnews\/wp-json\/wp\/v2\/types\/post"}],"author":[{"embeddable":true,"href":"https:\/\/www.tvnovelas.com.br\/tvnews\/wp-json\/wp\/v2\/users\/1"}],"replies":[{"embeddable":true,"href":"https:\/\/www.tvnovelas.com.br\/tvnews\/wp-json\/wp\/v2\/comments?post=80587"}],"version-history":[{"count":2,"href":"https:\/\/www.tvnovelas.com.br\/tvnews\/wp-json\/wp\/v2\/posts\/80587\/revisions"}],"predecessor-version":[{"id":80600,"href":"https:\/\/www.tvnovelas.com.br\/tvnews\/wp-json\/wp\/v2\/posts\/80587\/revisions\/80600"}],"wp:featuredmedia":[{"embeddable":true,"href":"https:\/\/www.tvnovelas.com.br\/tvnews\/wp-json\/wp\/v2\/media\/80599"}],"wp:attachment":[{"href":"https:\/\/www.tvnovelas.com.br\/tvnews\/wp-json\/wp\/v2\/media?parent=80587"}],"wp:term":[{"taxonomy":"category","embeddable":true,"href":"https:\/\/www.tvnovelas.com.br\/tvnews\/wp-json\/wp\/v2\/categories?post=80587"},{"taxonomy":"post_tag","embeddable":true,"href":"https:\/\/www.tvnovelas.com.br\/tvnews\/wp-json\/wp\/v2\/tags?post=80587"}],"curies":[{"name":"wp","href":"https:\/\/api.w.org\/{rel}","templated":true}]}}