{"id":80592,"date":"2025-08-11T16:23:23","date_gmt":"2025-08-11T19:23:23","guid":{"rendered":"https:\/\/www.tvnovelas.com.br\/tvnews\/?p=80592"},"modified":"2025-08-11T16:55:49","modified_gmt":"2025-08-11T19:55:49","slug":"as-filhas-da-senhora-garcia-luis-impede-ato-extremo-de-mar","status":"publish","type":"post","link":"https:\/\/www.tvnovelas.com.br\/tvnews\/as-filhas-da-senhora-garcia-luis-impede-ato-extremo-de-mar\/","title":{"rendered":"As Filhas da Senhora Garcia: Luis impede ato extremo de Mar"},"content":{"rendered":"<figure id=\"attachment_80593\" aria-describedby=\"caption-attachment-80593\" style=\"width: 727px\" class=\"wp-caption alignnone\"><img data-recalc-dims=\"1\" decoding=\"async\" class=\"wp-image-80593 size-full\" title=\"(Foto: Televisa\/SBT\/As Filhas da Senhora Garcia)\" src=\"https:\/\/i0.wp.com\/www.tvnovelas.com.br\/tvnews\/wp-content\/uploads\/2025\/08\/11746.jpg?resize=727%2C409&#038;ssl=1\" alt=\"Foto em As Filhas da Senhora Garcia: Luis impede ato extremo de Mar\" width=\"727\" height=\"409\" srcset=\"https:\/\/i0.wp.com\/www.tvnovelas.com.br\/tvnews\/wp-content\/uploads\/2025\/08\/11746.jpg?w=727&amp;ssl=1 727w, https:\/\/i0.wp.com\/www.tvnovelas.com.br\/tvnews\/wp-content\/uploads\/2025\/08\/11746.jpg?resize=250%2C141&amp;ssl=1 250w\" sizes=\"(max-width: 727px) 100vw, 727px\" \/><figcaption id=\"caption-attachment-80593\" class=\"wp-caption-text\">As Filhas da Senhora Garcia: Luis impede ato extremo de Mar<\/figcaption><\/figure>\n<p>No cap\u00edtulo de As Filhas da Senhora Garcia desta segunda, dia 11, Mar vai at\u00e9 uma cl\u00ednica para interromper a gravidez, mas n\u00e3o tem coragem e por isso est\u00e1 decidida a se suicidar.<\/p>\n<p>Ela est\u00e1 prestes a se jogar no vazio quando Lu\u00eds chega e a impede, dizendo que, aconte\u00e7a o que acontecer, ela n\u00e3o est\u00e1 sozinha.<\/p>\n<p>Mar revela a Lu\u00eds que est\u00e1 gr\u00e1vida. Diz que est\u00e1 desempregada e depende da m\u00e3e, e que seu sonho era ser modelo, mas agora esse trabalho est\u00e1 nas m\u00e3os de Val\u00e9ria.<\/p>\n<p>Confira o resumo do cap\u00edtulo de hoje:<\/p>\n<h2 style=\"color: #3e5f44;\">Resumo de segunda-feira, 11 de agosto<\/h2>\n<p><figure id=\"attachment_80596\" aria-describedby=\"caption-attachment-80596\" style=\"width: 728px\" class=\"wp-caption alignnone\"><img data-recalc-dims=\"1\" decoding=\"async\" src=\"https:\/\/i0.wp.com\/www.tvnovelas.com.br\/tvnews\/wp-content\/uploads\/2025\/08\/11746a.jpg?resize=728%2C410&#038;ssl=1\" alt=\"Foto em As Filhas da Senhora Garcia: Luis impede ato extremo de Mar\" width=\"728\" height=\"410\" class=\"size-full wp-image-80596\" srcset=\"https:\/\/i0.wp.com\/www.tvnovelas.com.br\/tvnews\/wp-content\/uploads\/2025\/08\/11746a.jpg?w=728&amp;ssl=1 728w, https:\/\/i0.wp.com\/www.tvnovelas.com.br\/tvnews\/wp-content\/uploads\/2025\/08\/11746a.jpg?resize=250%2C141&amp;ssl=1 250w\" sizes=\"(max-width: 728px) 100vw, 728px\" \/><figcaption id=\"caption-attachment-80596\" class=\"wp-caption-text\">As Filhas da Senhora Garcia: Luis impede ato extremo de Mar<\/figcaption><\/figure><br \/>\nCamila diz a Juan que vai ajud\u00e1-lo a sair da pris\u00e3o, mas com a condi\u00e7\u00e3o de que ele se afaste de Mar. Nicol\u00e1s comenta com Val\u00e9ria que Artur confia muito nela. Val\u00e9ria diz que tem medo de decepcion\u00e1-lo. Francisco diz a Artur que, por culpa dele, Priscila est\u00e1 mal. Artur responde que a filha tem problemas emocionais. Sa\u00fal amea\u00e7a Paula dizendo que mostrar\u00e1 ao marido dela um de seus v\u00eddeos \u00edntimos caso ela continue sem atender suas liga\u00e7\u00f5es. Mar vai at\u00e9 uma cl\u00ednica para interromper a gravidez. Paula diz a Sa\u00fal que o odeia e que n\u00e3o tem o menor interesse em manter qualquer tipo de envolvimento com ele.<\/p>\n<p>Nicol\u00e1s diz a Artur que Val\u00e9ria n\u00e3o gostou de v\u00ea-lo com a ex, e que \u00e9 urgente que ele comece logo a trabalhar com Val\u00e9ria. Of\u00e9lia pergunta a Mar o que ela fez, e Mar responde que \u00e9 \u00f3bvio o que fez: o que Of\u00e9lia queria, se livrou do problema. Val\u00e9ria diz a Mar que ela precisa ir ao m\u00e9dico, e Of\u00e9lia responde que j\u00e1 a levou e que ela est\u00e1 com um v\u00edrus, mas que j\u00e1 recebeu tratamento. Jacinto diz a Juan que ele logo sair\u00e1 da pris\u00e3o. Mar reconhece que n\u00e3o teve coragem de interromper a gravidez, e por isso est\u00e1 decidida a se suicidar. Ela est\u00e1 prestes a se jogar no vazio quando Lu\u00eds chega e a impede, dizendo que, aconte\u00e7a o que acontecer, ela n\u00e3o est\u00e1 sozinha. Artur diz a Val\u00e9ria que ajudou Priscila porque ela tem problemas psiqui\u00e1tricos. Val\u00e9ria responde que ele n\u00e3o precisa dar explica\u00e7\u00f5es, j\u00e1 que n\u00e3o h\u00e1 nada entre eles e a rela\u00e7\u00e3o deve ser apenas profissional. Paula conta a Leonardo que seu pai est\u00e1 doente e em estado grave, e que ele precisa ir com o advogado para que n\u00e3o seja retirado do testamento.<\/p>\n<p>Mar diz a Lu\u00eds que est\u00e1 gr\u00e1vida, que est\u00e1 desempregada e depende da m\u00e3e, e que seu sonho era ser modelo, mas agora esse trabalho est\u00e1 nas m\u00e3os de Val\u00e9ria. Camila diz a Juan que ele finalmente ser\u00e1 libertado e poder\u00e1 retomar a vida. Lu\u00eds diz a Mar que vai encontrar uma maneira de ajud\u00e1-la. Nicol\u00e1s comenta com Artur que o que est\u00e1 acontecendo com Priscila tem afetado muito Val\u00e9ria. Artur responde que Val\u00e9ria n\u00e3o quer que ele se aproxime. Nicol\u00e1s diz que ele deve respeitar isso e dar espa\u00e7o, pelo bem dela e do projeto. Susana agradece a Camila por ter conseguido a liberdade de Juan. Camila responde que Juan \u00e9 inocente e que n\u00e3o tolera injusti\u00e7as.<\/p>\n<p><!--FIM--><\/p>\n<div style=\"font-size: 120%;\"><h3>Confira tamb\u00e9m<\/h3>\r\n<a href=\"https:\/\/tvnovelas.com.br\/novelas\/\" rel=\"noopener\" target=\"_blank\"><strong>Todos os resumos de novelas<\/strong><\/a><\/br>\r\n<a href=\"https:\/\/www.tvnovelas.com.br\/tvnews\/\" rel=\"noopener\" target=\"_blank\"><strong>\u00daltimas not\u00edcias das novelas<\/strong><\/a><\/br>\r\n<a href=\"https:\/\/www.tvnovelas.com.br\/filmes\/\" target=\"_blank\" rel=\"noopener noreferrer\"><strong>Programa\u00e7\u00e3o de filmes na TV aberta<\/strong><\/a><\/br>\r\n<a href=\"https:\/\/caetenews.com.br\/semana\/filmes-da-globo-na-sessao-da-tarde-desta-semana\/\" target=\"_blank\" rel=\"noopener\"><strong>Confira os filmes da semana na Sess\u00e3o da Tarde<\/strong><\/a><\/br>\r\n<a href=\"https:\/\/classindportal.mj.gov.br\/consulta-filmes\" target=\"_blank\" rel=\"noopener\"><strong>Consulte a classifica\u00e7\u00e3o indicativa dos filmes e novelas<\/strong><\/a><\/br><\/div>\n","protected":false},"excerpt":{"rendered":"<p>As Filhas da Senhora Garcia: Luis impede ato extremo de Mar&#8230; No cap\u00edtulo de As Filhas da Senhora Garcia desta segunda, dia 11, Mar vai at\u00e9 uma cl\u00ednic&#8230;<\/p>\n","protected":false},"author":1,"featured_media":80593,"comment_status":"closed","ping_status":"closed","sticky":false,"template":"","format":"standard","meta":{"_uf_show_specific_survey":0,"_uf_disable_surveys":false,"_jetpack_memberships_contains_paid_content":false,"footnotes":"","_wp_rev_ctl_limit":""},"categories":[930],"tags":[931,64,13],"class_list":["post-80592","post","type-post","status-publish","format-standard","has-post-thumbnail","hentry","category-as-filhas-da-senhora-garcia","tag-as-filhas-da-senhora-garcia","tag-novelas","tag-sbt","wpcat-930-id"],"aioseo_notices":[],"jetpack_featured_media_url":"https:\/\/i0.wp.com\/www.tvnovelas.com.br\/tvnews\/wp-content\/uploads\/2025\/08\/11746.jpg?fit=727%2C409&ssl=1","jetpack_shortlink":"https:\/\/wp.me\/pdP2BO-kXS","jetpack_sharing_enabled":true,"_links":{"self":[{"href":"https:\/\/www.tvnovelas.com.br\/tvnews\/wp-json\/wp\/v2\/posts\/80592","targetHints":{"allow":["GET"]}}],"collection":[{"href":"https:\/\/www.tvnovelas.com.br\/tvnews\/wp-json\/wp\/v2\/posts"}],"about":[{"href":"https:\/\/www.tvnovelas.com.br\/tvnews\/wp-json\/wp\/v2\/types\/post"}],"author":[{"embeddable":true,"href":"https:\/\/www.tvnovelas.com.br\/tvnews\/wp-json\/wp\/v2\/users\/1"}],"replies":[{"embeddable":true,"href":"https:\/\/www.tvnovelas.com.br\/tvnews\/wp-json\/wp\/v2\/comments?post=80592"}],"version-history":[{"count":3,"href":"https:\/\/www.tvnovelas.com.br\/tvnews\/wp-json\/wp\/v2\/posts\/80592\/revisions"}],"predecessor-version":[{"id":80598,"href":"https:\/\/www.tvnovelas.com.br\/tvnews\/wp-json\/wp\/v2\/posts\/80592\/revisions\/80598"}],"wp:featuredmedia":[{"embeddable":true,"href":"https:\/\/www.tvnovelas.com.br\/tvnews\/wp-json\/wp\/v2\/media\/80593"}],"wp:attachment":[{"href":"https:\/\/www.tvnovelas.com.br\/tvnews\/wp-json\/wp\/v2\/media?parent=80592"}],"wp:term":[{"taxonomy":"category","embeddable":true,"href":"https:\/\/www.tvnovelas.com.br\/tvnews\/wp-json\/wp\/v2\/categories?post=80592"},{"taxonomy":"post_tag","embeddable":true,"href":"https:\/\/www.tvnovelas.com.br\/tvnews\/wp-json\/wp\/v2\/tags?post=80592"}],"curies":[{"name":"wp","href":"https:\/\/api.w.org\/{rel}","templated":true}]}}