{"id":80608,"date":"2025-08-12T08:57:50","date_gmt":"2025-08-12T11:57:50","guid":{"rendered":"https:\/\/www.tvnovelas.com.br\/tvnews\/?p=80608"},"modified":"2025-08-12T08:57:50","modified_gmt":"2025-08-12T11:57:50","slug":"dona-de-mim-rosa-confirma-jaques-na-presidencia-da-boaz","status":"publish","type":"post","link":"https:\/\/www.tvnovelas.com.br\/tvnews\/dona-de-mim-rosa-confirma-jaques-na-presidencia-da-boaz\/","title":{"rendered":"Dona de Mim: Rosa confirma Jaques na presid\u00eancia da Boaz"},"content":{"rendered":"<figure id=\"attachment_80609\" aria-describedby=\"caption-attachment-80609\" style=\"width: 726px\" class=\"wp-caption alignnone\"><img data-recalc-dims=\"1\" decoding=\"async\" class=\"wp-image-80609 size-full\" title=\"(Foto: TV Globo\/Dona de Mim)\" src=\"https:\/\/i0.wp.com\/www.tvnovelas.com.br\/tvnews\/wp-content\/uploads\/2025\/08\/11749.jpg?resize=726%2C410&#038;ssl=1\" alt=\"Foto em Dona de Mim: Rosa confirma Jaques na presid\u00eancia da Boaz\" width=\"726\" height=\"410\" srcset=\"https:\/\/i0.wp.com\/www.tvnovelas.com.br\/tvnews\/wp-content\/uploads\/2025\/08\/11749.jpg?w=726&amp;ssl=1 726w, https:\/\/i0.wp.com\/www.tvnovelas.com.br\/tvnews\/wp-content\/uploads\/2025\/08\/11749.jpg?resize=250%2C141&amp;ssl=1 250w\" sizes=\"(max-width: 726px) 100vw, 726px\" \/><figcaption id=\"caption-attachment-80609\" class=\"wp-caption-text\">Dona de Mim: Rosa confirma Jaques na presid\u00eancia da Boaz<\/figcaption><\/figure>\n<p>Em Dona de Mim, Jaques (Marcello Novaes) n\u00e3o deixou o lugar de Abel (Tony Ramos) vazio na presid\u00eancia da Boaz nem por um dia. O vil\u00e3o j\u00e1 tomou v\u00e1rias provid\u00eancias, como demitir funcion\u00e1rios. E Rosa (Suely Franco) vai confirmar o agora \u00fanico filho no comando da f\u00e1brica da fam\u00edlia, mas ir\u00e1 lhe impor algumas condi\u00e7\u00f5es.<\/p>\n<p>\u201cEu sou o filho que voc\u00ea preparou para essa fun\u00e7\u00e3o. Seu \u00fanico filho vivo. Eu n\u00e3o sou o presidente da Boaz?\u201d, pergunta Jaques.<\/p>\n<p>\u201cVoc\u00ea ser\u00e1 confirmado presidente da Boaz&#8230; mas com limites\u201d, afirma ela.<\/p>\n<p>Depois, a matriarca ir\u00e1 at\u00e9 o ch\u00e3o da f\u00e1brica e se desculpar\u00e1 com os funcion\u00e1rios.<\/p>\n<p>\u201cEu devo um pedido de desculpas a cada uma de voc\u00eas pela insensibilidade das medidas que Jaques adotou como presidente interino da Boaz. Todos os cortes e demiss\u00f5es est\u00e3o revogados\u201d, afirma ela, para continuar:<br \/>\n\u201cAqui \u00e9 um ambiente de trabalho, mas nossas rela\u00e7\u00f5es n\u00e3o precisam ser de m\u00e1quinas desprovidas de humanidade. Como dizia Abel e meu marido antes dele, a Boaz \u00e9 feita de gente, gente que trabalha, que se respeita. O respeito e a empatia s\u00e3o as chaves para esse novo tempo. V\u00e3o nos curar e nos reerguer para vivermos os pr\u00f3ximos sessenta anos.\u201d<\/p>\n<p>Rosa ser\u00e1 aplaudida pelos funcion\u00e1rios e deixar\u00e1 os netos emocionados.<br \/>\n<!--FIM--><br \/>\n<strong>Sobre a novela<\/strong><br \/>\n<a href=\"https:\/\/wp.me\/pfspD2-UO\" target=\"_blank\" rel=\"noopener\">Dona de Mim: A trama da novela<\/a><br \/>\n<a href=\"https:\/\/wp.me\/pfspD2-UG\" target=\"_blank\" rel=\"noopener\">Dona de Mim: A fam\u00edlia Boaz e seu imp\u00e9rio de lingerie<\/a><\/p>\n<div style=\"font-size: 120%;\"><h3>Confira tamb\u00e9m<\/h3>\r\n<a href=\"https:\/\/tvnovelas.com.br\/novelas\/\" rel=\"noopener\" target=\"_blank\"><strong>Todos os resumos de novelas<\/strong><\/a><\/br>\r\n<a href=\"https:\/\/www.tvnovelas.com.br\/tvnews\/\" rel=\"noopener\" target=\"_blank\"><strong>\u00daltimas not\u00edcias das novelas<\/strong><\/a><\/br>\r\n<a href=\"https:\/\/www.tvnovelas.com.br\/filmes\/\" target=\"_blank\" rel=\"noopener noreferrer\"><strong>Programa\u00e7\u00e3o de filmes na TV aberta<\/strong><\/a><\/br>\r\n<a href=\"https:\/\/caetenews.com.br\/semana\/filmes-da-globo-na-sessao-da-tarde-desta-semana\/\" target=\"_blank\" rel=\"noopener\"><strong>Confira os filmes da semana na Sess\u00e3o da Tarde<\/strong><\/a><\/br>\r\n<a href=\"https:\/\/classindportal.mj.gov.br\/consulta-filmes\" target=\"_blank\" rel=\"noopener\"><strong>Consulte a classifica\u00e7\u00e3o indicativa dos filmes e novelas<\/strong><\/a><\/br><\/div>\n","protected":false},"excerpt":{"rendered":"<p>Dona de Mim: Rosa confirma Jaques na presid\u00eancia da Boaz&#8230; Em Dona de Mim, Jaques (Marcello Novaes) n\u00e3o deixou o lugar de Abel (Tony Ramos) vazio&#8230;<\/p>\n","protected":false},"author":1,"featured_media":80609,"comment_status":"closed","ping_status":"closed","sticky":false,"template":"","format":"standard","meta":{"_uf_show_specific_survey":0,"_uf_disable_surveys":false,"_jetpack_memberships_contains_paid_content":false,"footnotes":"","_wp_rev_ctl_limit":""},"categories":[884],"tags":[883,5,64],"class_list":["post-80608","post","type-post","status-publish","format-standard","has-post-thumbnail","hentry","category-dona-de-mim","tag-dona-de-mim","tag-globo","tag-novelas","wpcat-884-id"],"aioseo_notices":[],"jetpack_featured_media_url":"https:\/\/i0.wp.com\/www.tvnovelas.com.br\/tvnews\/wp-content\/uploads\/2025\/08\/11749.jpg?fit=726%2C410&ssl=1","jetpack_shortlink":"https:\/\/wp.me\/pdP2BO-kY8","jetpack_sharing_enabled":true,"_links":{"self":[{"href":"https:\/\/www.tvnovelas.com.br\/tvnews\/wp-json\/wp\/v2\/posts\/80608","targetHints":{"allow":["GET"]}}],"collection":[{"href":"https:\/\/www.tvnovelas.com.br\/tvnews\/wp-json\/wp\/v2\/posts"}],"about":[{"href":"https:\/\/www.tvnovelas.com.br\/tvnews\/wp-json\/wp\/v2\/types\/post"}],"author":[{"embeddable":true,"href":"https:\/\/www.tvnovelas.com.br\/tvnews\/wp-json\/wp\/v2\/users\/1"}],"replies":[{"embeddable":true,"href":"https:\/\/www.tvnovelas.com.br\/tvnews\/wp-json\/wp\/v2\/comments?post=80608"}],"version-history":[{"count":1,"href":"https:\/\/www.tvnovelas.com.br\/tvnews\/wp-json\/wp\/v2\/posts\/80608\/revisions"}],"predecessor-version":[{"id":80611,"href":"https:\/\/www.tvnovelas.com.br\/tvnews\/wp-json\/wp\/v2\/posts\/80608\/revisions\/80611"}],"wp:featuredmedia":[{"embeddable":true,"href":"https:\/\/www.tvnovelas.com.br\/tvnews\/wp-json\/wp\/v2\/media\/80609"}],"wp:attachment":[{"href":"https:\/\/www.tvnovelas.com.br\/tvnews\/wp-json\/wp\/v2\/media?parent=80608"}],"wp:term":[{"taxonomy":"category","embeddable":true,"href":"https:\/\/www.tvnovelas.com.br\/tvnews\/wp-json\/wp\/v2\/categories?post=80608"},{"taxonomy":"post_tag","embeddable":true,"href":"https:\/\/www.tvnovelas.com.br\/tvnews\/wp-json\/wp\/v2\/tags?post=80608"}],"curies":[{"name":"wp","href":"https:\/\/api.w.org\/{rel}","templated":true}]}}