{"id":80613,"date":"2025-08-12T09:16:57","date_gmt":"2025-08-12T12:16:57","guid":{"rendered":"https:\/\/www.tvnovelas.com.br\/tvnews\/?p=80613"},"modified":"2025-08-12T09:24:45","modified_gmt":"2025-08-12T12:24:45","slug":"80613-2","status":"publish","type":"post","link":"https:\/\/www.tvnovelas.com.br\/tvnews\/80613-2\/","title":{"rendered":"Vale Tudo: Celina impede trag\u00e9dia armada por Odete contra Raquel"},"content":{"rendered":"<figure id=\"attachment_80615\" aria-describedby=\"caption-attachment-80615\" style=\"width: 727px\" class=\"wp-caption alignnone\"><img data-recalc-dims=\"1\" decoding=\"async\" class=\"wp-image-80615 size-full\" title=\"(Foto: TV Globo\/Vale Tudo)\" src=\"https:\/\/i0.wp.com\/www.tvnovelas.com.br\/tvnews\/wp-content\/uploads\/2025\/08\/11750.jpg?resize=727%2C407&#038;ssl=1\" alt=\"Foto em Vale Tudo: Celina impede trag\u00e9dia armada por Odete\" width=\"727\" height=\"407\" srcset=\"https:\/\/i0.wp.com\/www.tvnovelas.com.br\/tvnews\/wp-content\/uploads\/2025\/08\/11750.jpg?w=727&amp;ssl=1 727w, https:\/\/i0.wp.com\/www.tvnovelas.com.br\/tvnews\/wp-content\/uploads\/2025\/08\/11750.jpg?resize=250%2C140&amp;ssl=1 250w\" sizes=\"(max-width: 727px) 100vw, 727px\" \/><figcaption id=\"caption-attachment-80615\" class=\"wp-caption-text\">Vale Tudo: Celina impede trag\u00e9dia armada por Odete<\/figcaption><\/figure>\n<p>Em Vale Tudo, A descoberta de que foi Odete (Debora Bloch) que mandou envenenar a maionese que ser\u00e1 servida nos restaurantes da Paladar deixa Celina (Malu Galli) em p\u00e2nico. Mas ela n\u00e3o tem muito tempo e ela vai fazer o poss\u00edvel e o imposs\u00edvel para impedir esta trag\u00e9dia.<\/p>\n<p>O primeiro passo \u00e9 avisar Raquel (Ta\u00eds Araujo). A empres\u00e1ria j\u00e1 sabe que a sua maionese est\u00e1 estragada, pois Lucimar (Ingrid Gaigher) foi hospitalizada depois de comer um pouco do produto, mas ela jamais imaginaria que tem o dedo de Odete nisso tudo.<\/p>\n<p>\u201cFoi a Odete! A minha irm\u00e3 que envenenou a maionese\u201d, revela Celina.<\/p>\n<p>\u201cO que voc\u00ea est\u00e1 me falando, Celina? Isso \u00e9 crime. Isso \u00e9 muito grave!\u201d, diz Raquel.<\/p>\n<p>\u201cA pr\u00f3pria Odete me disse. Eu n\u00e3o sei como ela fez isso, nem o que ela usou. Mas as maioneses foram estragadas intencionalmente!\u201d<\/p>\n<p>O time da Paladar se divide para impedir que a maionese seja consumida nos restaurantes, Celina entra na miss\u00e3o tamb\u00e9m. A cidade est\u00e1 sem luz, o tr\u00e2nsito parado e a rica\u00e7a est\u00e1 angustiada no carro com Jarbas na dire\u00e7\u00e3o:<\/p>\n<p>\u201cDesse jeito, a gente n\u00e3o vai chegar a tempo! Acelera, Jarbas, esquece velocidade m\u00e1xima, esquece tudo! Eu n\u00e3o posso deixar a minha irm\u00e3 acabar com a Paladar. \u201c<\/p>\n<p>Ela finalmente consegue chegar no restaurante, bem na hora que o almo\u00e7o \u00e9 servido:<\/p>\n<p>\u201cNingu\u00e9m toca nessa maionese!\u201d, grita.<\/p>\n<p>Na Paladar, s\u00f3 falta a rica\u00e7a. O restante da equipe conseguiu evitar o consumo do produto nos outros restaurantes.<\/p>\n<p>\u201cO importante \u00e9 que ningu\u00e9m se intoxicou. Quer dizer falta a gente confirmar com a Celina se deu tudo certo em Jacarepagu\u00e1.\u201d<\/p>\n<p>Nessa hora, Celina e Jarbas chegam:<\/p>\n<p>\u201cPois podem comemorar. Eu consegui.<br \/>\n<!--FIM--><br \/>\n<strong>Sobre a novela<\/strong><br \/>\n<a href=\"https:\/\/wp.me\/pfspD2-U7\" target=\"_blank\" rel=\"noopener\">Vale Tudo: Conflitos de princ\u00edpios e valores (Sinopse)<\/a><\/p>\n<p><a href=\"https:\/\/wp.me\/pfspD2-oI\" target=\"_blank\" rel=\"noopener\">Vale Tudo: Invers\u00e3o de valores no final dos anos 1980<\/a> (Sinopse)<\/p>\n<div style=\"font-size: 120%;\"><h3>Confira tamb\u00e9m<\/h3>\r\n<a href=\"https:\/\/tvnovelas.com.br\/novelas\/\" rel=\"noopener\" target=\"_blank\"><strong>Todos os resumos de novelas<\/strong><\/a><\/br>\r\n<a href=\"https:\/\/www.tvnovelas.com.br\/tvnews\/\" rel=\"noopener\" target=\"_blank\"><strong>\u00daltimas not\u00edcias das novelas<\/strong><\/a><\/br>\r\n<a href=\"https:\/\/www.tvnovelas.com.br\/filmes\/\" target=\"_blank\" rel=\"noopener noreferrer\"><strong>Programa\u00e7\u00e3o de filmes na TV aberta<\/strong><\/a><\/br>\r\n<a href=\"https:\/\/caetenews.com.br\/semana\/filmes-da-globo-na-sessao-da-tarde-desta-semana\/\" target=\"_blank\" rel=\"noopener\"><strong>Confira os filmes da semana na Sess\u00e3o da Tarde<\/strong><\/a><\/br>\r\n<a href=\"https:\/\/classindportal.mj.gov.br\/consulta-filmes\" target=\"_blank\" rel=\"noopener\"><strong>Consulte a classifica\u00e7\u00e3o indicativa dos filmes e novelas<\/strong><\/a><\/br><br \/>\n&lt;\/div<\/div>\n","protected":false},"excerpt":{"rendered":"<p>Vale Tudo: Celina impede trag\u00e9dia armada por Odete,,, Em Vale Tudo, A descoberta de que foi Odete (Debora Bloch) que mandou envenenar a maionese&#8230;.<\/p>\n","protected":false},"author":1,"featured_media":80615,"comment_status":"closed","ping_status":"closed","sticky":false,"template":"","format":"standard","meta":{"_uf_show_specific_survey":0,"_uf_disable_surveys":false,"_jetpack_memberships_contains_paid_content":false,"footnotes":"","_wp_rev_ctl_limit":""},"categories":[871],"tags":[5,64,801],"class_list":["post-80613","post","type-post","status-publish","format-standard","has-post-thumbnail","hentry","category-vale-tudo","tag-globo","tag-novelas","tag-vale-tudo","wpcat-871-id"],"aioseo_notices":[],"jetpack_featured_media_url":"https:\/\/i0.wp.com\/www.tvnovelas.com.br\/tvnews\/wp-content\/uploads\/2025\/08\/11750.jpg?fit=727%2C407&ssl=1","jetpack_shortlink":"https:\/\/wp.me\/pdP2BO-kYd","jetpack_sharing_enabled":true,"_links":{"self":[{"href":"https:\/\/www.tvnovelas.com.br\/tvnews\/wp-json\/wp\/v2\/posts\/80613","targetHints":{"allow":["GET"]}}],"collection":[{"href":"https:\/\/www.tvnovelas.com.br\/tvnews\/wp-json\/wp\/v2\/posts"}],"about":[{"href":"https:\/\/www.tvnovelas.com.br\/tvnews\/wp-json\/wp\/v2\/types\/post"}],"author":[{"embeddable":true,"href":"https:\/\/www.tvnovelas.com.br\/tvnews\/wp-json\/wp\/v2\/users\/1"}],"replies":[{"embeddable":true,"href":"https:\/\/www.tvnovelas.com.br\/tvnews\/wp-json\/wp\/v2\/comments?post=80613"}],"version-history":[{"count":5,"href":"https:\/\/www.tvnovelas.com.br\/tvnews\/wp-json\/wp\/v2\/posts\/80613\/revisions"}],"predecessor-version":[{"id":80619,"href":"https:\/\/www.tvnovelas.com.br\/tvnews\/wp-json\/wp\/v2\/posts\/80613\/revisions\/80619"}],"wp:featuredmedia":[{"embeddable":true,"href":"https:\/\/www.tvnovelas.com.br\/tvnews\/wp-json\/wp\/v2\/media\/80615"}],"wp:attachment":[{"href":"https:\/\/www.tvnovelas.com.br\/tvnews\/wp-json\/wp\/v2\/media?parent=80613"}],"wp:term":[{"taxonomy":"category","embeddable":true,"href":"https:\/\/www.tvnovelas.com.br\/tvnews\/wp-json\/wp\/v2\/categories?post=80613"},{"taxonomy":"post_tag","embeddable":true,"href":"https:\/\/www.tvnovelas.com.br\/tvnews\/wp-json\/wp\/v2\/tags?post=80613"}],"curies":[{"name":"wp","href":"https:\/\/api.w.org\/{rel}","templated":true}]}}