{"id":80643,"date":"2025-08-12T13:40:47","date_gmt":"2025-08-12T16:40:47","guid":{"rendered":"https:\/\/www.tvnovelas.com.br\/tvnews\/?p=80643"},"modified":"2025-08-12T13:40:47","modified_gmt":"2025-08-12T16:40:47","slug":"a-caverna-encantada-estreia-da-ultima-temporada","status":"publish","type":"post","link":"https:\/\/www.tvnovelas.com.br\/tvnews\/a-caverna-encantada-estreia-da-ultima-temporada\/","title":{"rendered":"A Caverna Encantada: Estreia da \u00faltima temporada"},"content":{"rendered":"<figure id=\"attachment_80644\" aria-describedby=\"caption-attachment-80644\" style=\"width: 728px\" class=\"wp-caption alignnone\"><img data-recalc-dims=\"1\" decoding=\"async\" class=\"wp-image-80644 size-full\" title=\"(Foto: SBT\/A Caverna Encantada)\" src=\"https:\/\/i0.wp.com\/www.tvnovelas.com.br\/tvnews\/wp-content\/uploads\/2025\/08\/11754.jpg?resize=728%2C410&#038;ssl=1\" alt=\"Foto em A Caverna Encantada: Estreia da \u00faltima temporada\" width=\"728\" height=\"410\" srcset=\"https:\/\/i0.wp.com\/www.tvnovelas.com.br\/tvnews\/wp-content\/uploads\/2025\/08\/11754.jpg?w=728&amp;ssl=1 728w, https:\/\/i0.wp.com\/www.tvnovelas.com.br\/tvnews\/wp-content\/uploads\/2025\/08\/11754.jpg?resize=250%2C141&amp;ssl=1 250w\" sizes=\"(max-width: 728px) 100vw, 728px\" \/><figcaption id=\"caption-attachment-80644\" class=\"wp-caption-text\">A Caverna Encantada: Estreia da \u00faltima temporada<\/figcaption><\/figure>\n<p>A quarta temporada de \u201cA Caverna Encantada\u201d, intitulada \u201cVer\u00e3o\u201d, estreia nesta ter\u00e7a, dia 12, trazendo \u00e0 superf\u00edcie os enigmas mais profundos da hist\u00f3ria. Antigos segredos ser\u00e3o revelados, alian\u00e7as testadas e o destino dos moradores de Milagres colocado \u00e0 prova. Confira imagens in\u00e9ditas e descubra o que est\u00e1 por vir nessa fase final repleta de tens\u00e3o e surpresas.<\/p>\n<p>No auge do ver\u00e3o em Milagres, os mist\u00e9rios chegam ao fim, mas nem todos est\u00e3o em paz. Na \u00faltima temporada, a caverna revela seus segredos e o perigo nunca esteve t\u00e3o pr\u00f3ximo.<\/p>\n<p>Flora, a nova e enigm\u00e1tica aliada de Norma, a leva at\u00e9 a caverna. A maligna cobra Safira possui a mente da diretora, tornando-a ainda mais fria e implac\u00e1vel. Seu novo objetivo? Controlar os alunos do Col\u00e9gio Interno Rosa do Vento a qualquer custo.<\/p>\n<p>Enquanto isso, Anna, ao lado de Lav\u00ednia, Manuela, Isadora e do mission\u00e1rio Mateus, parte em uma jornada pelas matas e grutas do Perua\u00e7u em busca de Paulo, seu pai, que est\u00e1 entre a vida e a morte.<\/p>\n<p>Entre despedidas e decis\u00f5es, Gabriel e Pilar tentam salvar o futuro do col\u00e9gio, enquanto se preparam para o casamento. O fim se aproxima e as escolhas ser\u00e3o definitivas para todos na cidade.<\/p>\n<h2>Sinopse da temporada<\/h2>\n<p>Apesar do calor do ver\u00e3o estar demorando a chegar, as coisas j\u00e1 come\u00e7am a esquentar. Com a ajuda das crian\u00e7as do col\u00e9gio, Gabriel prepara uma surpresa muito especial na biblioteca do col\u00e9gio para Pilar. A \u00fanica que n\u00e3o fica nada feliz com a novidade \u00e9 a diretora Norma, mas que, dessa vez, n\u00e3o poder\u00e1 fazer muita coisa. Mas quem tem azar no jogo, tem sorte no amor. E a diretora Norma descobre que, apesar dos pesares, tem atra\u00eddo olhares diferentes de um certo doceiro da cidade.<\/p>\n<p>Lideradas por Isadora, meninas decidem formar o seu pr\u00f3prio grupinho secreto: as \u201cL\u00facias\u201d, tamb\u00e9m se inspirando nas Cr\u00f4nicas de N\u00e1rnia. Felipe, confundindo um pouco o que significa seu diagn\u00f3stico de superdota\u00e7\u00e3o, coloca seu superintelecto para descobrir se esse novo grupo est\u00e1 querendo tirar dos \u201cLu\u00edses\u201d o seu lugar de direito. Apesar disso, Pedro e Andr\u00e9 descobrem um segredo muito importante sobre a funda\u00e7\u00e3o do clubinho dos meninos, que pode mudar completamente a sua estrutura.<\/p>\n<p>Cristina est\u00e1 tentando a carreira musical em S\u00e3o Paulo, deixando o Petshop Bolhas e Bolhas desfalcado e, ainda mais, Betina morrendo de saudades e preocupa\u00e7\u00e3o. Ainda sem ter superado o fora que levou da amiga, Thomas resolve ir atr\u00e1s de Cristina e descobre que ela est\u00e1 vivendo algo muito longe do seu sonho. A miss\u00e3o agora \u00e9 convencer Cristina a voltar para Milagres, mas, antes disso, precisam lembr\u00e1-la de seu pr\u00f3prio valor como pessoa.<\/p>\n<p>A caverna corre grande perigo quando Norma decide fazer uma piscina no meio do gramado do col\u00e9gio, sem imaginar que, bem abaixo dele, existe uma caverna. Apesar dos esfor\u00e7os explosivos da diretora, ela \u00e9 contida, por\u00e9m o projeto fica no imagin\u00e1rio das crian\u00e7as, que, com a chegada decisiva do ver\u00e3o, decidem fazer uma \u201cFesta da Piscina\u201d.<\/p>\n<p>Determinada a ajudar sua mais nova amiga, Lav\u00ednia quer porque quer levar Anna de volta para o Perua\u00e7u e encontrar Paulo. Mas a \u00fanica pessoa capaz de convencer Anna \u00e9 Mateus, amigo de seu pai, que ressurge para ajudar nas novas buscas.<\/p>\n<p>Enquanto isso, no Col\u00e9gio Interno Rosa dos Ventos, Flora \u00e9 acometida pelo bichinho do ci\u00fame e inicia uma s\u00e9rie de trope\u00e7os morais que a levam a revelar a exist\u00eancia da caverna encantada para a diretora Norma. Como se n\u00e3o bastasse isso, Norma encontra com quem nunca deveria ter cruzado: Safira. As duas selam um acordo diab\u00f3lico, transformando magicamente a diretora Norma em uma verdadeira vil\u00e3 inescrupulosa, muito pior do que ela j\u00e1 foi um dia. O col\u00e9gio \u00e9 seu imp\u00e9rio, os professores, seus servi\u00e7ais, os alunos, seus escravos e a caverna, seu covil. Ser\u00e1 que Anna vai encontrar seu pai nas cavernas do Perua\u00e7u? Ser\u00e1 que voltar\u00e3o em tempo de salvarem o col\u00e9gio e as lembran\u00e7as de sua fam\u00edlia das m\u00e3os da diretora Norma? O final dessa jornada se aproxima, e de maneira intensa.<br \/>\n<!--FIM--><\/p>\n<div style=\"font-size: 120%;\"><h3>Confira tamb\u00e9m<\/h3>\r\n<a href=\"https:\/\/tvnovelas.com.br\/novelas\/\" rel=\"noopener\" target=\"_blank\"><strong>Todos os resumos de novelas<\/strong><\/a><\/br>\r\n<a href=\"https:\/\/www.tvnovelas.com.br\/tvnews\/\" rel=\"noopener\" target=\"_blank\"><strong>\u00daltimas not\u00edcias das novelas<\/strong><\/a><\/br>\r\n<a href=\"https:\/\/www.tvnovelas.com.br\/filmes\/\" target=\"_blank\" rel=\"noopener noreferrer\"><strong>Programa\u00e7\u00e3o de filmes na TV aberta<\/strong><\/a><\/br>\r\n<a href=\"https:\/\/caetenews.com.br\/semana\/filmes-da-globo-na-sessao-da-tarde-desta-semana\/\" target=\"_blank\" rel=\"noopener\"><strong>Confira os filmes da semana na Sess\u00e3o da Tarde<\/strong><\/a><\/br>\r\n<a href=\"https:\/\/classindportal.mj.gov.br\/consulta-filmes\" target=\"_blank\" rel=\"noopener\"><strong>Consulte a classifica\u00e7\u00e3o indicativa dos filmes e novelas<\/strong><\/a><\/br><\/div>\n","protected":false},"excerpt":{"rendered":"<p>A Caverna Encantada: Estreia da \u00faltima temporada&#8230; A quarta temporada de \u201cA Caverna Encantada\u201d, intitulada \u201cVer\u00e3o\u201d, estreia nesta ter\u00e7a, dia 12, trazendo&#8230;<\/p>\n","protected":false},"author":1,"featured_media":80644,"comment_status":"closed","ping_status":"closed","sticky":false,"template":"","format":"standard","meta":{"_uf_show_specific_survey":0,"_uf_disable_surveys":false,"_jetpack_memberships_contains_paid_content":false,"footnotes":"","_wp_rev_ctl_limit":""},"categories":[766],"tags":[767,64,13],"class_list":["post-80643","post","type-post","status-publish","format-standard","has-post-thumbnail","hentry","category-a-caverna-encantada","tag-a-caverna-encantada","tag-novelas","tag-sbt","wpcat-766-id"],"aioseo_notices":[],"jetpack_featured_media_url":"https:\/\/i0.wp.com\/www.tvnovelas.com.br\/tvnews\/wp-content\/uploads\/2025\/08\/11754.jpg?fit=728%2C410&ssl=1","jetpack_shortlink":"https:\/\/wp.me\/pdP2BO-kYH","jetpack_sharing_enabled":true,"_links":{"self":[{"href":"https:\/\/www.tvnovelas.com.br\/tvnews\/wp-json\/wp\/v2\/posts\/80643","targetHints":{"allow":["GET"]}}],"collection":[{"href":"https:\/\/www.tvnovelas.com.br\/tvnews\/wp-json\/wp\/v2\/posts"}],"about":[{"href":"https:\/\/www.tvnovelas.com.br\/tvnews\/wp-json\/wp\/v2\/types\/post"}],"author":[{"embeddable":true,"href":"https:\/\/www.tvnovelas.com.br\/tvnews\/wp-json\/wp\/v2\/users\/1"}],"replies":[{"embeddable":true,"href":"https:\/\/www.tvnovelas.com.br\/tvnews\/wp-json\/wp\/v2\/comments?post=80643"}],"version-history":[{"count":1,"href":"https:\/\/www.tvnovelas.com.br\/tvnews\/wp-json\/wp\/v2\/posts\/80643\/revisions"}],"predecessor-version":[{"id":80645,"href":"https:\/\/www.tvnovelas.com.br\/tvnews\/wp-json\/wp\/v2\/posts\/80643\/revisions\/80645"}],"wp:featuredmedia":[{"embeddable":true,"href":"https:\/\/www.tvnovelas.com.br\/tvnews\/wp-json\/wp\/v2\/media\/80644"}],"wp:attachment":[{"href":"https:\/\/www.tvnovelas.com.br\/tvnews\/wp-json\/wp\/v2\/media?parent=80643"}],"wp:term":[{"taxonomy":"category","embeddable":true,"href":"https:\/\/www.tvnovelas.com.br\/tvnews\/wp-json\/wp\/v2\/categories?post=80643"},{"taxonomy":"post_tag","embeddable":true,"href":"https:\/\/www.tvnovelas.com.br\/tvnews\/wp-json\/wp\/v2\/tags?post=80643"}],"curies":[{"name":"wp","href":"https:\/\/api.w.org\/{rel}","templated":true}]}}