{"id":80649,"date":"2025-08-12T14:04:57","date_gmt":"2025-08-12T17:04:57","guid":{"rendered":"https:\/\/www.tvnovelas.com.br\/tvnews\/?p=80649"},"modified":"2025-08-12T14:04:57","modified_gmt":"2025-08-12T17:04:57","slug":"chef-de-alto-nivel-reta-final-chega-com-disputa-individual","status":"publish","type":"post","link":"https:\/\/www.tvnovelas.com.br\/tvnews\/chef-de-alto-nivel-reta-final-chega-com-disputa-individual\/","title":{"rendered":"\u2018Chef de Alto N\u00edvel\u2019 Reta final chega com disputa individual"},"content":{"rendered":"<figure id=\"attachment_80650\" aria-describedby=\"caption-attachment-80650\" style=\"width: 728px\" class=\"wp-caption alignnone\"><img data-recalc-dims=\"1\" decoding=\"async\" class=\"wp-image-80650 size-full\" title=\"Foto: Globo \/ Beto Roma\" src=\"https:\/\/i0.wp.com\/www.tvnovelas.com.br\/tvnews\/wp-content\/uploads\/2025\/08\/11755.jpg?resize=728%2C410&#038;ssl=1\" alt=\"Foto em \u2018Chef de Alto N\u00edvel\u2019 Reta final chega com disputa individual\" width=\"728\" height=\"410\" srcset=\"https:\/\/i0.wp.com\/www.tvnovelas.com.br\/tvnews\/wp-content\/uploads\/2025\/08\/11755.jpg?w=728&amp;ssl=1 728w, https:\/\/i0.wp.com\/www.tvnovelas.com.br\/tvnews\/wp-content\/uploads\/2025\/08\/11755.jpg?resize=250%2C141&amp;ssl=1 250w\" sizes=\"(max-width: 728px) 100vw, 728px\" \/><figcaption id=\"caption-attachment-80650\" class=\"wp-caption-text\">\u2018Chef de Alto N\u00edvel\u2019 Reta final chega com disputa individual<\/figcaption><\/figure>\n<p>A partir desta ter\u00e7a, dia 12, \u2018Chef de Alto N\u00edvel\u2019 entra em sua reta final, com dez competidores disputando, individualmente, o t\u00edtulo. Com o fim da fase de times, agora \u00e9 cada um por si e as cozinhas onde os participantes v\u00e3o realizar os desafios ser\u00e3o definidas pelo trio de mentores, a partir do desempenho dos cozinheiros at\u00e9 aqui.<\/p>\n<p>Os participantes tamb\u00e9m t\u00eam a oportunidade de receber mentoria, al\u00e9m da do chef que comandava seu time. O vencedor do melhor prato se salva da elimina\u00e7\u00e3o e conquista o broche do tempo, que lhe garantir\u00e1 dez segundos a mais de plataforma para pegar os ingredientes na pr\u00f3xima prova \u2013 Luiz Lira, que venceu a disputa do \u00faltimo programa, ter\u00e1 direito de usar o broche, pela primeira vez, nesta ter\u00e7a. Com desafios ainda mais complexos, os quatro pratos com as piores avalia\u00e7\u00f5es levam seus cozinheiros para a prova de elimina\u00e7\u00e3o, que passa a ser disputada na cozinha do topo. Nesta fase, com dois epis\u00f3dios, duas pessoas deixam o programa em uma decis\u00e3o consensual dos mentores Alex Atala, Renata Vanzetto e Jefferson Rueda.<\/p>\n<p>Para chegar ao trio que disputa o pr\u00eamio, o desafio da semifinal, com exibi\u00e7\u00e3o no dia 19 de agosto, ser\u00e1 disputado por seis cozinheiros, com os dois que entregarem os melhores pratos sendo salvos. A prova de elimina\u00e7\u00e3o, com quatro participantes, d\u00e1 ao respons\u00e1vel pela melhor entrega a \u00faltima vaga para a final. No ar na quinta-feira, dia 21, a final ser\u00e1 ao vivo, ap\u00f3s \u2018Vale Tudo\u2019, e tr\u00eas cozinheiros disputam o pr\u00eamio de meio milh\u00e3o de reais, um per\u00edodo de mentoria exclusiva com os chefs mentores, uma viagem para os Estados Unidos para conhecer a sede do Outback, al\u00e9m de uma imers\u00e3o pelas cozinhas da rede no Brasil, e o t\u00edtulo de \u2018Chef de Alto N\u00edvel\u2019.<\/p>\n<p>\u2018Chef de Alto N\u00edvel\u2019, baseado no formato do Studio Ramsay Global, LLC, tem apresenta\u00e7\u00e3o de Ana Maria Braga, produ\u00e7\u00e3o de Rodrigo Tapias e Taluana Grieco, dire\u00e7\u00e3o geral de Carlo Milani e dire\u00e7\u00e3o de g\u00eanero de Rodrigo Dourado. O reality vai ao ar na TV Globo \u00e0s ter\u00e7as e quintas, ap\u00f3s \u2018Vale Tudo\u2019. A disputa \u00e9 exibida no GNT \u00e0s quartas e sextas, \u00e0s 21h15, no dia seguinte \u00e0 exibi\u00e7\u00e3o na TV Globo. O GNT exibe \u00e0s sextas, \u00e0s 22h30, o spin-off \u2018Cozinha de Alto N\u00edvel\u2019 com os chefs mentores Alex Atala, Jefferson Rueda e Renata Vanzetto.<\/p>\n","protected":false},"excerpt":{"rendered":"<p>\u2018Chef de Alto N\u00edvel\u2019 Reta final chega com disputa individual&#8230; A partir desta ter\u00e7a, dia 12, \u2018Chef de Alto N\u00edvel\u2019 entra em sua reta final, com dez competidores&#8230; <\/p>\n","protected":false},"author":1,"featured_media":80650,"comment_status":"closed","ping_status":"closed","sticky":false,"template":"","format":"standard","meta":{"_uf_show_specific_survey":0,"_uf_disable_surveys":false,"_jetpack_memberships_contains_paid_content":false,"footnotes":"","_wp_rev_ctl_limit":""},"categories":[539],"tags":[960,409,5,961],"class_list":["post-80649","post","type-post","status-publish","format-standard","has-post-thumbnail","hentry","category-televisao","tag-chef","tag-culinaria","tag-globo","tag-reality","wpcat-539-id"],"aioseo_notices":[],"jetpack_featured_media_url":"https:\/\/i0.wp.com\/www.tvnovelas.com.br\/tvnews\/wp-content\/uploads\/2025\/08\/11755.jpg?fit=728%2C410&ssl=1","jetpack_shortlink":"https:\/\/wp.me\/pdP2BO-kYN","jetpack_sharing_enabled":true,"_links":{"self":[{"href":"https:\/\/www.tvnovelas.com.br\/tvnews\/wp-json\/wp\/v2\/posts\/80649","targetHints":{"allow":["GET"]}}],"collection":[{"href":"https:\/\/www.tvnovelas.com.br\/tvnews\/wp-json\/wp\/v2\/posts"}],"about":[{"href":"https:\/\/www.tvnovelas.com.br\/tvnews\/wp-json\/wp\/v2\/types\/post"}],"author":[{"embeddable":true,"href":"https:\/\/www.tvnovelas.com.br\/tvnews\/wp-json\/wp\/v2\/users\/1"}],"replies":[{"embeddable":true,"href":"https:\/\/www.tvnovelas.com.br\/tvnews\/wp-json\/wp\/v2\/comments?post=80649"}],"version-history":[{"count":1,"href":"https:\/\/www.tvnovelas.com.br\/tvnews\/wp-json\/wp\/v2\/posts\/80649\/revisions"}],"predecessor-version":[{"id":80651,"href":"https:\/\/www.tvnovelas.com.br\/tvnews\/wp-json\/wp\/v2\/posts\/80649\/revisions\/80651"}],"wp:featuredmedia":[{"embeddable":true,"href":"https:\/\/www.tvnovelas.com.br\/tvnews\/wp-json\/wp\/v2\/media\/80650"}],"wp:attachment":[{"href":"https:\/\/www.tvnovelas.com.br\/tvnews\/wp-json\/wp\/v2\/media?parent=80649"}],"wp:term":[{"taxonomy":"category","embeddable":true,"href":"https:\/\/www.tvnovelas.com.br\/tvnews\/wp-json\/wp\/v2\/categories?post=80649"},{"taxonomy":"post_tag","embeddable":true,"href":"https:\/\/www.tvnovelas.com.br\/tvnews\/wp-json\/wp\/v2\/tags?post=80649"}],"curies":[{"name":"wp","href":"https:\/\/api.w.org\/{rel}","templated":true}]}}