{"id":80669,"date":"2025-08-12T17:27:33","date_gmt":"2025-08-12T20:27:33","guid":{"rendered":"https:\/\/www.tvnovelas.com.br\/tvnews\/?p=80669"},"modified":"2025-08-12T17:27:33","modified_gmt":"2025-08-12T20:27:33","slug":"as-filhas-da-senhora-garcia-artur-corta-as-esperancas-de-priscila","status":"publish","type":"post","link":"https:\/\/www.tvnovelas.com.br\/tvnews\/as-filhas-da-senhora-garcia-artur-corta-as-esperancas-de-priscila\/","title":{"rendered":"As Filhas da Senhora Garcia: Artur corta as esperan\u00e7as de Priscila"},"content":{"rendered":"<figure id=\"attachment_80670\" aria-describedby=\"caption-attachment-80670\" style=\"width: 728px\" class=\"wp-caption alignnone\"><img data-recalc-dims=\"1\" decoding=\"async\" class=\"wp-image-80670 size-full\" title=\"(Foto: Televisa\/SBT\/As Filhas da Senhora Garcia)\" src=\"https:\/\/i0.wp.com\/www.tvnovelas.com.br\/tvnews\/wp-content\/uploads\/2025\/08\/11759.jpg?resize=728%2C409&#038;ssl=1\" alt=\"Foto em As Filhas da Senhora Garcia: Artur corta as esperan\u00e7as de Priscila\" width=\"728\" height=\"409\" srcset=\"https:\/\/i0.wp.com\/www.tvnovelas.com.br\/tvnews\/wp-content\/uploads\/2025\/08\/11759.jpg?w=728&amp;ssl=1 728w, https:\/\/i0.wp.com\/www.tvnovelas.com.br\/tvnews\/wp-content\/uploads\/2025\/08\/11759.jpg?resize=250%2C140&amp;ssl=1 250w\" sizes=\"(max-width: 728px) 100vw, 728px\" \/><figcaption id=\"caption-attachment-80670\" class=\"wp-caption-text\">As Filhas da Senhora Garcia: Artur corta as esperan\u00e7as de Priscila<\/figcaption><\/figure>\n<p>No cap\u00edtulo de As Filhas da Senhora Garcia desta ter\u00e7a, dia 12, Priscila diz a Artur que vai se curar para que eles fiquem juntos de novo. Ele, no entanto, deixa claro que nunca mais voltar\u00e3o a ficar juntos. <\/p>\n<p>Of\u00e9lia aproveita o embalo e diz a Priscila que Artur est\u00e1 apaixonado por sua filha Val\u00e9ria. Priscila, furiosa, a amea\u00e7a dizendo que isso n\u00e3o vai ficar assim.<\/p>\n<p>Confira o resumo do cap\u00edtulo de hoje:<\/p>\n<h2 style=\"color: #3e5f44;\">Resumo de ter\u00e7a-feira, 12 de agosto<\/h2>\n<p>Juan discute com um detento, que o esfaqueia. Susana diz a Val\u00e9ria que, por culpa da m\u00e3e e da irm\u00e3 dela, Juan est\u00e1 na pris\u00e3o, e puxa Val\u00e9ria pelos cabelos. O cardiologista diz a Leonardo que seu pai precisa diminuir o estresse, pois corre risco de infarto. H\u00e9ctor conta a Lu\u00eds que Leonardo andou fazendo perguntas sobre o testamento. Lu\u00eds responde que \u00e9 a \u00fanica coisa que ele quer.<\/p>\n<p>Camila diz a Juan que com ela nunca acontecer\u00e1 nada de ruim. Juan est\u00e1 dormindo e Camila o beija, justamente nesse momento Mar entra e os v\u00ea, ent\u00e3o vai embora. Lu\u00eds diz a H\u00e9ctor que os filhos gastam dinheiro sem controle, mas que a culpa \u00e9 dele por nunca ter imposto limites, e que por isso vai dar uma li\u00e7\u00e3o a todos eles. Camila diz a Juan que far\u00e1 com que ele esque\u00e7a Mar. Priscila diz a Artur que vai se curar para que eles fiquem juntos de novo. Ele deixa claro que nunca mais voltar\u00e3o a ficar juntos. Of\u00e9lia diz a Priscila que Artur est\u00e1 apaixonado por sua filha Val\u00e9ria. Priscila, furiosa, a amea\u00e7a dizendo que isso n\u00e3o vai ficar assim.<br \/>\n<!--FIM--><\/p>\n<div style=\"font-size: 120%;\"><h3>Confira tamb\u00e9m<\/h3>\r\n<a href=\"https:\/\/tvnovelas.com.br\/novelas\/\" rel=\"noopener\" target=\"_blank\"><strong>Todos os resumos de novelas<\/strong><\/a><\/br>\r\n<a href=\"https:\/\/www.tvnovelas.com.br\/tvnews\/\" rel=\"noopener\" target=\"_blank\"><strong>\u00daltimas not\u00edcias das novelas<\/strong><\/a><\/br>\r\n<a href=\"https:\/\/www.tvnovelas.com.br\/filmes\/\" target=\"_blank\" rel=\"noopener noreferrer\"><strong>Programa\u00e7\u00e3o de filmes na TV aberta<\/strong><\/a><\/br>\r\n<a href=\"https:\/\/caetenews.com.br\/semana\/filmes-da-globo-na-sessao-da-tarde-desta-semana\/\" target=\"_blank\" rel=\"noopener\"><strong>Confira os filmes da semana na Sess\u00e3o da Tarde<\/strong><\/a><\/br>\r\n<a href=\"https:\/\/classindportal.mj.gov.br\/consulta-filmes\" target=\"_blank\" rel=\"noopener\"><strong>Consulte a classifica\u00e7\u00e3o indicativa dos filmes e novelas<\/strong><\/a><\/br><\/div>\n","protected":false},"excerpt":{"rendered":"<p>As Filhas da Senhora Garcia: Artur corta as esperan\u00e7as de Priscila&#8230; No cap\u00edtulo de As Filhas da Senhora Garcia desta ter\u00e7a, dia 12, Priscila diz a Artur &#8230;<\/p>\n","protected":false},"author":1,"featured_media":80670,"comment_status":"closed","ping_status":"closed","sticky":false,"template":"","format":"standard","meta":{"_uf_show_specific_survey":0,"_uf_disable_surveys":false,"_jetpack_memberships_contains_paid_content":false,"footnotes":"","_wp_rev_ctl_limit":""},"categories":[930],"tags":[931,64,13],"class_list":["post-80669","post","type-post","status-publish","format-standard","has-post-thumbnail","hentry","category-as-filhas-da-senhora-garcia","tag-as-filhas-da-senhora-garcia","tag-novelas","tag-sbt","wpcat-930-id"],"aioseo_notices":[],"jetpack_featured_media_url":"https:\/\/i0.wp.com\/www.tvnovelas.com.br\/tvnews\/wp-content\/uploads\/2025\/08\/11759.jpg?fit=728%2C409&ssl=1","jetpack_shortlink":"https:\/\/wp.me\/pdP2BO-kZ7","jetpack_sharing_enabled":true,"_links":{"self":[{"href":"https:\/\/www.tvnovelas.com.br\/tvnews\/wp-json\/wp\/v2\/posts\/80669","targetHints":{"allow":["GET"]}}],"collection":[{"href":"https:\/\/www.tvnovelas.com.br\/tvnews\/wp-json\/wp\/v2\/posts"}],"about":[{"href":"https:\/\/www.tvnovelas.com.br\/tvnews\/wp-json\/wp\/v2\/types\/post"}],"author":[{"embeddable":true,"href":"https:\/\/www.tvnovelas.com.br\/tvnews\/wp-json\/wp\/v2\/users\/1"}],"replies":[{"embeddable":true,"href":"https:\/\/www.tvnovelas.com.br\/tvnews\/wp-json\/wp\/v2\/comments?post=80669"}],"version-history":[{"count":1,"href":"https:\/\/www.tvnovelas.com.br\/tvnews\/wp-json\/wp\/v2\/posts\/80669\/revisions"}],"predecessor-version":[{"id":80671,"href":"https:\/\/www.tvnovelas.com.br\/tvnews\/wp-json\/wp\/v2\/posts\/80669\/revisions\/80671"}],"wp:featuredmedia":[{"embeddable":true,"href":"https:\/\/www.tvnovelas.com.br\/tvnews\/wp-json\/wp\/v2\/media\/80670"}],"wp:attachment":[{"href":"https:\/\/www.tvnovelas.com.br\/tvnews\/wp-json\/wp\/v2\/media?parent=80669"}],"wp:term":[{"taxonomy":"category","embeddable":true,"href":"https:\/\/www.tvnovelas.com.br\/tvnews\/wp-json\/wp\/v2\/categories?post=80669"},{"taxonomy":"post_tag","embeddable":true,"href":"https:\/\/www.tvnovelas.com.br\/tvnews\/wp-json\/wp\/v2\/tags?post=80669"}],"curies":[{"name":"wp","href":"https:\/\/api.w.org\/{rel}","templated":true}]}}