{"id":80688,"date":"2025-08-13T08:16:22","date_gmt":"2025-08-13T11:16:22","guid":{"rendered":"https:\/\/www.tvnovelas.com.br\/tvnews\/?p=80688"},"modified":"2025-08-13T08:16:22","modified_gmt":"2025-08-13T11:16:22","slug":"eta-mundo-melhor-celso-e-cruel-com-samir","status":"publish","type":"post","link":"https:\/\/www.tvnovelas.com.br\/tvnews\/eta-mundo-melhor-celso-e-cruel-com-samir\/","title":{"rendered":"\u00cata Mundo Melhor!:  Celso \u00e9 cruel com Samir"},"content":{"rendered":"<figure id=\"attachment_80689\" aria-describedby=\"caption-attachment-80689\" style=\"width: 728px\" class=\"wp-caption alignnone\"><img data-recalc-dims=\"1\" decoding=\"async\" class=\"wp-image-80689 size-full\" title=\"(Foto: TV Globo\/\u00cata Mundo Melhor!)\" src=\"https:\/\/i0.wp.com\/www.tvnovelas.com.br\/tvnews\/wp-content\/uploads\/2025\/08\/11762.jpg?resize=728%2C409&#038;ssl=1\" alt=\"Foto \u00cata Mundo Melhor!:  Celso \u00e9 cruel com Samir\" width=\"728\" height=\"409\" srcset=\"https:\/\/i0.wp.com\/www.tvnovelas.com.br\/tvnews\/wp-content\/uploads\/2025\/08\/11762.jpg?w=728&amp;ssl=1 728w, https:\/\/i0.wp.com\/www.tvnovelas.com.br\/tvnews\/wp-content\/uploads\/2025\/08\/11762.jpg?resize=250%2C140&amp;ssl=1 250w\" sizes=\"(max-width: 728px) 100vw, 728px\" \/><figcaption id=\"caption-attachment-80689\" class=\"wp-caption-text\">\u00cata Mundo Melhor!:  Celso \u00e9 cruel com Samir<\/figcaption><\/figure>\n<p>Em \u00cata Mundo Melhor!, Samir (Davi Malizia) n\u00e3o perde tempo! Com saudade de Candinho (Sergio Guiz\u00e9), o menino sai do orfanato e decide visitar o amigo na mans\u00e3o. Mas ao chegar l\u00e1, ele percebe que tem ningu\u00e9m em casa \u2014 at\u00e9 mesmo Policarpo saiu. Celso (Rainer Cadete) encontra o garoto na rua e destila todo seu veneno.<\/p>\n<p>Celso pergunta o que Samir est\u00e1 fazendo ali, e o rapazinho explica que est\u00e1 esperando por Candinho.<\/p>\n<p>&#8220;\u00c9 muita coragem aparecer aqui depois de ter roubado o camafeu&#8221;, acusa Celso.<\/p>\n<p>Samir se defende e diz que Candinho acredita nele.<\/p>\n<p>&#8220;Isso n\u00e3o \u00e9 verdade! Candinho tem bom cora\u00e7\u00e3o. Por isso, me pediu para dizer a voc\u00ea para nunca mais procurar por ele e nem visitar o Policarpo&#8221;, mente Celso.<\/p>\n<p>&#8220;N\u00e3o acredito que Candinho disso isso!&#8221;, fala Samir, incr\u00e9dulo.<\/p>\n<p>Celso n\u00e3o desiste e continua:<\/p>\n<p>&#8220;Candinho acha que voc\u00ea \u00e9 um pequeno patife! Ele s\u00f3 tem pena de voc\u00ea!&#8221;<\/p>\n<p>Arrasado, Samir sai correndo, aos prantos.<br \/>\n<!--FIM--><\/p>\n<h2>Sobre a novela:<\/h2>\n<p><a href=\"https:\/\/tvnovelas.com.br\/page2\/arquivo\/eta-mundo-melhor-a-volta-de-candinho-e-policarpo\/&quot;\" target=\"_blank\" rel=\"noopener\">\u00cata Mundo Melhor!: A volta de Candinho e Policarpo<\/a> (Sinopse)<br \/>\n<a href=\"https:\/\/pt.wikipedia.org\/wiki\/%C3%8Ata_Mundo_Melhor!\" target=\"_blank\" rel=\"noopener\">Sobre \u00cata Mundo Melhor!, na Wikipedia<\/a><\/p>\n<div style=\"font-size: 120%;\"><h3>Confira tamb\u00e9m<\/h3>\r\n<a href=\"https:\/\/tvnovelas.com.br\/novelas\/\" rel=\"noopener\" target=\"_blank\"><strong>Todos os resumos de novelas<\/strong><\/a><\/br>\r\n<a href=\"https:\/\/www.tvnovelas.com.br\/tvnews\/\" rel=\"noopener\" target=\"_blank\"><strong>\u00daltimas not\u00edcias das novelas<\/strong><\/a><\/br>\r\n<a href=\"https:\/\/www.tvnovelas.com.br\/filmes\/\" target=\"_blank\" rel=\"noopener noreferrer\"><strong>Programa\u00e7\u00e3o de filmes na TV aberta<\/strong><\/a><\/br>\r\n<a href=\"https:\/\/caetenews.com.br\/semana\/filmes-da-globo-na-sessao-da-tarde-desta-semana\/\" target=\"_blank\" rel=\"noopener\"><strong>Confira os filmes da semana na Sess\u00e3o da Tarde<\/strong><\/a><\/br>\r\n<a href=\"https:\/\/classindportal.mj.gov.br\/consulta-filmes\" target=\"_blank\" rel=\"noopener\"><strong>Consulte a classifica\u00e7\u00e3o indicativa dos filmes e novelas<\/strong><\/a><\/br><\/div>\n","protected":false},"excerpt":{"rendered":"<p>\u00cata Mundo Melhor!:  Celso \u00e9 cruel com Samir&#8230; Em \u00cata Mundo Melhor!, Samir (Davi Malizia) n\u00e3o perde tempo! Com saudade de Candinho (Sergio Guiz\u00e9), o menino&#8230;<\/p>\n","protected":false},"author":1,"featured_media":80689,"comment_status":"closed","ping_status":"closed","sticky":false,"template":"","format":"standard","meta":{"_uf_show_specific_survey":0,"_uf_disable_surveys":false,"_jetpack_memberships_contains_paid_content":false,"footnotes":"","_wp_rev_ctl_limit":""},"categories":[920],"tags":[921,5,64],"class_list":["post-80688","post","type-post","status-publish","format-standard","has-post-thumbnail","hentry","category-eta-mundo-melhor","tag-eta-mundo-melhor","tag-globo","tag-novelas","wpcat-920-id"],"aioseo_notices":[],"jetpack_featured_media_url":"https:\/\/i0.wp.com\/www.tvnovelas.com.br\/tvnews\/wp-content\/uploads\/2025\/08\/11762.jpg?fit=728%2C409&ssl=1","jetpack_shortlink":"https:\/\/wp.me\/pdP2BO-kZq","jetpack_sharing_enabled":true,"_links":{"self":[{"href":"https:\/\/www.tvnovelas.com.br\/tvnews\/wp-json\/wp\/v2\/posts\/80688","targetHints":{"allow":["GET"]}}],"collection":[{"href":"https:\/\/www.tvnovelas.com.br\/tvnews\/wp-json\/wp\/v2\/posts"}],"about":[{"href":"https:\/\/www.tvnovelas.com.br\/tvnews\/wp-json\/wp\/v2\/types\/post"}],"author":[{"embeddable":true,"href":"https:\/\/www.tvnovelas.com.br\/tvnews\/wp-json\/wp\/v2\/users\/1"}],"replies":[{"embeddable":true,"href":"https:\/\/www.tvnovelas.com.br\/tvnews\/wp-json\/wp\/v2\/comments?post=80688"}],"version-history":[{"count":1,"href":"https:\/\/www.tvnovelas.com.br\/tvnews\/wp-json\/wp\/v2\/posts\/80688\/revisions"}],"predecessor-version":[{"id":80690,"href":"https:\/\/www.tvnovelas.com.br\/tvnews\/wp-json\/wp\/v2\/posts\/80688\/revisions\/80690"}],"wp:featuredmedia":[{"embeddable":true,"href":"https:\/\/www.tvnovelas.com.br\/tvnews\/wp-json\/wp\/v2\/media\/80689"}],"wp:attachment":[{"href":"https:\/\/www.tvnovelas.com.br\/tvnews\/wp-json\/wp\/v2\/media?parent=80688"}],"wp:term":[{"taxonomy":"category","embeddable":true,"href":"https:\/\/www.tvnovelas.com.br\/tvnews\/wp-json\/wp\/v2\/categories?post=80688"},{"taxonomy":"post_tag","embeddable":true,"href":"https:\/\/www.tvnovelas.com.br\/tvnews\/wp-json\/wp\/v2\/tags?post=80688"}],"curies":[{"name":"wp","href":"https:\/\/api.w.org\/{rel}","templated":true}]}}