{"id":80692,"date":"2025-08-13T08:27:58","date_gmt":"2025-08-13T11:27:58","guid":{"rendered":"https:\/\/www.tvnovelas.com.br\/tvnews\/?p=80692"},"modified":"2025-08-13T08:27:58","modified_gmt":"2025-08-13T11:27:58","slug":"dona-de-mim-jaques-flagra-tania-com-ricardo","status":"publish","type":"post","link":"https:\/\/www.tvnovelas.com.br\/tvnews\/dona-de-mim-jaques-flagra-tania-com-ricardo\/","title":{"rendered":"Dona de Mim: Jaques flagra T\u00e2nia com Ricardo"},"content":{"rendered":"<figure id=\"attachment_80693\" aria-describedby=\"caption-attachment-80693\" style=\"width: 726px\" class=\"wp-caption alignnone\"><img data-recalc-dims=\"1\" decoding=\"async\" class=\"wp-image-80693 size-full\" title=\"(Foto: TV Globo\/Dona de Mim)\" src=\"https:\/\/i0.wp.com\/www.tvnovelas.com.br\/tvnews\/wp-content\/uploads\/2025\/08\/11763.jpg?resize=726%2C410&#038;ssl=1\" alt=\"Foto em Dona de Mim: Jaques flagra T\u00e2nia com Ricardo\" width=\"726\" height=\"410\" srcset=\"https:\/\/i0.wp.com\/www.tvnovelas.com.br\/tvnews\/wp-content\/uploads\/2025\/08\/11763.jpg?w=726&amp;ssl=1 726w, https:\/\/i0.wp.com\/www.tvnovelas.com.br\/tvnews\/wp-content\/uploads\/2025\/08\/11763.jpg?resize=250%2C141&amp;ssl=1 250w\" sizes=\"(max-width: 726px) 100vw, 726px\" \/><figcaption id=\"caption-attachment-80693\" class=\"wp-caption-text\">Dona de Mim: Jaques flagra T\u00e2nia com Ricardo<\/figcaption><\/figure>\n<p>Em Dona de Mim, Jaques (Marcello Novaes) vai levar um grande susto. O vil\u00e3o vai flagrar T\u00e2nia (Aline Borges) e Ricardo (Marcos Pasquim) se beijando dentro de sua sala na Boaz. Jaques ir\u00e1 demitir os dois e, depois, ir\u00e1 sair de casa, se mudando de vez para a mans\u00e3o de Abel (Tony Ramos).<\/p>\n<p>Ricardo ainda tentar\u00e1 se explicar, enquanto T\u00e2nia manter\u00e1 a postura, quase curtindo o flagra.<\/p>\n<p>\u201cPra rua, os dois! Demitidos! O casalzinho de amantes est\u00e1 na rua!\u201d, afirma Jaques.<\/p>\n<p>Depois, j\u00e1 em casa, T\u00e2nia encontrar\u00e1 Jaques como uma mala e se surpreender\u00e1.<\/p>\n<p>\u201cVai viajar?\u201d, questiona ela.<\/p>\n<p>\u201cN\u00e3o que seja da sua conta, mas eu vou me mudar\u201d, afirma ele.<\/p>\n<p>T\u00e2nia ainda far\u00e1 uma cena, implorando para Jaques n\u00e3o sair de casa.<\/p>\n<p>\u201cN\u00e3o me abandona.\u201d<\/p>\n<p>Jaques e T\u00e2nia ter\u00e3o um reca\u00edda e dormir\u00e3o juntos. Mas n\u00e3o vai ter jeito. No dia seguinte, Jaques pegar\u00e1 suas coisas e ir\u00e1 para a mans\u00e3o dos Boaz.<\/p>\n<p>\u201cVoltei, mam\u00e3e. Agora vou morar aqui.\u201d<br \/>\n<!--FIM--><br \/>\n<strong>Sobre a novela<\/strong><br \/>\n<a href=\"https:\/\/wp.me\/pfspD2-UO\" target=\"_blank\" rel=\"noopener\">Dona de Mim: A trama da novela<\/a><br \/>\n<a href=\"https:\/\/wp.me\/pfspD2-UG\" target=\"_blank\" rel=\"noopener\">Dona de Mim: A fam\u00edlia Boaz e seu imp\u00e9rio de lingerie<\/a><\/p>\n<div style=\"font-size: 120%;\"><h3>Confira tamb\u00e9m<\/h3>\r\n<a href=\"https:\/\/tvnovelas.com.br\/novelas\/\" rel=\"noopener\" target=\"_blank\"><strong>Todos os resumos de novelas<\/strong><\/a><\/br>\r\n<a href=\"https:\/\/www.tvnovelas.com.br\/tvnews\/\" rel=\"noopener\" target=\"_blank\"><strong>\u00daltimas not\u00edcias das novelas<\/strong><\/a><\/br>\r\n<a href=\"https:\/\/www.tvnovelas.com.br\/filmes\/\" target=\"_blank\" rel=\"noopener noreferrer\"><strong>Programa\u00e7\u00e3o de filmes na TV aberta<\/strong><\/a><\/br>\r\n<a href=\"https:\/\/caetenews.com.br\/semana\/filmes-da-globo-na-sessao-da-tarde-desta-semana\/\" target=\"_blank\" rel=\"noopener\"><strong>Confira os filmes da semana na Sess\u00e3o da Tarde<\/strong><\/a><\/br>\r\n<a href=\"https:\/\/classindportal.mj.gov.br\/consulta-filmes\" target=\"_blank\" rel=\"noopener\"><strong>Consulte a classifica\u00e7\u00e3o indicativa dos filmes e novelas<\/strong><\/a><\/br><\/div>\n","protected":false},"excerpt":{"rendered":"<p>Dona de Mim: Jaques flagra T\u00e2nia com Ricardo&#8230;<\/p>\n","protected":false},"author":1,"featured_media":80693,"comment_status":"closed","ping_status":"closed","sticky":false,"template":"","format":"standard","meta":{"_uf_show_specific_survey":0,"_uf_disable_surveys":false,"_jetpack_memberships_contains_paid_content":false,"footnotes":"","_wp_rev_ctl_limit":""},"categories":[884],"tags":[883,5,64],"class_list":["post-80692","post","type-post","status-publish","format-standard","has-post-thumbnail","hentry","category-dona-de-mim","tag-dona-de-mim","tag-globo","tag-novelas","wpcat-884-id"],"aioseo_notices":[],"jetpack_featured_media_url":"https:\/\/i0.wp.com\/www.tvnovelas.com.br\/tvnews\/wp-content\/uploads\/2025\/08\/11763.jpg?fit=726%2C410&ssl=1","jetpack_shortlink":"https:\/\/wp.me\/pdP2BO-kZu","jetpack_sharing_enabled":true,"_links":{"self":[{"href":"https:\/\/www.tvnovelas.com.br\/tvnews\/wp-json\/wp\/v2\/posts\/80692","targetHints":{"allow":["GET"]}}],"collection":[{"href":"https:\/\/www.tvnovelas.com.br\/tvnews\/wp-json\/wp\/v2\/posts"}],"about":[{"href":"https:\/\/www.tvnovelas.com.br\/tvnews\/wp-json\/wp\/v2\/types\/post"}],"author":[{"embeddable":true,"href":"https:\/\/www.tvnovelas.com.br\/tvnews\/wp-json\/wp\/v2\/users\/1"}],"replies":[{"embeddable":true,"href":"https:\/\/www.tvnovelas.com.br\/tvnews\/wp-json\/wp\/v2\/comments?post=80692"}],"version-history":[{"count":1,"href":"https:\/\/www.tvnovelas.com.br\/tvnews\/wp-json\/wp\/v2\/posts\/80692\/revisions"}],"predecessor-version":[{"id":80694,"href":"https:\/\/www.tvnovelas.com.br\/tvnews\/wp-json\/wp\/v2\/posts\/80692\/revisions\/80694"}],"wp:featuredmedia":[{"embeddable":true,"href":"https:\/\/www.tvnovelas.com.br\/tvnews\/wp-json\/wp\/v2\/media\/80693"}],"wp:attachment":[{"href":"https:\/\/www.tvnovelas.com.br\/tvnews\/wp-json\/wp\/v2\/media?parent=80692"}],"wp:term":[{"taxonomy":"category","embeddable":true,"href":"https:\/\/www.tvnovelas.com.br\/tvnews\/wp-json\/wp\/v2\/categories?post=80692"},{"taxonomy":"post_tag","embeddable":true,"href":"https:\/\/www.tvnovelas.com.br\/tvnews\/wp-json\/wp\/v2\/tags?post=80692"}],"curies":[{"name":"wp","href":"https:\/\/api.w.org\/{rel}","templated":true}]}}