{"id":80710,"date":"2025-08-13T15:33:32","date_gmt":"2025-08-13T18:33:32","guid":{"rendered":"https:\/\/www.tvnovelas.com.br\/tvnews\/?p=80710"},"modified":"2025-08-13T15:37:42","modified_gmt":"2025-08-13T18:37:42","slug":"eta-mundo-melhor-candinho-da-flagra-em-dita-e-clovis","status":"publish","type":"post","link":"https:\/\/www.tvnovelas.com.br\/tvnews\/eta-mundo-melhor-candinho-da-flagra-em-dita-e-clovis\/","title":{"rendered":"\u00cata Mundo Melhor!: Candinho d\u00e1 flagra em Dita e Cl\u00f3vis"},"content":{"rendered":"<figure id=\"attachment_80711\" aria-describedby=\"caption-attachment-80711\" style=\"width: 728px\" class=\"wp-caption alignnone\"><img data-recalc-dims=\"1\" decoding=\"async\" class=\"wp-image-80711 size-full\" title=\"(Foto: TV Globo\/\u00cata Mundo Melhor!)\" src=\"https:\/\/i0.wp.com\/www.tvnovelas.com.br\/tvnews\/wp-content\/uploads\/2025\/08\/11767.jpg?resize=728%2C409&#038;ssl=1\" alt=\"\u00cata Mundo Melhor!: Candinho d\u00e1 flagra em Dita e Cl\u00f3vis\" width=\"728\" height=\"409\" srcset=\"https:\/\/i0.wp.com\/www.tvnovelas.com.br\/tvnews\/wp-content\/uploads\/2025\/08\/11767.jpg?w=728&amp;ssl=1 728w, https:\/\/i0.wp.com\/www.tvnovelas.com.br\/tvnews\/wp-content\/uploads\/2025\/08\/11767.jpg?resize=250%2C140&amp;ssl=1 250w\" sizes=\"(max-width: 728px) 100vw, 728px\" \/><figcaption id=\"caption-attachment-80711\" class=\"wp-caption-text\">\u00cata Mundo Melhor!: Candinho d\u00e1 flagra em Dita e Cl\u00f3vis<\/figcaption><\/figure>\n<p>Em \u00cata Mundo Melhor!, Candinho (Sergio Guiz\u00e9) recebeu um convite de Zulma (Heloisa P\u00e9riss\u00e9) para um piquenique ao ar livre. Quem n\u00e3o gosta nada dessa hist\u00f3ria \u00e9 Policarpo que, como bom amigo, aconselha o caipira a procurar Dita (Jeniffer Nascimento).<\/p>\n<p>Candinho aceita a sugest\u00e3o e vai atr\u00e1s da cantora. Enquanto isso, Dita est\u00e1 na pens\u00e3o pronta para mais um dia de trabalho. Mas antes de colocar os p\u00e9s na rua, ela d\u00e1 de cara com Cl\u00f3vis (Dudu Azevedo), que oferece uma carona at\u00e9 a r\u00e1dio.<\/p>\n<p>Dita aceita o convite e entra no autom\u00f3vel:<\/p>\n<p>&#8220;Eita, qui \u00e9 um carr\u00e3o bunito pur dimas&#8221;, elogia a artista.<\/p>\n<p>Cl\u00f3vis agradece, e ela deixa claro:<\/p>\n<p>&#8220;Olha, Cr\u00f3vis, eu t\u00f4 pegando carona c\u2019oc\u00ea, mas n\u00f3is \u00e9 s\u00f3 amigo.&#8221;<\/p>\n<p>&#8220;Por enquanto&#8230; Quem sabe um dia eu n\u00e3o consigo fazer voc\u00ea se apaixonar por mim?&#8221;, responde Cl\u00f3vis, esbanjando confian\u00e7a.<\/p>\n<p>De longe, Candinho avista os dois e se entristece:<\/p>\n<p>&#8220;Perdi, Policarpo&#8230; Perdi a Dita&#8230; Cheguei tarde dimais e agora ela t\u00e1 com \u00f4tro.&#8221;<br \/>\n<!--FIM--><\/p>\n<h2>Sobre a novela:<\/h2>\n<p><a href=\"https:\/\/tvnovelas.com.br\/page2\/arquivo\/eta-mundo-melhor-a-volta-de-candinho-e-policarpo\/&quot;\" target=\"_blank\" rel=\"noopener\">\u00cata Mundo Melhor!: A volta de Candinho e Policarpo<\/a> (Sinopse)<br \/>\n<a href=\"https:\/\/pt.wikipedia.org\/wiki\/%C3%8Ata_Mundo_Melhor!\" target=\"_blank\" rel=\"noopener\">Sobre \u00cata Mundo Melhor!, na Wikipedia<\/a><\/p>\n<div style=\"font-size: 120%;\"><h3>Confira tamb\u00e9m<\/h3>\r\n<a href=\"https:\/\/tvnovelas.com.br\/novelas\/\" rel=\"noopener\" target=\"_blank\"><strong>Todos os resumos de novelas<\/strong><\/a><\/br>\r\n<a href=\"https:\/\/www.tvnovelas.com.br\/tvnews\/\" rel=\"noopener\" target=\"_blank\"><strong>\u00daltimas not\u00edcias das novelas<\/strong><\/a><\/br>\r\n<a href=\"https:\/\/www.tvnovelas.com.br\/filmes\/\" target=\"_blank\" rel=\"noopener noreferrer\"><strong>Programa\u00e7\u00e3o de filmes na TV aberta<\/strong><\/a><\/br>\r\n<a href=\"https:\/\/caetenews.com.br\/semana\/filmes-da-globo-na-sessao-da-tarde-desta-semana\/\" target=\"_blank\" rel=\"noopener\"><strong>Confira os filmes da semana na Sess\u00e3o da Tarde<\/strong><\/a><\/br>\r\n<a href=\"https:\/\/classindportal.mj.gov.br\/consulta-filmes\" target=\"_blank\" rel=\"noopener\"><strong>Consulte a classifica\u00e7\u00e3o indicativa dos filmes e novelas<\/strong><\/a><\/br><\/div>\n","protected":false},"excerpt":{"rendered":"<p>\u00cata Mundo Melhor!:   Candinho d\u00e1 flagra em Dita e Cl\u00f3vis&#8230; Em \u00cata Mundo Melhor!, Candinho (Sergio Guiz\u00e9) recebeu um convite de Zulma (Heloisa P\u00e9riss\u00e9) para&#8230; <\/p>\n","protected":false},"author":1,"featured_media":80711,"comment_status":"closed","ping_status":"closed","sticky":false,"template":"","format":"standard","meta":{"_uf_show_specific_survey":0,"_uf_disable_surveys":false,"_jetpack_memberships_contains_paid_content":false,"footnotes":"","_wp_rev_ctl_limit":""},"categories":[920],"tags":[],"class_list":["post-80710","post","type-post","status-publish","format-standard","has-post-thumbnail","hentry","category-eta-mundo-melhor","wpcat-920-id"],"aioseo_notices":[],"jetpack_featured_media_url":"https:\/\/i0.wp.com\/www.tvnovelas.com.br\/tvnews\/wp-content\/uploads\/2025\/08\/11767.jpg?fit=728%2C409&ssl=1","jetpack_shortlink":"https:\/\/wp.me\/pdP2BO-kZM","jetpack_sharing_enabled":true,"_links":{"self":[{"href":"https:\/\/www.tvnovelas.com.br\/tvnews\/wp-json\/wp\/v2\/posts\/80710","targetHints":{"allow":["GET"]}}],"collection":[{"href":"https:\/\/www.tvnovelas.com.br\/tvnews\/wp-json\/wp\/v2\/posts"}],"about":[{"href":"https:\/\/www.tvnovelas.com.br\/tvnews\/wp-json\/wp\/v2\/types\/post"}],"author":[{"embeddable":true,"href":"https:\/\/www.tvnovelas.com.br\/tvnews\/wp-json\/wp\/v2\/users\/1"}],"replies":[{"embeddable":true,"href":"https:\/\/www.tvnovelas.com.br\/tvnews\/wp-json\/wp\/v2\/comments?post=80710"}],"version-history":[{"count":2,"href":"https:\/\/www.tvnovelas.com.br\/tvnews\/wp-json\/wp\/v2\/posts\/80710\/revisions"}],"predecessor-version":[{"id":80713,"href":"https:\/\/www.tvnovelas.com.br\/tvnews\/wp-json\/wp\/v2\/posts\/80710\/revisions\/80713"}],"wp:featuredmedia":[{"embeddable":true,"href":"https:\/\/www.tvnovelas.com.br\/tvnews\/wp-json\/wp\/v2\/media\/80711"}],"wp:attachment":[{"href":"https:\/\/www.tvnovelas.com.br\/tvnews\/wp-json\/wp\/v2\/media?parent=80710"}],"wp:term":[{"taxonomy":"category","embeddable":true,"href":"https:\/\/www.tvnovelas.com.br\/tvnews\/wp-json\/wp\/v2\/categories?post=80710"},{"taxonomy":"post_tag","embeddable":true,"href":"https:\/\/www.tvnovelas.com.br\/tvnews\/wp-json\/wp\/v2\/tags?post=80710"}],"curies":[{"name":"wp","href":"https:\/\/api.w.org\/{rel}","templated":true}]}}