{"id":80727,"date":"2025-08-14T08:17:51","date_gmt":"2025-08-14T11:17:51","guid":{"rendered":"https:\/\/www.tvnovelas.com.br\/tvnews\/?p=80727"},"modified":"2025-08-14T08:17:51","modified_gmt":"2025-08-14T11:17:51","slug":"eta-mundo-melhor-o-verdadeiro-clovis-e-revelado","status":"publish","type":"post","link":"https:\/\/www.tvnovelas.com.br\/tvnews\/eta-mundo-melhor-o-verdadeiro-clovis-e-revelado\/","title":{"rendered":"\u00cata Mundo Melhor!: O verdadeiro Cl\u00f3vis \u00e9 revelado"},"content":{"rendered":"<figure id=\"attachment_80728\" aria-describedby=\"caption-attachment-80728\" style=\"width: 728px\" class=\"wp-caption alignnone\"><img data-recalc-dims=\"1\" decoding=\"async\" class=\"wp-image-80728 size-full\" title=\"(Foto: TV Globo\/\u00cata Mundo Melhor!)\" src=\"https:\/\/i0.wp.com\/www.tvnovelas.com.br\/tvnews\/wp-content\/uploads\/2025\/08\/11770.jpg?resize=728%2C409&#038;ssl=1\" alt=\"Foto em \u00cata Mundo Melhor!: O verdadeiro Cl\u00f3vis \u00e9 revelado\" width=\"728\" height=\"409\" srcset=\"https:\/\/i0.wp.com\/www.tvnovelas.com.br\/tvnews\/wp-content\/uploads\/2025\/08\/11770.jpg?w=728&amp;ssl=1 728w, https:\/\/i0.wp.com\/www.tvnovelas.com.br\/tvnews\/wp-content\/uploads\/2025\/08\/11770.jpg?resize=250%2C140&amp;ssl=1 250w\" sizes=\"(max-width: 728px) 100vw, 728px\" \/><figcaption id=\"caption-attachment-80728\" class=\"wp-caption-text\">\u00cata Mundo Melhor!: O verdadeiro Cl\u00f3vis \u00e9 revelado<\/figcaption><\/figure>\n<p>Em \u00cata Mundo Melhor!, Cl\u00f3vis (Dudu Azevedo) apareceu na vida de Dita (Jeniffer Nascimento) se apresentando como um f\u00e3 da artista. E ultimamente ele tem defendido esse papel muito bem: comprou flores, fez convite para jantar e at\u00e9 falou em namoro. E sempre se passando por um rica\u00e7o, com direito a autom\u00f3vel de luxo na garagem. Mas o verdadeiro Cl\u00f3vis ser\u00e1 revelado.<\/p>\n<p>Cl\u00f3vis em \u00cata Mundo Melhor!, Dudu Azevedo volta \u00e0 Globo ap\u00f3s 10 anos: &#8216;Esbarrei com a produtora no shopping&#8217;<\/p>\n<p>No carro que apresentou a Dita como se fosse seu, Cl\u00f3vis conversar\u00e1 com Hayd\u00e9e, uma mulher que est\u00e1 sentada no banco detr\u00e1s.<\/p>\n<p>Enquanto dirige, ele escuta Dita cantar na r\u00e1dio e comenta para si mesmo o quanto a voz dela \u00e9 bel\u00edssima. De repente, Hayd\u00e9e interfere nos pensamentos dele:<\/p>\n<p>&#8220;Canta mesmo, Cl\u00f3vis.&#8221;<\/p>\n<p>Ele se desculpa pela falta de aten\u00e7\u00e3o e, de repente, a cena revela que Cl\u00f3vis trabalha como motorista de Hayd\u00e9e. Ou seja, a hist\u00f3ria de que ele \u00e9 rico e de que \u00e9 dono do carro \u00e9 balela.<\/p>\n<p>&#8220;Desculpe, dona Hayd\u00e9e, acabei pensando alto&#8221;, diz Cl\u00f3vis, sem jeito.<\/p>\n<p>Dona Hayd\u00e9e concorda sobre a voz de Dita e logo depois d\u00e1 uma ordem a seu chofer:<\/p>\n<p>&#8220;Vamos! N\u00e3o posso chegar atrasada na reuni\u00e3o com os fornecedores.&#8221;<br \/>\n<!--FIM--><\/p>\n<h2>Sobre a novela:<\/h2>\n<p><a href=\"https:\/\/tvnovelas.com.br\/page2\/arquivo\/eta-mundo-melhor-a-volta-de-candinho-e-policarpo\/&quot;\" target=\"_blank\" rel=\"noopener\">\u00cata Mundo Melhor!: A volta de Candinho e Policarpo<\/a> (Sinopse)<br \/>\n<a href=\"https:\/\/pt.wikipedia.org\/wiki\/%C3%8Ata_Mundo_Melhor!\" target=\"_blank\" rel=\"noopener\">Sobre \u00cata Mundo Melhor!, na Wikipedia<\/a><\/p>\n<div style=\"font-size: 120%;\"><h3>Confira tamb\u00e9m<\/h3>\r\n<a href=\"https:\/\/tvnovelas.com.br\/novelas\/\" rel=\"noopener\" target=\"_blank\"><strong>Todos os resumos de novelas<\/strong><\/a><\/br>\r\n<a href=\"https:\/\/www.tvnovelas.com.br\/tvnews\/\" rel=\"noopener\" target=\"_blank\"><strong>\u00daltimas not\u00edcias das novelas<\/strong><\/a><\/br>\r\n<a href=\"https:\/\/www.tvnovelas.com.br\/filmes\/\" target=\"_blank\" rel=\"noopener noreferrer\"><strong>Programa\u00e7\u00e3o de filmes na TV aberta<\/strong><\/a><\/br>\r\n<a href=\"https:\/\/caetenews.com.br\/semana\/filmes-da-globo-na-sessao-da-tarde-desta-semana\/\" target=\"_blank\" rel=\"noopener\"><strong>Confira os filmes da semana na Sess\u00e3o da Tarde<\/strong><\/a><\/br>\r\n<a href=\"https:\/\/classindportal.mj.gov.br\/consulta-filmes\" target=\"_blank\" rel=\"noopener\"><strong>Consulte a classifica\u00e7\u00e3o indicativa dos filmes e novelas<\/strong><\/a><\/br><\/div>\n","protected":false},"excerpt":{"rendered":"<p>\u00cata Mundo Melhor!: O verdadeiro Cl\u00f3vis \u00e9 revelado&#8230; Em \u00cata Mundo Melhor!, Cl\u00f3vis (Dudu Azevedo) apareceu na vida de Dita (Jeniffer Nascimento) se apresentando&#8230;<\/p>\n","protected":false},"author":1,"featured_media":80728,"comment_status":"closed","ping_status":"closed","sticky":false,"template":"","format":"standard","meta":{"_uf_show_specific_survey":0,"_uf_disable_surveys":false,"_jetpack_memberships_contains_paid_content":false,"footnotes":"","_wp_rev_ctl_limit":""},"categories":[920],"tags":[921,5,64],"class_list":["post-80727","post","type-post","status-publish","format-standard","has-post-thumbnail","hentry","category-eta-mundo-melhor","tag-eta-mundo-melhor","tag-globo","tag-novelas","wpcat-920-id"],"aioseo_notices":[],"jetpack_featured_media_url":"https:\/\/i0.wp.com\/www.tvnovelas.com.br\/tvnews\/wp-content\/uploads\/2025\/08\/11770.jpg?fit=728%2C409&ssl=1","jetpack_shortlink":"https:\/\/wp.me\/pdP2BO-l03","jetpack_sharing_enabled":true,"_links":{"self":[{"href":"https:\/\/www.tvnovelas.com.br\/tvnews\/wp-json\/wp\/v2\/posts\/80727","targetHints":{"allow":["GET"]}}],"collection":[{"href":"https:\/\/www.tvnovelas.com.br\/tvnews\/wp-json\/wp\/v2\/posts"}],"about":[{"href":"https:\/\/www.tvnovelas.com.br\/tvnews\/wp-json\/wp\/v2\/types\/post"}],"author":[{"embeddable":true,"href":"https:\/\/www.tvnovelas.com.br\/tvnews\/wp-json\/wp\/v2\/users\/1"}],"replies":[{"embeddable":true,"href":"https:\/\/www.tvnovelas.com.br\/tvnews\/wp-json\/wp\/v2\/comments?post=80727"}],"version-history":[{"count":2,"href":"https:\/\/www.tvnovelas.com.br\/tvnews\/wp-json\/wp\/v2\/posts\/80727\/revisions"}],"predecessor-version":[{"id":80730,"href":"https:\/\/www.tvnovelas.com.br\/tvnews\/wp-json\/wp\/v2\/posts\/80727\/revisions\/80730"}],"wp:featuredmedia":[{"embeddable":true,"href":"https:\/\/www.tvnovelas.com.br\/tvnews\/wp-json\/wp\/v2\/media\/80728"}],"wp:attachment":[{"href":"https:\/\/www.tvnovelas.com.br\/tvnews\/wp-json\/wp\/v2\/media?parent=80727"}],"wp:term":[{"taxonomy":"category","embeddable":true,"href":"https:\/\/www.tvnovelas.com.br\/tvnews\/wp-json\/wp\/v2\/categories?post=80727"},{"taxonomy":"post_tag","embeddable":true,"href":"https:\/\/www.tvnovelas.com.br\/tvnews\/wp-json\/wp\/v2\/tags?post=80727"}],"curies":[{"name":"wp","href":"https:\/\/api.w.org\/{rel}","templated":true}]}}