{"id":80732,"date":"2025-08-14T08:31:27","date_gmt":"2025-08-14T11:31:27","guid":{"rendered":"https:\/\/www.tvnovelas.com.br\/tvnews\/?p=80732"},"modified":"2025-08-14T08:31:50","modified_gmt":"2025-08-14T11:31:50","slug":"dona-de-mim-filipa-em-surto-se-mete-em-confusao-em-bar","status":"publish","type":"post","link":"https:\/\/www.tvnovelas.com.br\/tvnews\/dona-de-mim-filipa-em-surto-se-mete-em-confusao-em-bar\/","title":{"rendered":"Dona de Mim: Filipa em surto se mete em confus\u00e3o em bar"},"content":{"rendered":"<figure id=\"attachment_80733\" aria-describedby=\"caption-attachment-80733\" style=\"width: 728px\" class=\"wp-caption alignnone\"><img data-recalc-dims=\"1\" decoding=\"async\" class=\"wp-image-80733 size-full\" title=\"(Foto: TV Globo\/Dona de Mim)\" src=\"https:\/\/i0.wp.com\/www.tvnovelas.com.br\/tvnews\/wp-content\/uploads\/2025\/08\/11771.jpg?resize=728%2C410&#038;ssl=1\" alt=\"Foto eDona de Mim: Filipa em surto se mete em confus\u00e3o em barm \" width=\"728\" height=\"410\" srcset=\"https:\/\/i0.wp.com\/www.tvnovelas.com.br\/tvnews\/wp-content\/uploads\/2025\/08\/11771.jpg?w=728&amp;ssl=1 728w, https:\/\/i0.wp.com\/www.tvnovelas.com.br\/tvnews\/wp-content\/uploads\/2025\/08\/11771.jpg?resize=250%2C141&amp;ssl=1 250w\" sizes=\"(max-width: 728px) 100vw, 728px\" \/><figcaption id=\"caption-attachment-80733\" class=\"wp-caption-text\">Dona de Mim: Filipa em surto se mete em confus\u00e3o em bar<\/figcaption><\/figure>\n<p>Em Dona de Mim, Filipa (Cl\u00e1udia Abreu) come\u00e7ou a trabalhar em um call center, mas n\u00e3o vai durar muito no novo emprego. A atriz ser\u00e1 demitida e n\u00e3o ir\u00e1 lidar bem com isso. Filipa ir\u00e1 para um bar, onde ter\u00e1 alucina\u00e7\u00f5es e acabar\u00e1 se metendo em uma grande confus\u00e3o com homens desconhecidos, ficando em perigo. Vem saber mais.<\/p>\n<p>\u201cFilipa! Voc\u00ea n\u00e3o pode gritar com um cliente!\u201d, alerta a chefe de Filipa.<\/p>\n<p>\u201cEle n\u00e3o quis minha ajuda! Eu sou a \u00fanica aqui que pode ajudar! Eu!\u201d, reage Filipa.<\/p>\n<p>\u201c\u00c9 melhor voc\u00ea ir embora. \u00c9! Vai embora! Voc\u00ea est\u00e1 demitida!\u201d, afirma a chefe.<\/p>\n<p>\u201cN\u00e3o vou brigar com voc\u00ea. Minha energia est\u00e1 com uma vibra\u00e7\u00e3o muito alta! Agora voc\u00ea&#8230; Cuidado!\u201d, diz ela.<\/p>\n<p>Filipa sair\u00e1 dali e andar\u00e1 sem rumo pelas ruas at\u00e9 que ir\u00e1 parar em um bar. Filipa estar\u00e1 agitada e ir\u00e1 tirar o look executiva na frente de homens, que aplaudir\u00e3o a cena.<\/p>\n<p>\u201cEssa roupa capitalista! Sai de cima de mim! Liberdade!\u201d<\/p>\n<p>Depois, Filipa come\u00e7ar\u00e1 a falar no bar, como se tivesse em um teatro, mas, na verdade, s\u00f3 haver\u00e1 homens b\u00eabados na \u201cplateia\u201d.<\/p>\n<p>\u201cGaleria, obrigada! Balc\u00e3o simples, obrigada! Frisas! Obrigada! Balc\u00e3o nobre, obrigada! Camarotes, obrigada! E minha plateia amada, muito obrigada!\u201d<\/p>\n<p>De repente, os homens tentar\u00e3o puxar Filipa, que ainda estar\u00e1 em del\u00edrio e n\u00e3o se dar\u00e1 conta da gravidade. O dono do bar tentar\u00e1 intervir.<\/p>\n<p>\u201cSolta ela! Isso vai dar pol\u00edcia. N\u00e3o est\u00e1 vendo que ela n\u00e3o est\u00e1 bem?\u201d, diz ele para o cliente.<\/p>\n<p>\u201cEu estou \u00f3tima! Me sinto \u00f3tima! N\u00e3o acham?\u201d, reage ela.<\/p>\n<p>Preocupado, o dono do bar pegar\u00e1 o telefone de Filipa e ligar\u00e1 para Nina (Flora Camolese), que pedir\u00e1 a ajuda de Jaques (Marcello Novaes).<\/p>\n<p>\u201cVoc\u00ea precisa me ajudar! \u00c9 urgente! Minha m\u00e3e est\u00e1 em perigo!\u201d<br \/>\n<!--FIM--><br \/>\n<strong>Sobre a novela<\/strong><br \/>\n<a href=\"https:\/\/wp.me\/pfspD2-UO\" target=\"_blank\" rel=\"noopener\">Dona de Mim: A trama da novela<\/a><br \/>\n<a href=\"https:\/\/wp.me\/pfspD2-UG\" target=\"_blank\" rel=\"noopener\">Dona de Mim: A fam\u00edlia Boaz e seu imp\u00e9rio de lingerie<\/a><\/p>\n<div style=\"font-size: 120%;\"><h3>Confira tamb\u00e9m<\/h3>\r\n<a href=\"https:\/\/tvnovelas.com.br\/novelas\/\" rel=\"noopener\" target=\"_blank\"><strong>Todos os resumos de novelas<\/strong><\/a><\/br>\r\n<a href=\"https:\/\/www.tvnovelas.com.br\/tvnews\/\" rel=\"noopener\" target=\"_blank\"><strong>\u00daltimas not\u00edcias das novelas<\/strong><\/a><\/br>\r\n<a href=\"https:\/\/www.tvnovelas.com.br\/filmes\/\" target=\"_blank\" rel=\"noopener noreferrer\"><strong>Programa\u00e7\u00e3o de filmes na TV aberta<\/strong><\/a><\/br>\r\n<a href=\"https:\/\/caetenews.com.br\/semana\/filmes-da-globo-na-sessao-da-tarde-desta-semana\/\" target=\"_blank\" rel=\"noopener\"><strong>Confira os filmes da semana na Sess\u00e3o da Tarde<\/strong><\/a><\/br>\r\n<a href=\"https:\/\/classindportal.mj.gov.br\/consulta-filmes\" target=\"_blank\" rel=\"noopener\"><strong>Consulte a classifica\u00e7\u00e3o indicativa dos filmes e novelas<\/strong><\/a><\/br><\/div>\n","protected":false},"excerpt":{"rendered":"<p>Dona de Mim: Filipa em surto se mete em confus\u00e3o em bar&#8230; Em Dona de Mim, Filipa (Cl\u00e1udia Abreu) come\u00e7ou a trabalhar em um call center, mas n\u00e3o vai durar&#8230;<\/p>\n","protected":false},"author":1,"featured_media":80733,"comment_status":"closed","ping_status":"closed","sticky":false,"template":"","format":"standard","meta":{"_uf_show_specific_survey":0,"_uf_disable_surveys":false,"_jetpack_memberships_contains_paid_content":false,"footnotes":"","_wp_rev_ctl_limit":""},"categories":[884],"tags":[883,5,64],"class_list":["post-80732","post","type-post","status-publish","format-standard","has-post-thumbnail","hentry","category-dona-de-mim","tag-dona-de-mim","tag-globo","tag-novelas","wpcat-884-id"],"aioseo_notices":[],"jetpack_featured_media_url":"https:\/\/i0.wp.com\/www.tvnovelas.com.br\/tvnews\/wp-content\/uploads\/2025\/08\/11771.jpg?fit=728%2C410&ssl=1","jetpack_shortlink":"https:\/\/wp.me\/pdP2BO-l08","jetpack_sharing_enabled":true,"_links":{"self":[{"href":"https:\/\/www.tvnovelas.com.br\/tvnews\/wp-json\/wp\/v2\/posts\/80732","targetHints":{"allow":["GET"]}}],"collection":[{"href":"https:\/\/www.tvnovelas.com.br\/tvnews\/wp-json\/wp\/v2\/posts"}],"about":[{"href":"https:\/\/www.tvnovelas.com.br\/tvnews\/wp-json\/wp\/v2\/types\/post"}],"author":[{"embeddable":true,"href":"https:\/\/www.tvnovelas.com.br\/tvnews\/wp-json\/wp\/v2\/users\/1"}],"replies":[{"embeddable":true,"href":"https:\/\/www.tvnovelas.com.br\/tvnews\/wp-json\/wp\/v2\/comments?post=80732"}],"version-history":[{"count":2,"href":"https:\/\/www.tvnovelas.com.br\/tvnews\/wp-json\/wp\/v2\/posts\/80732\/revisions"}],"predecessor-version":[{"id":80735,"href":"https:\/\/www.tvnovelas.com.br\/tvnews\/wp-json\/wp\/v2\/posts\/80732\/revisions\/80735"}],"wp:featuredmedia":[{"embeddable":true,"href":"https:\/\/www.tvnovelas.com.br\/tvnews\/wp-json\/wp\/v2\/media\/80733"}],"wp:attachment":[{"href":"https:\/\/www.tvnovelas.com.br\/tvnews\/wp-json\/wp\/v2\/media?parent=80732"}],"wp:term":[{"taxonomy":"category","embeddable":true,"href":"https:\/\/www.tvnovelas.com.br\/tvnews\/wp-json\/wp\/v2\/categories?post=80732"},{"taxonomy":"post_tag","embeddable":true,"href":"https:\/\/www.tvnovelas.com.br\/tvnews\/wp-json\/wp\/v2\/tags?post=80732"}],"curies":[{"name":"wp","href":"https:\/\/api.w.org\/{rel}","templated":true}]}}