{"id":80767,"date":"2025-08-14T16:56:36","date_gmt":"2025-08-14T19:56:36","guid":{"rendered":"https:\/\/www.tvnovelas.com.br\/tvnews\/?p=80767"},"modified":"2025-08-15T10:58:22","modified_gmt":"2025-08-15T13:58:22","slug":"o-que-acontece-em-vale-tudo-na-semana-18-a-23-08","status":"publish","type":"post","link":"https:\/\/www.tvnovelas.com.br\/tvnews\/o-que-acontece-em-vale-tudo-na-semana-18-a-23-08\/","title":{"rendered":"O que acontece em Vale Tudo na semana 18 a 23\/08"},"content":{"rendered":"<div style=\"background-color: #253900;  border-style: solid; border-width:0px 0px 10px 0px; solid green; border-radius: 30px; padding: 10px; font-size: 125%; text-align : justify;\">\n.<br \/>\n<figure id=\"attachment_80770\" aria-describedby=\"caption-attachment-80770\" style=\"width: 728px\" class=\"wp-caption alignnone\"><img data-recalc-dims=\"1\" decoding=\"async\" src=\"https:\/\/i0.wp.com\/www.tvnovelas.com.br\/tvnews\/wp-content\/uploads\/2025\/08\/11778.jpg?resize=728%2C409&#038;ssl=1\" alt=\"Foto em Vale Tudo na semana 18 a 23\/08\" width=\"728\" height=\"409\" class=\"size-full wp-image-80770\" srcset=\"https:\/\/i0.wp.com\/www.tvnovelas.com.br\/tvnews\/wp-content\/uploads\/2025\/08\/11778.jpg?w=728&amp;ssl=1 728w, https:\/\/i0.wp.com\/www.tvnovelas.com.br\/tvnews\/wp-content\/uploads\/2025\/08\/11778.jpg?resize=250%2C140&amp;ssl=1 250w\" sizes=\"(max-width: 728px) 100vw, 728px\" \/><figcaption id=\"caption-attachment-80770\" class=\"wp-caption-text\">Vale Tudo na semana 18 a 23\/08<\/figcaption><\/figure><br \/>\n<strong style=\"color: #FFE100;\">Nos pr\u00f3ximos cap\u00edtulos de Vale Tudo, <\/strong><span style=\"color: #FFE100; font-size: 110%;\">Ivan cai em arma\u00e7\u00e3o de Odete e \u00e9 preso por corrup\u00e7\u00e3o ativa; F\u00e1tima acaba contando para Odete que Celina \u00e9 s\u00f3cia de Raquel; Celina \u00e9 obrigada a vender a sua parte na Paladar a Odete; Maria de F\u00e1tima confronta C\u00e9sar no quarto de hotel com Odete; Afonso expulsa Maria de F\u00e1tima de casa e termina a rela\u00e7\u00e3o com ela; C\u00e9sar deixa claro a Maria de F\u00e1tima que a rela\u00e7\u00e3o entre eles terminou&#8230;.<\/span>\n<\/div>\n<h2 style=\"color: #FF9B00;\">Resumo de segunda-feira, 18 de agosto<\/h2>\n<p>Raquel v\u00ea quando Maria de F\u00e1tima \u00e9 levada para o hospital. Maria de F\u00e1tima se desespera ao saber que o que fez n\u00e3o afetou sua gravidez. A m\u00e9dica avisa a Afonso que Maria de F\u00e1tima est\u00e1 gr\u00e1vida. Celina confronta Maria de F\u00e1tima. Afonso fica intrigado ao sentir falta de uma pasta com relat\u00f3rios da TCA. Maria de F\u00e1tima diz a C\u00e9sar que os g\u00eameos que Solange espera podem ser de Afonso. Maria de F\u00e1tima suborna uma funcion\u00e1ria do laborat\u00f3rio e descobre que o exame de Afonso que Celina lhe mostrou \u00e9 falso. Maria de F\u00e1tima planeja fazer Solange perder os beb\u00eas. Enquanto C\u00e9sar distrai Sardinha e Solange na Tomorrow, Maria de F\u00e1tima entra na casa de Solange para manipular os rem\u00e9dios da diretora de cria\u00e7\u00e3o.<br \/>\n\u00a0<\/p>\n<h2 style=\"color: #FF9B00;\">Resumo de tera\u00e7-feira, 19 de agosto<\/h2>\n<p>Maria de F\u00e1tima conta a C\u00e9sar que n\u00e3o teve coragem de sabotar o rem\u00e9dio de Solange. Sardinha resolve investigar Maria de F\u00e1tima. Raquel tem mau pressentimento com a negocia\u00e7\u00e3o que Ivan teve que fazer com Odete para sair da TCA. Ivan indica Luciano para a equipe de Afonso. Ivan n\u00e3o nota o gravador que Gerson, colocou debaixo da mesa do restaurante, e acaba criando uma prova contra si mesmo ao fazer uma proposta il\u00edcita ao fiscal da Receita Federal. Ivan \u00e9 preso por corrup\u00e7\u00e3o ativa.<br \/>\n\u00a0<\/p>\n<h2 style=\"color: #FF9B00;\">Resumo de quarta-feira, 20 de agosto<\/h2>\n<p>Gilda avisa a Raquel sobre a pris\u00e3o de Ivan. Odete finge surpresa ao ser avisada pela Pol\u00edcia Federal que Ivan foi preso. Maria de F\u00e1tima conta a C\u00e9sar que conseguiu apressar o exame de DNA subornando uma funcion\u00e1ria do laborat\u00f3rio, e que o resultado confirma a paternidade do amante. Ivan se d\u00e1 conta de que caiu na arma\u00e7\u00e3o de Odete. Raquel acusa Odete na delegacia. Alde\u00edde se oferece para emprestar o dinheiro da fian\u00e7a de Ivan. Marco Aur\u00e9lio avisa a Leila que talvez eles tenham que sair do pa\u00eds. Sardinha procura Afonso dizendo que tem provas contra Maria de F\u00e1tima.<br \/>\n\u00a0<\/p>\n<h2 style=\"color: #FF9B00;\">Resumo de quinta-feira, 21 de agosto<\/h2>\n<p>Afonso fica atordoado com todas as provas e informa\u00e7\u00f5es apresentadas por Sardinha. Afonso flagra Maria de F\u00e1tima com C\u00e9sar. Heleninha conta ao grupo do AA como Leonardo morreu. Bartolomeu acolhe Ivan. Celina chama Odete, ao ver Maria de F\u00e1tima discutindo com Afonso. Maria de F\u00e1tima mente para Afonso dizendo que o filho que espera pode ser dele. Afonso expulsa Maria de F\u00e1tima de casa e termina a rela\u00e7\u00e3o com ela. Celina impede que Maria de F\u00e1tima leve as roupas que comprou com o dinheiro de sua fam\u00edlia. Andr\u00e9 fica sabendo que o patrocinador comprou a Estrela, uma \u00e9gua campe\u00e3, para ele. Odete tem embate com Maria de F\u00e1tima, que acaba contando que Celina \u00e9 s\u00f3cia de Raquel.<br \/>\n\u00a0<\/p>\n<h2 style=\"color: #FF9B00;\">Resumo de sexta-feira, 22 de agosto<\/h2>\n<p>Odete se sente tra\u00edda por Celina e amea\u00e7a contar a Heleninha sobre a sociedade da irm\u00e3 com Raquel. Maria de F\u00e1tima chega ao apart hotel e v\u00ea que C\u00e9sar retirou seus pertences do apartamento. Olavo sugere que Maria de F\u00e1tima pe\u00e7a ajuda a Raquel. Bartolomeu diz a Eunice que est\u00e1 vasculhando a vida de Gerson. Afonso procura Solange para pedir desculpas. Marco Aur\u00e9lio manda Freitas demitir C\u00e9sar. Alde\u00edde empresta o dinheiro da fian\u00e7a, e Ivan \u00e9 liberado da cadeia. Celina \u00e9 obrigada a vender a sua parte na Paladar a Odete. Maria de F\u00e1tima pede apoio a Leila. C\u00e9sar deixa claro a Maria de F\u00e1tima que a rela\u00e7\u00e3o entre eles terminou. Odete surpreende a todos da Paladar ao avisar que a empresa vai fechar.<br \/>\n\u00a0<\/p>\n<h2 style=\"color: #FF9B00;\">Resumo de s\u00e1bado, 23 de agosto<\/h2>\n<p>Raquel se d\u00e1 conta de que, al\u00e9m de perder a Paladar, ficar\u00e1 com d\u00edvidas. Raquel e Poliana avisam aos funcion\u00e1rios sobre o fechamento da Paladar. Marco Aur\u00e9lio comenta com Leila que a situa\u00e7\u00e3o confusa em que se encontra a fam\u00edlia Roitman favorece as realiza\u00e7\u00f5es de suas transa\u00e7\u00f5es il\u00edcitas. Ivan se sente culpado pelo fechamento da Paladar. Raquel estranha ao ver C\u00e9sar dirigindo o carro de Odete. Cec\u00edlia e La\u00eds se surpreendem com a chegada de v\u00e1rios equipamentos alugados por Marco Aur\u00e9lio para a festa de anivers\u00e1rio de Sarita. Maria de F\u00e1tima fica sabendo por Poliana que Raquel viu C\u00e9sar com Odete. Maria de F\u00e1tima confronta C\u00e9sar no quarto de hotel com Odete.<br \/>\n<!--FIM--><br \/>\n<strong>Sobre a novela<\/strong><br \/>\n<a href=\"https:\/\/wp.me\/pfspD2-U7\" target=\"_blank\" rel=\"noopener\">Vale Tudo: Conflitos de princ\u00edpios e valores (Sinopse)<\/a><\/p>\n<p><a href=\"https:\/\/wp.me\/pfspD2-oI\" target=\"_blank\" rel=\"noopener\">Vale Tudo: Invers\u00e3o de valores no final dos anos 1980<\/a> (Sinopse)<\/p>\n<div style=\"font-size: 120%;\"><h3>Confira tamb\u00e9m<\/h3>\r\n<a href=\"https:\/\/tvnovelas.com.br\/novelas\/\" rel=\"noopener\" target=\"_blank\"><strong>Todos os resumos de novelas<\/strong><\/a><\/br>\r\n<a href=\"https:\/\/www.tvnovelas.com.br\/tvnews\/\" rel=\"noopener\" target=\"_blank\"><strong>\u00daltimas not\u00edcias das novelas<\/strong><\/a><\/br>\r\n<a href=\"https:\/\/www.tvnovelas.com.br\/filmes\/\" target=\"_blank\" rel=\"noopener noreferrer\"><strong>Programa\u00e7\u00e3o de filmes na TV aberta<\/strong><\/a><\/br>\r\n<a href=\"https:\/\/caetenews.com.br\/semana\/filmes-da-globo-na-sessao-da-tarde-desta-semana\/\" target=\"_blank\" rel=\"noopener\"><strong>Confira os filmes da semana na Sess\u00e3o da Tarde<\/strong><\/a><\/br>\r\n<a href=\"https:\/\/classindportal.mj.gov.br\/consulta-filmes\" target=\"_blank\" rel=\"noopener\"><strong>Consulte a classifica\u00e7\u00e3o indicativa dos filmes e novelas<\/strong><\/a><\/br><br \/>\n&lt;\/div<\/div>\n","protected":false},"excerpt":{"rendered":"<p>Vale Tudo na semana 18 a 23\/08&#8230; Nos pr\u00f3ximos cap\u00edtulos de Vale Tudo, Sardinha resolve investigar Maria de F\u00e1tima; Ivan cai em arma\u00e7\u00e3o de Odete e \u00e9 preso&#8230;<\/p>\n","protected":false},"author":1,"featured_media":80770,"comment_status":"closed","ping_status":"closed","sticky":false,"template":"","format":"standard","meta":{"_uf_show_specific_survey":0,"_uf_disable_surveys":false,"_jetpack_memberships_contains_paid_content":false,"footnotes":"","_wp_rev_ctl_limit":""},"categories":[871],"tags":[5,64,801],"class_list":["post-80767","post","type-post","status-publish","format-standard","has-post-thumbnail","hentry","category-vale-tudo","tag-globo","tag-novelas","tag-vale-tudo","wpcat-871-id"],"aioseo_notices":[],"jetpack_featured_media_url":"https:\/\/i0.wp.com\/www.tvnovelas.com.br\/tvnews\/wp-content\/uploads\/2025\/08\/11778.jpg?fit=728%2C409&ssl=1","jetpack_shortlink":"https:\/\/wp.me\/pdP2BO-l0H","jetpack_sharing_enabled":true,"_links":{"self":[{"href":"https:\/\/www.tvnovelas.com.br\/tvnews\/wp-json\/wp\/v2\/posts\/80767","targetHints":{"allow":["GET"]}}],"collection":[{"href":"https:\/\/www.tvnovelas.com.br\/tvnews\/wp-json\/wp\/v2\/posts"}],"about":[{"href":"https:\/\/www.tvnovelas.com.br\/tvnews\/wp-json\/wp\/v2\/types\/post"}],"author":[{"embeddable":true,"href":"https:\/\/www.tvnovelas.com.br\/tvnews\/wp-json\/wp\/v2\/users\/1"}],"replies":[{"embeddable":true,"href":"https:\/\/www.tvnovelas.com.br\/tvnews\/wp-json\/wp\/v2\/comments?post=80767"}],"version-history":[{"count":4,"href":"https:\/\/www.tvnovelas.com.br\/tvnews\/wp-json\/wp\/v2\/posts\/80767\/revisions"}],"predecessor-version":[{"id":80805,"href":"https:\/\/www.tvnovelas.com.br\/tvnews\/wp-json\/wp\/v2\/posts\/80767\/revisions\/80805"}],"wp:featuredmedia":[{"embeddable":true,"href":"https:\/\/www.tvnovelas.com.br\/tvnews\/wp-json\/wp\/v2\/media\/80770"}],"wp:attachment":[{"href":"https:\/\/www.tvnovelas.com.br\/tvnews\/wp-json\/wp\/v2\/media?parent=80767"}],"wp:term":[{"taxonomy":"category","embeddable":true,"href":"https:\/\/www.tvnovelas.com.br\/tvnews\/wp-json\/wp\/v2\/categories?post=80767"},{"taxonomy":"post_tag","embeddable":true,"href":"https:\/\/www.tvnovelas.com.br\/tvnews\/wp-json\/wp\/v2\/tags?post=80767"}],"curies":[{"name":"wp","href":"https:\/\/api.w.org\/{rel}","templated":true}]}}