{"id":80779,"date":"2025-08-15T08:19:10","date_gmt":"2025-08-15T11:19:10","guid":{"rendered":"https:\/\/www.tvnovelas.com.br\/tvnews\/?p=80779"},"modified":"2025-08-15T08:19:10","modified_gmt":"2025-08-15T11:19:10","slug":"eta-mundo-melhor-celso-pede-estela-em-casamento","status":"publish","type":"post","link":"https:\/\/www.tvnovelas.com.br\/tvnews\/eta-mundo-melhor-celso-pede-estela-em-casamento\/","title":{"rendered":"\u00cata Mundo Melhor!: Celso pede Estela em casamento"},"content":{"rendered":"<figure id=\"attachment_80780\" aria-describedby=\"caption-attachment-80780\" style=\"width: 727px\" class=\"wp-caption alignnone\"><img data-recalc-dims=\"1\" decoding=\"async\" class=\"wp-image-80780 size-full\" title=\"(Foto: TV Globo\/\u00cata Mundo Melhor!)\" src=\"https:\/\/i0.wp.com\/www.tvnovelas.com.br\/tvnews\/wp-content\/uploads\/2025\/08\/11780.jpg?resize=727%2C410&#038;ssl=1\" alt=\"Foto em \u00cata Mundo Melhor!: Celso pede Estela em casamento\" width=\"727\" height=\"410\" srcset=\"https:\/\/i0.wp.com\/www.tvnovelas.com.br\/tvnews\/wp-content\/uploads\/2025\/08\/11780.jpg?w=727&amp;ssl=1 727w, https:\/\/i0.wp.com\/www.tvnovelas.com.br\/tvnews\/wp-content\/uploads\/2025\/08\/11780.jpg?resize=250%2C141&amp;ssl=1 250w\" sizes=\"(max-width: 727px) 100vw, 727px\" \/><figcaption id=\"caption-attachment-80780\" class=\"wp-caption-text\">\u00cata Mundo Melhor!: Celso pede Estela em casamento<\/figcaption><\/figure>\n<p>Em \u00cata Mundo Melhor!, Celso (Rainer Cadete) est\u00e1 cada vez mais apaixonado por Estela (Larissa Manoela). Ele se encontra pessoalmente com a enfermeira e pergunta como est\u00e1 a sa\u00fade de Anabela (Isabelly Carvalho).<\/p>\n<p>Estela revela que a irm\u00e3 recebeu alta e ele promete visitar a menina durante o jantar. \u00c0 noite, Celso vai at\u00e9 a casa das duas, e a enfermeira comenta:<\/p>\n<p>&#8220;\u00c9 impressionante como ela adora voc\u00ea.&#8221;<\/p>\n<p>&#8220;E eu adoro voc\u00eas duas, voc\u00ea n\u00e3o imagina o quanto. Voc\u00ea e a Anabela deram um outro sentido para minha vida. Eu nunca pensei que fosse sentir um amor t\u00e3o forte depois da partida da Maria&#8221;, revela Celso.<\/p>\n<p>Empolgado, ele pega uma flor que enfeita a sala de Estela, ajoelha-se aos p\u00e9 da mo\u00e7a e fala:<\/p>\n<p>&#8220;Estela, voc\u00ea aceita se casar comigo?&#8221;<\/p>\n<p>De repente, o sorriso some do rosto da professora e ela diz:<\/p>\n<p>&#8220;Voc\u00ea \u00e9 maravilhoso, mas&#8230;&#8221;<\/p>\n<p>&#8220;Mas o qu\u00ea? Qual o problema, Estela? O que voc\u00ea est\u00e1 escondendo de mim?&#8221;, questiona Celso.<br \/>\n<!--FIM--><\/p>\n<h2>Sobre a novela:<\/h2>\n<p><a href=\"https:\/\/tvnovelas.com.br\/page2\/arquivo\/eta-mundo-melhor-a-volta-de-candinho-e-policarpo\/&quot;\" target=\"_blank\" rel=\"noopener\">\u00cata Mundo Melhor!: A volta de Candinho e Policarpo<\/a> (Sinopse)<br \/>\n<a href=\"https:\/\/pt.wikipedia.org\/wiki\/%C3%8Ata_Mundo_Melhor!\" target=\"_blank\" rel=\"noopener\">Sobre \u00cata Mundo Melhor!, na Wikipedia<\/a><\/p>\n<div style=\"font-size: 120%;\"><h3>Confira tamb\u00e9m<\/h3>\r\n<a href=\"https:\/\/tvnovelas.com.br\/novelas\/\" rel=\"noopener\" target=\"_blank\"><strong>Todos os resumos de novelas<\/strong><\/a><\/br>\r\n<a href=\"https:\/\/www.tvnovelas.com.br\/tvnews\/\" rel=\"noopener\" target=\"_blank\"><strong>\u00daltimas not\u00edcias das novelas<\/strong><\/a><\/br>\r\n<a href=\"https:\/\/www.tvnovelas.com.br\/filmes\/\" target=\"_blank\" rel=\"noopener noreferrer\"><strong>Programa\u00e7\u00e3o de filmes na TV aberta<\/strong><\/a><\/br>\r\n<a href=\"https:\/\/caetenews.com.br\/semana\/filmes-da-globo-na-sessao-da-tarde-desta-semana\/\" target=\"_blank\" rel=\"noopener\"><strong>Confira os filmes da semana na Sess\u00e3o da Tarde<\/strong><\/a><\/br>\r\n<a href=\"https:\/\/classindportal.mj.gov.br\/consulta-filmes\" target=\"_blank\" rel=\"noopener\"><strong>Consulte a classifica\u00e7\u00e3o indicativa dos filmes e novelas<\/strong><\/a><\/br><\/div>\n","protected":false},"excerpt":{"rendered":"<p>\u00cata Mundo Melhor!: Celso pede Estela em casamento&#8230; Em \u00cata Mundo Melhor!, Celso (Rainer Cadete) est\u00e1 cada vez mais apaixonado por Estela&#8230;<\/p>\n","protected":false},"author":1,"featured_media":80780,"comment_status":"closed","ping_status":"closed","sticky":false,"template":"","format":"standard","meta":{"_uf_show_specific_survey":0,"_uf_disable_surveys":false,"_jetpack_memberships_contains_paid_content":false,"footnotes":"","_wp_rev_ctl_limit":""},"categories":[920],"tags":[921,5,64],"class_list":["post-80779","post","type-post","status-publish","format-standard","has-post-thumbnail","hentry","category-eta-mundo-melhor","tag-eta-mundo-melhor","tag-globo","tag-novelas","wpcat-920-id"],"aioseo_notices":[],"jetpack_featured_media_url":"https:\/\/i0.wp.com\/www.tvnovelas.com.br\/tvnews\/wp-content\/uploads\/2025\/08\/11780.jpg?fit=727%2C410&ssl=1","jetpack_shortlink":"https:\/\/wp.me\/pdP2BO-l0T","jetpack_sharing_enabled":true,"_links":{"self":[{"href":"https:\/\/www.tvnovelas.com.br\/tvnews\/wp-json\/wp\/v2\/posts\/80779","targetHints":{"allow":["GET"]}}],"collection":[{"href":"https:\/\/www.tvnovelas.com.br\/tvnews\/wp-json\/wp\/v2\/posts"}],"about":[{"href":"https:\/\/www.tvnovelas.com.br\/tvnews\/wp-json\/wp\/v2\/types\/post"}],"author":[{"embeddable":true,"href":"https:\/\/www.tvnovelas.com.br\/tvnews\/wp-json\/wp\/v2\/users\/1"}],"replies":[{"embeddable":true,"href":"https:\/\/www.tvnovelas.com.br\/tvnews\/wp-json\/wp\/v2\/comments?post=80779"}],"version-history":[{"count":1,"href":"https:\/\/www.tvnovelas.com.br\/tvnews\/wp-json\/wp\/v2\/posts\/80779\/revisions"}],"predecessor-version":[{"id":80781,"href":"https:\/\/www.tvnovelas.com.br\/tvnews\/wp-json\/wp\/v2\/posts\/80779\/revisions\/80781"}],"wp:featuredmedia":[{"embeddable":true,"href":"https:\/\/www.tvnovelas.com.br\/tvnews\/wp-json\/wp\/v2\/media\/80780"}],"wp:attachment":[{"href":"https:\/\/www.tvnovelas.com.br\/tvnews\/wp-json\/wp\/v2\/media?parent=80779"}],"wp:term":[{"taxonomy":"category","embeddable":true,"href":"https:\/\/www.tvnovelas.com.br\/tvnews\/wp-json\/wp\/v2\/categories?post=80779"},{"taxonomy":"post_tag","embeddable":true,"href":"https:\/\/www.tvnovelas.com.br\/tvnews\/wp-json\/wp\/v2\/tags?post=80779"}],"curies":[{"name":"wp","href":"https:\/\/api.w.org\/{rel}","templated":true}]}}