{"id":80783,"date":"2025-08-15T08:34:38","date_gmt":"2025-08-15T11:34:38","guid":{"rendered":"https:\/\/www.tvnovelas.com.br\/tvnews\/?p=80783"},"modified":"2025-08-15T08:34:38","modified_gmt":"2025-08-15T11:34:38","slug":"dona-de-mim-filipa-e-diagnosticada-com-transtorno-de-bipolaridade","status":"publish","type":"post","link":"https:\/\/www.tvnovelas.com.br\/tvnews\/dona-de-mim-filipa-e-diagnosticada-com-transtorno-de-bipolaridade\/","title":{"rendered":"Dona de Mim: Filipa \u00e9 diagnosticada com transtorno de bipolaridade"},"content":{"rendered":"<figure id=\"attachment_80784\" aria-describedby=\"caption-attachment-80784\" style=\"width: 727px\" class=\"wp-caption alignnone\"><img data-recalc-dims=\"1\" decoding=\"async\" class=\"wp-image-80784 size-full\" title=\"(Foto: TV Globo\/Dona de Mim)\" src=\"https:\/\/i0.wp.com\/www.tvnovelas.com.br\/tvnews\/wp-content\/uploads\/2025\/08\/11781.jpg?resize=727%2C410&#038;ssl=1\" alt=\"Foto em Dona de Mim: Filipa \u00e9 diagnosticada com transtorno de bipolaridade\" width=\"727\" height=\"410\" srcset=\"https:\/\/i0.wp.com\/www.tvnovelas.com.br\/tvnews\/wp-content\/uploads\/2025\/08\/11781.jpg?w=727&amp;ssl=1 727w, https:\/\/i0.wp.com\/www.tvnovelas.com.br\/tvnews\/wp-content\/uploads\/2025\/08\/11781.jpg?resize=250%2C141&amp;ssl=1 250w\" sizes=\"(max-width: 727px) 100vw, 727px\" \/><figcaption id=\"caption-attachment-80784\" class=\"wp-caption-text\">Dona de Mim: Filipa \u00e9 diagnosticada com transtorno de bipolaridade<\/figcaption><\/figure>\n<p>Em Dona de Mim, Com a morte de Abel (Tony Ramos) e a perda do emprego, Filipa (Cl\u00e1udia Abreu) acaba entrando em surto sozinha na rua e precisa da ajuda de Nina (Flora Camolese) e Jaques (Marcello Novaes). E tamb\u00e9m ser\u00e3o os dois que ir\u00e3o acompanh\u00e1-la a uma consulta com um psiquiatra, onde Filipa ser\u00e1 diagnosticada com transtorno de bipolaridade.<\/p>\n<p>Ap\u00f3s o surto em um bar, Filipa ser\u00e1 levada por Jaques e Nina \u00e0 emerg\u00eancia, onde ser\u00e1 medicada e apagar\u00e1. No outro dia, o cunhado e a filha a acompanhar\u00e3o at\u00e9 um especialista, que falar\u00e1 sobre o caso dela.<\/p>\n<p>\u201cTranstorno de bipolaridade. Tudo tem que ter um r\u00f3tulo hoje. N\u00e3o pode ser s\u00f3 infelicidade?\u201d, diz Jaques ap\u00f3s receber o diagn\u00f3stico.<\/p>\n<p>\u201cA Filipa pode ter tido todos os sintomas, mas achava que era parte da sua personalidade. Momentos em que esteve muito inquieta, acelerada, dormindo muito pouco, mas se sentindo bem, com energia. E quando a hipomania evolui para mania, como o epis\u00f3dio de ontem, vem tamb\u00e9m ideias de grandeza, comportamento prom\u00edscuo e at\u00e9 alucina\u00e7\u00f5es podem acontecer\u201d, explica o m\u00e9dico.<\/p>\n<p>Filipa dir\u00e1 que n\u00e3o se lembra direito de suas atitudes no bar e sentir\u00e1 vergonha. Nina questionar\u00e1 o m\u00e9dico se, mesmo medicada, a m\u00e3e poder\u00e1 voltar a ter epis\u00f3dios como este.<\/p>\n<p>\u201cTudo na medicina \u00e9 estat\u00edstica. Existe pouca possibilidade de Filipa ter depress\u00e3o ou mania seguindo o tratamento. Mas tem. Filipa, sim, voc\u00ea tem uma condi\u00e7\u00e3o cr\u00f4nica, mas que tem tratamento, controle\u201d, afirma.<\/p>\n<p>\u201cEu vou deixar de ser eu&#8230;\u201d, comenta Filipa.]<\/p>\n<p>\u201cN\u00e3o. \u00c9 o transtorno que faz voc\u00ea deixar de ser voc\u00ea. Se ele for controlado voc\u00ea est\u00e1 livre\u201d, garante o m\u00e9dico.<\/p>\n<p>Filipa, ent\u00e3o, receber\u00e1 o apoio de Jaques, que a levar\u00e1 para casa e continuar\u00e1 cuidando dela.<\/p>\n<p>\u201cVoc\u00ea n\u00e3o vai se livrar da gente\u201d, brinca Jaques.<br \/>\n<!--FIM--><br \/>\n<strong>Sobre a novela<\/strong><br \/>\n<a href=\"https:\/\/wp.me\/pfspD2-UO\" target=\"_blank\" rel=\"noopener\">Dona de Mim: A trama da novela<\/a><br \/>\n<a href=\"https:\/\/wp.me\/pfspD2-UG\" target=\"_blank\" rel=\"noopener\">Dona de Mim: A fam\u00edlia Boaz e seu imp\u00e9rio de lingerie<\/a><\/p>\n<div style=\"font-size: 120%;\"><h3>Confira tamb\u00e9m<\/h3>\r\n<a href=\"https:\/\/tvnovelas.com.br\/novelas\/\" rel=\"noopener\" target=\"_blank\"><strong>Todos os resumos de novelas<\/strong><\/a><\/br>\r\n<a href=\"https:\/\/www.tvnovelas.com.br\/tvnews\/\" rel=\"noopener\" target=\"_blank\"><strong>\u00daltimas not\u00edcias das novelas<\/strong><\/a><\/br>\r\n<a href=\"https:\/\/www.tvnovelas.com.br\/filmes\/\" target=\"_blank\" rel=\"noopener noreferrer\"><strong>Programa\u00e7\u00e3o de filmes na TV aberta<\/strong><\/a><\/br>\r\n<a href=\"https:\/\/caetenews.com.br\/semana\/filmes-da-globo-na-sessao-da-tarde-desta-semana\/\" target=\"_blank\" rel=\"noopener\"><strong>Confira os filmes da semana na Sess\u00e3o da Tarde<\/strong><\/a><\/br>\r\n<a href=\"https:\/\/classindportal.mj.gov.br\/consulta-filmes\" target=\"_blank\" rel=\"noopener\"><strong>Consulte a classifica\u00e7\u00e3o indicativa dos filmes e novelas<\/strong><\/a><\/br><\/div>\n","protected":false},"excerpt":{"rendered":"<p>Dona de Mim: Filipa \u00e9 diagnosticada com transtorno de bipolaridade&#8230;. Em Dona de Mim, Com a morte de Abel (Tony Ramos) e a perda do emprego, Filipa&#8230;<\/p>\n","protected":false},"author":1,"featured_media":80784,"comment_status":"closed","ping_status":"closed","sticky":false,"template":"","format":"standard","meta":{"_uf_show_specific_survey":0,"_uf_disable_surveys":false,"_jetpack_memberships_contains_paid_content":false,"footnotes":"","_wp_rev_ctl_limit":""},"categories":[884],"tags":[962,883,5,64],"class_list":["post-80783","post","type-post","status-publish","format-standard","has-post-thumbnail","hentry","category-dona-de-mim","tag-bipolaridade","tag-dona-de-mim","tag-globo","tag-novelas","wpcat-884-id"],"aioseo_notices":[],"jetpack_featured_media_url":"https:\/\/i0.wp.com\/www.tvnovelas.com.br\/tvnews\/wp-content\/uploads\/2025\/08\/11781.jpg?fit=727%2C410&ssl=1","jetpack_shortlink":"https:\/\/wp.me\/pdP2BO-l0X","jetpack_sharing_enabled":true,"_links":{"self":[{"href":"https:\/\/www.tvnovelas.com.br\/tvnews\/wp-json\/wp\/v2\/posts\/80783","targetHints":{"allow":["GET"]}}],"collection":[{"href":"https:\/\/www.tvnovelas.com.br\/tvnews\/wp-json\/wp\/v2\/posts"}],"about":[{"href":"https:\/\/www.tvnovelas.com.br\/tvnews\/wp-json\/wp\/v2\/types\/post"}],"author":[{"embeddable":true,"href":"https:\/\/www.tvnovelas.com.br\/tvnews\/wp-json\/wp\/v2\/users\/1"}],"replies":[{"embeddable":true,"href":"https:\/\/www.tvnovelas.com.br\/tvnews\/wp-json\/wp\/v2\/comments?post=80783"}],"version-history":[{"count":1,"href":"https:\/\/www.tvnovelas.com.br\/tvnews\/wp-json\/wp\/v2\/posts\/80783\/revisions"}],"predecessor-version":[{"id":80785,"href":"https:\/\/www.tvnovelas.com.br\/tvnews\/wp-json\/wp\/v2\/posts\/80783\/revisions\/80785"}],"wp:featuredmedia":[{"embeddable":true,"href":"https:\/\/www.tvnovelas.com.br\/tvnews\/wp-json\/wp\/v2\/media\/80784"}],"wp:attachment":[{"href":"https:\/\/www.tvnovelas.com.br\/tvnews\/wp-json\/wp\/v2\/media?parent=80783"}],"wp:term":[{"taxonomy":"category","embeddable":true,"href":"https:\/\/www.tvnovelas.com.br\/tvnews\/wp-json\/wp\/v2\/categories?post=80783"},{"taxonomy":"post_tag","embeddable":true,"href":"https:\/\/www.tvnovelas.com.br\/tvnews\/wp-json\/wp\/v2\/tags?post=80783"}],"curies":[{"name":"wp","href":"https:\/\/api.w.org\/{rel}","templated":true}]}}