{"id":80787,"date":"2025-08-15T08:51:04","date_gmt":"2025-08-15T11:51:04","guid":{"rendered":"https:\/\/www.tvnovelas.com.br\/tvnews\/?p=80787"},"modified":"2025-08-15T08:56:34","modified_gmt":"2025-08-15T11:56:34","slug":"80787-2","status":"publish","type":"post","link":"https:\/\/www.tvnovelas.com.br\/tvnews\/80787-2\/","title":{"rendered":"Vale Tudo: Celina pega F\u00e1tima na mentira"},"content":{"rendered":"<figure id=\"attachment_80791\" aria-describedby=\"caption-attachment-80791\" style=\"width: 728px\" class=\"wp-caption alignnone\"><img data-recalc-dims=\"1\" decoding=\"async\" class=\"wp-image-80791 size-full\" title=\"(Foto: TV Globo\/Vale Tudo)\" src=\"https:\/\/i0.wp.com\/www.tvnovelas.com.br\/tvnews\/wp-content\/uploads\/2025\/08\/11782.jpg?resize=728%2C410&#038;ssl=1\" alt=\"Foto em Vale Tudo: Celina pega F\u00e1tima na mentira\" width=\"728\" height=\"410\" srcset=\"https:\/\/i0.wp.com\/www.tvnovelas.com.br\/tvnews\/wp-content\/uploads\/2025\/08\/11782.jpg?w=728&amp;ssl=1 728w, https:\/\/i0.wp.com\/www.tvnovelas.com.br\/tvnews\/wp-content\/uploads\/2025\/08\/11782.jpg?resize=250%2C141&amp;ssl=1 250w\" sizes=\"(max-width: 728px) 100vw, 728px\" \/><figcaption id=\"caption-attachment-80791\" class=\"wp-caption-text\">Vale Tudo: Celina pega F\u00e1tima na mentira<\/figcaption><\/figure>\n<p>Em Vale Tudo, Uma nova guerra est\u00e1 prestes a come\u00e7ar. De um lado, a destemida tia Celina (Malu Galli); do outro, a vil\u00e3 Maria de F\u00e1tima (Bella Campos). A rica\u00e7a vai descobrir uma mentira da esposa do Afonso (Humberto Carr\u00e3o) e come\u00e7ar\u00e1 a desvendar os segredos que F\u00e1tima esconde.<\/p>\n<p>As frequentes idas ao sal\u00e3o de beleza de F\u00e1tima come\u00e7am a levantar suspeita. A golpista simplesmente frequenta o mesmo cabelereiro que tia Celina, que descobre que ela n\u00e3o foi l\u00e1, como havia dito quando saiu de casa. Quando a rica\u00e7a retorna perturbada, Eug\u00eanio (Luis Sal\u00e9m) percebe que a patroa est\u00e1 estranha e pergunta o que aconteceu.<\/p>\n<p>\u201c\u00c9 que a Maria de F\u00e1tima vive dizendo que vai para o sal\u00e3o. Hoje mesmo ela saiu daqui dizendo que ia para l\u00e1, mas o cabeleireiro disse que a F\u00e1tima n\u00e3o aparece j\u00e1 h\u00e1 muito tempo.\u201d<\/p>\n<p>Celina n\u00e3o aguenta e decide tirar esta hist\u00f3ria a limpo com F\u00e1tima.<\/p>\n<p>\u201cF\u00e1tima, por que voc\u00ea est\u00e1 mentindo para o meu sobrinho?\u201d<\/p>\n<p>\u201cEu mentindo? Desculpa, n\u00e3o entendi.\u201d<\/p>\n<p>\u201cEu sei que voc\u00ea n\u00e3o foi no cabeleireiro hoje. Ali\u00e1s, ele me disse que faz muito tempo que voc\u00ea n\u00e3o aparece por l\u00e1. Est\u00e1 mentindo para a gente, F\u00e1tima?\u201d<br \/>\n<!--FIM--><br \/>\n<strong>Sobre a novela<\/strong><br \/>\n<a href=\"https:\/\/wp.me\/pfspD2-U7\" target=\"_blank\" rel=\"noopener\">Vale Tudo: Conflitos de princ\u00edpios e valores (Sinopse)<\/a><\/p>\n<p><a href=\"https:\/\/wp.me\/pfspD2-oI\" target=\"_blank\" rel=\"noopener\">Vale Tudo: Invers\u00e3o de valores no final dos anos 1980<\/a> (Sinopse)<\/p>\n<div style=\"font-size: 120%;\"><h3>Confira tamb\u00e9m<\/h3>\r\n<a href=\"https:\/\/tvnovelas.com.br\/novelas\/\" rel=\"noopener\" target=\"_blank\"><strong>Todos os resumos de novelas<\/strong><\/a><\/br>\r\n<a href=\"https:\/\/www.tvnovelas.com.br\/tvnews\/\" rel=\"noopener\" target=\"_blank\"><strong>\u00daltimas not\u00edcias das novelas<\/strong><\/a><\/br>\r\n<a href=\"https:\/\/www.tvnovelas.com.br\/filmes\/\" target=\"_blank\" rel=\"noopener noreferrer\"><strong>Programa\u00e7\u00e3o de filmes na TV aberta<\/strong><\/a><\/br>\r\n<a href=\"https:\/\/caetenews.com.br\/semana\/filmes-da-globo-na-sessao-da-tarde-desta-semana\/\" target=\"_blank\" rel=\"noopener\"><strong>Confira os filmes da semana na Sess\u00e3o da Tarde<\/strong><\/a><\/br>\r\n<a href=\"https:\/\/classindportal.mj.gov.br\/consulta-filmes\" target=\"_blank\" rel=\"noopener\"><strong>Consulte a classifica\u00e7\u00e3o indicativa dos filmes e novelas<\/strong><\/a><\/br><br \/>\n&lt;\/div<\/div>\n","protected":false},"excerpt":{"rendered":"<p>Vale Tudo: Celina pega F\u00e1tima na mentira&#8230; Em Vale Tudo, Uma nova guerra est\u00e1 prestes a come\u00e7ar. De um lado, a destemida tia Celina (Malu Galli); do outro, a vil\u00e3&#8230;<\/p>\n","protected":false},"author":1,"featured_media":80791,"comment_status":"closed","ping_status":"closed","sticky":false,"template":"","format":"standard","meta":{"_uf_show_specific_survey":0,"_uf_disable_surveys":false,"_jetpack_memberships_contains_paid_content":false,"footnotes":"","_wp_rev_ctl_limit":""},"categories":[353,871],"tags":[5,64,801],"class_list":["post-80787","post","type-post","status-publish","format-standard","has-post-thumbnail","hentry","category-resumos-de-novelas","category-vale-tudo","tag-globo","tag-novelas","tag-vale-tudo","wpcat-353-id","wpcat-871-id"],"aioseo_notices":[],"jetpack_featured_media_url":"https:\/\/i0.wp.com\/www.tvnovelas.com.br\/tvnews\/wp-content\/uploads\/2025\/08\/11782.jpg?fit=728%2C410&ssl=1","jetpack_shortlink":"https:\/\/wp.me\/pdP2BO-l11","jetpack_sharing_enabled":true,"_links":{"self":[{"href":"https:\/\/www.tvnovelas.com.br\/tvnews\/wp-json\/wp\/v2\/posts\/80787","targetHints":{"allow":["GET"]}}],"collection":[{"href":"https:\/\/www.tvnovelas.com.br\/tvnews\/wp-json\/wp\/v2\/posts"}],"about":[{"href":"https:\/\/www.tvnovelas.com.br\/tvnews\/wp-json\/wp\/v2\/types\/post"}],"author":[{"embeddable":true,"href":"https:\/\/www.tvnovelas.com.br\/tvnews\/wp-json\/wp\/v2\/users\/1"}],"replies":[{"embeddable":true,"href":"https:\/\/www.tvnovelas.com.br\/tvnews\/wp-json\/wp\/v2\/comments?post=80787"}],"version-history":[{"count":3,"href":"https:\/\/www.tvnovelas.com.br\/tvnews\/wp-json\/wp\/v2\/posts\/80787\/revisions"}],"predecessor-version":[{"id":80792,"href":"https:\/\/www.tvnovelas.com.br\/tvnews\/wp-json\/wp\/v2\/posts\/80787\/revisions\/80792"}],"wp:featuredmedia":[{"embeddable":true,"href":"https:\/\/www.tvnovelas.com.br\/tvnews\/wp-json\/wp\/v2\/media\/80791"}],"wp:attachment":[{"href":"https:\/\/www.tvnovelas.com.br\/tvnews\/wp-json\/wp\/v2\/media?parent=80787"}],"wp:term":[{"taxonomy":"category","embeddable":true,"href":"https:\/\/www.tvnovelas.com.br\/tvnews\/wp-json\/wp\/v2\/categories?post=80787"},{"taxonomy":"post_tag","embeddable":true,"href":"https:\/\/www.tvnovelas.com.br\/tvnews\/wp-json\/wp\/v2\/tags?post=80787"}],"curies":[{"name":"wp","href":"https:\/\/api.w.org\/{rel}","templated":true}]}}