{"id":80821,"date":"2025-08-16T08:22:00","date_gmt":"2025-08-16T11:22:00","guid":{"rendered":"https:\/\/www.tvnovelas.com.br\/tvnews\/?p=80821"},"modified":"2025-08-16T08:26:22","modified_gmt":"2025-08-16T11:26:22","slug":"eta-mundo-melhor-pocao-de-zulma-apaga-zenaide-e-sabia","status":"publish","type":"post","link":"https:\/\/www.tvnovelas.com.br\/tvnews\/eta-mundo-melhor-pocao-de-zulma-apaga-zenaide-e-sabia\/","title":{"rendered":"\u00cata Mundo Melhor!: Po\u00e7\u00e3o de Zulma apaga Zenaide e Sabi\u00e1"},"content":{"rendered":"<figure id=\"attachment_80822\" aria-describedby=\"caption-attachment-80822\" style=\"width: 726px\" class=\"wp-caption alignnone\"><img data-recalc-dims=\"1\" decoding=\"async\" class=\"wp-image-80822 size-full\" title=\"(Foto: TV Globo\/\u00cata Mundo Melhor!)\" src=\"https:\/\/i0.wp.com\/www.tvnovelas.com.br\/tvnews\/wp-content\/uploads\/2025\/08\/11789.jpg?resize=726%2C406&#038;ssl=1\" alt=\"Foto em \u00cata Mundo Melhor!: Po\u00e7\u00e3o de Zulma apaga Zenaide e Sabi\u00e1\" width=\"726\" height=\"406\" srcset=\"https:\/\/i0.wp.com\/www.tvnovelas.com.br\/tvnews\/wp-content\/uploads\/2025\/08\/11789.jpg?w=726&amp;ssl=1 726w, https:\/\/i0.wp.com\/www.tvnovelas.com.br\/tvnews\/wp-content\/uploads\/2025\/08\/11789.jpg?resize=250%2C140&amp;ssl=1 250w\" sizes=\"(max-width: 726px) 100vw, 726px\" \/><figcaption id=\"caption-attachment-80822\" class=\"wp-caption-text\">\u00cata Mundo Melhor!: Po\u00e7\u00e3o de Zulma apaga Zenaide e Sabi\u00e1<\/figcaption><\/figure>\n<p>Em \u00cata Mundo Melhor!, Sabi\u00e1 (F\u00e1bio de Luca) acredita mesmo que vai encontrar o filho perdido de Candinho (Sergio Guiz\u00e9). Para isso, ele vai ao orfanato em busca de Simb\u00e1 (Arthur Yera), crian\u00e7a que se passou pelo herdeiro do caipira para engan\u00e1-lo. Zulma (Heloisa P\u00e9riss\u00e9) vai cortar um dobrado para se livrar das investiga\u00e7\u00f5es do detetive.<\/p>\n<p>Zulma se desespera quando Sabi\u00e1 insiste em ver as crian\u00e7as do orfanato. Ela, ent\u00e3o, vai at\u00e9 o quarto dos seus &#8220;anjinhos&#8221; e inventa para eles:<\/p>\n<p>&#8220;Tem um homem muito mau na sala. \u00c9 um policial. [&#8230;] Ele est\u00e1 atr\u00e1s do Simb\u00e1 porque ele quebrou a janela da escola.&#8221;<\/p>\n<p>O menino fica desesperado e pede para Zulma n\u00e3o deixar o homem lev\u00e1-lo. Claro que as crian\u00e7as tamb\u00e9m pedem pela seguran\u00e7a dele.<\/p>\n<p>&#8220;Acalmem-se! Todos voc\u00eas v\u00e3o comigo, menos Simb\u00e1. Quando Sabi\u00e1 mostrar o desenho de Simb\u00e1, voc\u00eas v\u00e3o fingir que nunca viram esse menino na vida. E voc\u00ea, Simb\u00e1, n\u00e3o saia desse quarto por nada.&#8221;<\/p>\n<p>Todos concordam e descem com Zulma para a sala. Sabi\u00e1 analisa o desenho, olha para os rostinhos e constata que nenhum deles se parece com Simb\u00e1. Quando est\u00e1 prestes a ir embora, uma das meninas do orfanato diz, inocentemente:<\/p>\n<p>&#8220;Eu conhe\u00e7o esse menino do desenho.&#8221;<\/p>\n<p>Zulma inventa que a crian\u00e7a \u00e9 estr\u00e1bica e que n\u00e3o consegue ver o retrato falado direito. Sabi\u00e1 acha essa hist\u00f3ria esquisita e decide inspecionar todo o orfanato. De repente, Zenaide chega com um cafezinho para oferecer ao detetive.<\/p>\n<p>A megera aproveita e coloca no caf\u00e9 uma po\u00e7\u00e3o que deixa a pessoa desmaiada e desmemoriada. Na hora de servir, Sabi\u00e1 bebe uma x\u00edcara cheia e Zenaide (Evelyn Castro) pede para degustar a bebida tamb\u00e9m.<\/p>\n<p>A po\u00e7\u00e3o \u00e9 tiro e queda: Sabi\u00e1 e Zenaide desmaiam na mesma hora, e Zulma vibra:<\/p>\n<p>&#8220;Quando ele acordar n\u00e3o vai se lembrar de nada. Pelo visto, Zenaide tamb\u00e9m n\u00e3o.&#8221;<br \/>\n<!--FIM--><\/p>\n<h2>Sobre a novela:<\/h2>\n<p><a href=\"https:\/\/tvnovelas.com.br\/page2\/arquivo\/eta-mundo-melhor-a-volta-de-candinho-e-policarpo\/&quot;\" target=\"_blank\" rel=\"noopener\">\u00cata Mundo Melhor!: A volta de Candinho e Policarpo<\/a> (Sinopse)<br \/>\n<a href=\"https:\/\/pt.wikipedia.org\/wiki\/%C3%8Ata_Mundo_Melhor!\" target=\"_blank\" rel=\"noopener\">Sobre \u00cata Mundo Melhor!, na Wikipedia<\/a><\/p>\n<div style=\"font-size: 120%;\"><h3>Confira tamb\u00e9m<\/h3>\r\n<a href=\"https:\/\/tvnovelas.com.br\/novelas\/\" rel=\"noopener\" target=\"_blank\"><strong>Todos os resumos de novelas<\/strong><\/a><\/br>\r\n<a href=\"https:\/\/www.tvnovelas.com.br\/tvnews\/\" rel=\"noopener\" target=\"_blank\"><strong>\u00daltimas not\u00edcias das novelas<\/strong><\/a><\/br>\r\n<a href=\"https:\/\/www.tvnovelas.com.br\/filmes\/\" target=\"_blank\" rel=\"noopener noreferrer\"><strong>Programa\u00e7\u00e3o de filmes na TV aberta<\/strong><\/a><\/br>\r\n<a href=\"https:\/\/caetenews.com.br\/semana\/filmes-da-globo-na-sessao-da-tarde-desta-semana\/\" target=\"_blank\" rel=\"noopener\"><strong>Confira os filmes da semana na Sess\u00e3o da Tarde<\/strong><\/a><\/br>\r\n<a href=\"https:\/\/classindportal.mj.gov.br\/consulta-filmes\" target=\"_blank\" rel=\"noopener\"><strong>Consulte a classifica\u00e7\u00e3o indicativa dos filmes e novelas<\/strong><\/a><\/br><\/div>\n","protected":false},"excerpt":{"rendered":"<p>\u00cata Mundo Melhor!: Po\u00e7\u00e3o de Zulma apaga Zenaide e Sabi\u00e1&#8230; Em \u00cata Mundo Melhor!, Sabi\u00e1 (F\u00e1bio de Luca) acredita mesmo que vai encontrar o filho perdido&#8230;<\/p>\n","protected":false},"author":1,"featured_media":80822,"comment_status":"closed","ping_status":"closed","sticky":false,"template":"","format":"standard","meta":{"_uf_show_specific_survey":0,"_uf_disable_surveys":false,"_jetpack_memberships_contains_paid_content":false,"footnotes":"","_wp_rev_ctl_limit":""},"categories":[920],"tags":[921,64],"class_list":["post-80821","post","type-post","status-publish","format-standard","has-post-thumbnail","hentry","category-eta-mundo-melhor","tag-eta-mundo-melhor","tag-novelas","wpcat-920-id"],"aioseo_notices":[],"jetpack_featured_media_url":"https:\/\/i0.wp.com\/www.tvnovelas.com.br\/tvnews\/wp-content\/uploads\/2025\/08\/11789.jpg?fit=726%2C406&ssl=1","jetpack_shortlink":"https:\/\/wp.me\/pdP2BO-l1z","jetpack_sharing_enabled":true,"_links":{"self":[{"href":"https:\/\/www.tvnovelas.com.br\/tvnews\/wp-json\/wp\/v2\/posts\/80821","targetHints":{"allow":["GET"]}}],"collection":[{"href":"https:\/\/www.tvnovelas.com.br\/tvnews\/wp-json\/wp\/v2\/posts"}],"about":[{"href":"https:\/\/www.tvnovelas.com.br\/tvnews\/wp-json\/wp\/v2\/types\/post"}],"author":[{"embeddable":true,"href":"https:\/\/www.tvnovelas.com.br\/tvnews\/wp-json\/wp\/v2\/users\/1"}],"replies":[{"embeddable":true,"href":"https:\/\/www.tvnovelas.com.br\/tvnews\/wp-json\/wp\/v2\/comments?post=80821"}],"version-history":[{"count":1,"href":"https:\/\/www.tvnovelas.com.br\/tvnews\/wp-json\/wp\/v2\/posts\/80821\/revisions"}],"predecessor-version":[{"id":80823,"href":"https:\/\/www.tvnovelas.com.br\/tvnews\/wp-json\/wp\/v2\/posts\/80821\/revisions\/80823"}],"wp:featuredmedia":[{"embeddable":true,"href":"https:\/\/www.tvnovelas.com.br\/tvnews\/wp-json\/wp\/v2\/media\/80822"}],"wp:attachment":[{"href":"https:\/\/www.tvnovelas.com.br\/tvnews\/wp-json\/wp\/v2\/media?parent=80821"}],"wp:term":[{"taxonomy":"category","embeddable":true,"href":"https:\/\/www.tvnovelas.com.br\/tvnews\/wp-json\/wp\/v2\/categories?post=80821"},{"taxonomy":"post_tag","embeddable":true,"href":"https:\/\/www.tvnovelas.com.br\/tvnews\/wp-json\/wp\/v2\/tags?post=80821"}],"curies":[{"name":"wp","href":"https:\/\/api.w.org\/{rel}","templated":true}]}}