{"id":80831,"date":"2025-08-16T09:01:15","date_gmt":"2025-08-16T12:01:15","guid":{"rendered":"https:\/\/www.tvnovelas.com.br\/tvnews\/?p=80831"},"modified":"2025-08-16T13:51:49","modified_gmt":"2025-08-16T16:51:49","slug":"vale-tudo-celina-descobre-caso-de-fatima-mas-e-chantageada","status":"publish","type":"post","link":"https:\/\/www.tvnovelas.com.br\/tvnews\/vale-tudo-celina-descobre-caso-de-fatima-mas-e-chantageada\/","title":{"rendered":"Vale Tudo: Celina descobre caso de F\u00e1tima, mas \u00e9 chantageada"},"content":{"rendered":"<figure id=\"attachment_80832\" aria-describedby=\"caption-attachment-80832\" style=\"width: 728px\" class=\"wp-caption alignnone\"><img data-recalc-dims=\"1\" decoding=\"async\" class=\"wp-image-80832 size-full\" title=\"(Foto: TV Globo\/Vale Tudo)\" src=\"https:\/\/i0.wp.com\/www.tvnovelas.com.br\/tvnews\/wp-content\/uploads\/2025\/08\/11791.jpg?resize=728%2C410&#038;ssl=1\" alt=\"Foto em Vale Tudo: Celina descobre caso de F\u00e1tima, mas \u00e9 chantageada\" width=\"728\" height=\"410\" srcset=\"https:\/\/i0.wp.com\/www.tvnovelas.com.br\/tvnews\/wp-content\/uploads\/2025\/08\/11791.jpg?w=728&amp;ssl=1 728w, https:\/\/i0.wp.com\/www.tvnovelas.com.br\/tvnews\/wp-content\/uploads\/2025\/08\/11791.jpg?resize=250%2C141&amp;ssl=1 250w\" sizes=\"(max-width: 728px) 100vw, 728px\" \/><figcaption id=\"caption-attachment-80832\" class=\"wp-caption-text\">Vale Tudo: Celina descobre caso de F\u00e1tima, mas \u00e9 chantageada<\/figcaption><\/figure>\n<p>Em Vale Tudo, Celina (Malu Galli) vai seguir Maria de F\u00e1tima (Bella Campos) e descobrir o grande segredo da vil\u00e3: que ela tem um caso com C\u00e9sar (Cau\u00e3 Reymond) e se encontra com o malandro em um apart hotel.<\/p>\n<p>Esperta, a filha de Raquel (Ta\u00eds Araujo) percebe que a irm\u00e3 de Odete Roitman (Debora Bloch) pode atrapalhar seus planos e corre para descobrir algum &#8220;podre&#8221; da rica\u00e7a caso precise revidar. E consegue!<\/p>\n<p>A influenciadora descobrir\u00e1 que a tia de Afonso (Humberto Carr\u00e3o) \u00e9 a s\u00f3cia secreta de sua m\u00e3e na Paladar. A jovem n\u00e3o pensar\u00e1 duas vezes antes de usar seu &#8220;trunfo&#8221; para chantagear Celina.<\/p>\n<p>Tudo come\u00e7a quando Celina resolve colocar F\u00e1tima contra a parede e revela que sabe que ela est\u00e1 traindo seu sobrinho: &#8220;E n\u00e3o adianta mentir, dizer que n\u00e3o tem, porque eu vi&#8221;.<\/p>\n<p>A esposa de Afonso tenta enrolar a dona da mans\u00e3o dos Roitman, mas Celina avisa:<\/p>\n<p>&#8220;Claro, eu entendo&#8230; S\u00f3 n\u00e3o sei se o Afonso vai conseguir entender tamb\u00e9m&#8221;.<\/p>\n<p>Sem sa\u00edda, F\u00e1tima usa sua &#8220;arma secreta&#8221; para silenciar a mais nova rival:<\/p>\n<p>&#8220;Acho que ele vai entender. Pelo menos, ele vai reagir bem melhor do que a dona Odete vai reagir quando souber que voc\u00ea \u00e9 s\u00f3cia da Paladar com a minha m\u00e3e&#8221;.<\/p>\n<p>&#8220;Que por sua vez, vai reagir bem melhor do que a Heleninha quando souber que voc\u00ea ajudou a mulher do Ivan a crescer na vida&#8221;.<\/p>\n<p>&#8220;O que \u00e9 uma pena, n\u00e9?&#8221;.<\/p>\n<p>Em choque, Celina afirma que a jovem n\u00e3o pode fazer isso. E F\u00e1tima faz uma proposta para a veterana:<\/p>\n<p>&#8220;Poder, eu posso. Mas eu n\u00e3o quero. Por mim, fica tudo como est\u00e1. Eu com meu apart, voc\u00ea com sua sociedade, a Heleninha se recuperando. O Afonso e a Odete felizes sem saber de nada. Mas se voc\u00ea contar pro Afonso que eu aluguei esse apart&#8230; Eu vou ter que destruir a sua vida, Celina&#8221;.<br \/>\n<!--FIM--><br \/>\n<strong>Sobre a novela<\/strong><br \/>\n<a href=\"https:\/\/wp.me\/pfspD2-U7\" target=\"_blank\" rel=\"noopener\">Vale Tudo: Conflitos de princ\u00edpios e valores (Sinopse)<\/a><\/p>\n<p><a href=\"https:\/\/wp.me\/pfspD2-oI\" target=\"_blank\" rel=\"noopener\">Vale Tudo: Invers\u00e3o de valores no final dos anos 1980<\/a> (Sinopse)<\/p>\n<div style=\"font-size: 120%;\"><h3>Confira tamb\u00e9m<\/h3>\r\n<a href=\"https:\/\/tvnovelas.com.br\/novelas\/\" rel=\"noopener\" target=\"_blank\"><strong>Todos os resumos de novelas<\/strong><\/a><\/br>\r\n<a href=\"https:\/\/www.tvnovelas.com.br\/tvnews\/\" rel=\"noopener\" target=\"_blank\"><strong>\u00daltimas not\u00edcias das novelas<\/strong><\/a><\/br>\r\n<a href=\"https:\/\/www.tvnovelas.com.br\/filmes\/\" target=\"_blank\" rel=\"noopener noreferrer\"><strong>Programa\u00e7\u00e3o de filmes na TV aberta<\/strong><\/a><\/br>\r\n<a href=\"https:\/\/caetenews.com.br\/semana\/filmes-da-globo-na-sessao-da-tarde-desta-semana\/\" target=\"_blank\" rel=\"noopener\"><strong>Confira os filmes da semana na Sess\u00e3o da Tarde<\/strong><\/a><\/br>\r\n<a href=\"https:\/\/classindportal.mj.gov.br\/consulta-filmes\" target=\"_blank\" rel=\"noopener\"><strong>Consulte a classifica\u00e7\u00e3o indicativa dos filmes e novelas<\/strong><\/a><\/br><br \/>\n&lt;\/div<\/div>\n","protected":false},"excerpt":{"rendered":"<p>Vale Tudo: Celina descobre caso de F\u00e1tima, mas \u00e9 chantageada&#8230; Em Vale Tudo, Celina (Malu Galli) vai seguir Maria de F\u00e1tima (Bella Campos) e descobrir o grande segredo&#8230;<\/p>\n","protected":false},"author":1,"featured_media":80832,"comment_status":"closed","ping_status":"closed","sticky":false,"template":"","format":"standard","meta":{"_uf_show_specific_survey":0,"_uf_disable_surveys":false,"_jetpack_memberships_contains_paid_content":false,"footnotes":"","_wp_rev_ctl_limit":""},"categories":[871],"tags":[5,64,801],"class_list":["post-80831","post","type-post","status-publish","format-standard","has-post-thumbnail","hentry","category-vale-tudo","tag-globo","tag-novelas","tag-vale-tudo","wpcat-871-id"],"aioseo_notices":[],"jetpack_featured_media_url":"https:\/\/i0.wp.com\/www.tvnovelas.com.br\/tvnews\/wp-content\/uploads\/2025\/08\/11791.jpg?fit=728%2C410&ssl=1","jetpack_shortlink":"https:\/\/wp.me\/pdP2BO-l1J","jetpack_sharing_enabled":true,"_links":{"self":[{"href":"https:\/\/www.tvnovelas.com.br\/tvnews\/wp-json\/wp\/v2\/posts\/80831","targetHints":{"allow":["GET"]}}],"collection":[{"href":"https:\/\/www.tvnovelas.com.br\/tvnews\/wp-json\/wp\/v2\/posts"}],"about":[{"href":"https:\/\/www.tvnovelas.com.br\/tvnews\/wp-json\/wp\/v2\/types\/post"}],"author":[{"embeddable":true,"href":"https:\/\/www.tvnovelas.com.br\/tvnews\/wp-json\/wp\/v2\/users\/1"}],"replies":[{"embeddable":true,"href":"https:\/\/www.tvnovelas.com.br\/tvnews\/wp-json\/wp\/v2\/comments?post=80831"}],"version-history":[{"count":2,"href":"https:\/\/www.tvnovelas.com.br\/tvnews\/wp-json\/wp\/v2\/posts\/80831\/revisions"}],"predecessor-version":[{"id":80840,"href":"https:\/\/www.tvnovelas.com.br\/tvnews\/wp-json\/wp\/v2\/posts\/80831\/revisions\/80840"}],"wp:featuredmedia":[{"embeddable":true,"href":"https:\/\/www.tvnovelas.com.br\/tvnews\/wp-json\/wp\/v2\/media\/80832"}],"wp:attachment":[{"href":"https:\/\/www.tvnovelas.com.br\/tvnews\/wp-json\/wp\/v2\/media?parent=80831"}],"wp:term":[{"taxonomy":"category","embeddable":true,"href":"https:\/\/www.tvnovelas.com.br\/tvnews\/wp-json\/wp\/v2\/categories?post=80831"},{"taxonomy":"post_tag","embeddable":true,"href":"https:\/\/www.tvnovelas.com.br\/tvnews\/wp-json\/wp\/v2\/tags?post=80831"}],"curies":[{"name":"wp","href":"https:\/\/api.w.org\/{rel}","templated":true}]}}