{"id":80842,"date":"2025-08-16T14:02:55","date_gmt":"2025-08-16T17:02:55","guid":{"rendered":"https:\/\/www.tvnovelas.com.br\/tvnews\/?p=80842"},"modified":"2025-08-16T14:02:55","modified_gmt":"2025-08-16T17:02:55","slug":"vale-tudo-desprezada-por-raquel-fatima-toma-atitude-drastica","status":"publish","type":"post","link":"https:\/\/www.tvnovelas.com.br\/tvnews\/vale-tudo-desprezada-por-raquel-fatima-toma-atitude-drastica\/","title":{"rendered":"Vale Tudo: Desprezada por Raquel, F\u00e1tima toma atitude dr\u00e1stica"},"content":{"rendered":"<figure id=\"attachment_80843\" aria-describedby=\"caption-attachment-80843\" style=\"width: 728px\" class=\"wp-caption alignnone\"><img data-recalc-dims=\"1\" decoding=\"async\" class=\"wp-image-80843 size-full\" title=\"(Foto: TV Globo\/Vale Tudo)\" src=\"https:\/\/i0.wp.com\/www.tvnovelas.com.br\/tvnews\/wp-content\/uploads\/2025\/08\/11793.jpg?resize=728%2C410&#038;ssl=1\" alt=\"Foto em Vale Tudo: Desprezada por Raquel, F\u00e1tima toma atitude dr\u00e1stica\" width=\"728\" height=\"410\" srcset=\"https:\/\/i0.wp.com\/www.tvnovelas.com.br\/tvnews\/wp-content\/uploads\/2025\/08\/11793.jpg?w=728&amp;ssl=1 728w, https:\/\/i0.wp.com\/www.tvnovelas.com.br\/tvnews\/wp-content\/uploads\/2025\/08\/11793.jpg?resize=250%2C141&amp;ssl=1 250w\" sizes=\"(max-width: 728px) 100vw, 728px\" \/><figcaption id=\"caption-attachment-80843\" class=\"wp-caption-text\">Vale Tudo: Desprezada por Raquel, F\u00e1tima toma atitude dr\u00e1stica<\/figcaption><\/figure>\n<p>Em Vale Tudo, Raquel (Ta\u00eds Araujo) renegou Maria de F\u00e1tima (Bella Campos) ao descobrir todas as arma\u00e7\u00f5es da filha contra ela para se dar bem na vida. Na \u00e9poca, a cozinheira fez uma promessa com um tom de press\u00e1gio: um dia a herdeira iria bater na sua porta lhe pedindo ajuda e ela iria negar.<\/p>\n<p>Gr\u00e1vida e desesperada com a not\u00edcia de que Afonso (Humberto Carr\u00e3o) \u00e9 est\u00e9ril, Maria de F\u00e1tima vai pedir ajuda \u00e0 m\u00e3e ao esbarrar com a empres\u00e1ria em um concerto de \u00f3pera. A vil\u00e3 arruma um jeito de ficar a s\u00f3s com Raquel e implora ajuda:<\/p>\n<p>&#8220;M\u00e3e, eu preciso muito falar com voc\u00ea. Me escuta, por favor, eu preciso muito de voc\u00ea! \u00c9 grave&#8221;.<\/p>\n<p>Raquel n\u00e3o amolece e ignora a influenciadora:<\/p>\n<p>&#8220;Eu n\u00e3o te conhe\u00e7o, garota. Eu n\u00e3o tenho mais filha&#8221;.<\/p>\n<p>Em p\u00e2nico com a ideia de perder tudo, F\u00e1tima insiste:<\/p>\n<p>&#8220;&#8216;M\u00e3e, por favor, eu t\u00f4 te pedindo&#8221;.<\/p>\n<p>Mas Raquel despreza a filha:<\/p>\n<p>&#8220;Voc\u00ea deve estar me confundido com outra pessoa. Licen\u00e7a&#8221;.<\/p>\n<p>Minutos depois, ao subir as escadarias do teatro, F\u00e1tima \u00e9 tomada por lembran\u00e7as traum\u00e1ticas \u2014 desde a rejei\u00e7\u00e3o da m\u00e3e at\u00e9 revela\u00e7\u00f5es sobre sua gravidez -, e em gesto desesperado, ela se deixa cair da escada, rolando at\u00e9 o ch\u00e3o, desacordada.<br \/>\n<!--FIM--><br \/>\n<strong>Sobre a novela<\/strong><br \/>\n<a href=\"https:\/\/wp.me\/pfspD2-U7\" target=\"_blank\" rel=\"noopener\">Vale Tudo: Conflitos de princ\u00edpios e valores (Sinopse)<\/a><\/p>\n<p><a href=\"https:\/\/wp.me\/pfspD2-oI\" target=\"_blank\" rel=\"noopener\">Vale Tudo: Invers\u00e3o de valores no final dos anos 1980<\/a> (Sinopse)<\/p>\n<div style=\"font-size: 120%;\"><h3>Confira tamb\u00e9m<\/h3>\r\n<a href=\"https:\/\/tvnovelas.com.br\/novelas\/\" rel=\"noopener\" target=\"_blank\"><strong>Todos os resumos de novelas<\/strong><\/a><\/br>\r\n<a href=\"https:\/\/www.tvnovelas.com.br\/tvnews\/\" rel=\"noopener\" target=\"_blank\"><strong>\u00daltimas not\u00edcias das novelas<\/strong><\/a><\/br>\r\n<a href=\"https:\/\/www.tvnovelas.com.br\/filmes\/\" target=\"_blank\" rel=\"noopener noreferrer\"><strong>Programa\u00e7\u00e3o de filmes na TV aberta<\/strong><\/a><\/br>\r\n<a href=\"https:\/\/caetenews.com.br\/semana\/filmes-da-globo-na-sessao-da-tarde-desta-semana\/\" target=\"_blank\" rel=\"noopener\"><strong>Confira os filmes da semana na Sess\u00e3o da Tarde<\/strong><\/a><\/br>\r\n<a href=\"https:\/\/classindportal.mj.gov.br\/consulta-filmes\" target=\"_blank\" rel=\"noopener\"><strong>Consulte a classifica\u00e7\u00e3o indicativa dos filmes e novelas<\/strong><\/a><\/br><br \/>\n&lt;\/div<\/div>\n","protected":false},"excerpt":{"rendered":"<p>Vale Tudo: Desprezada por Raquel, F\u00e1tima toma atitude dr\u00e1stica&#8230; Em Vale Tudo, Raquel (Ta\u00eds Araujo) renegou Maria de F\u00e1tima (Bella Campos) ao descobrir&#8230;<\/p>\n","protected":false},"author":1,"featured_media":80843,"comment_status":"closed","ping_status":"closed","sticky":false,"template":"","format":"standard","meta":{"_uf_show_specific_survey":0,"_uf_disable_surveys":false,"_jetpack_memberships_contains_paid_content":false,"footnotes":"","_wp_rev_ctl_limit":""},"categories":[871],"tags":[5,64,801],"class_list":["post-80842","post","type-post","status-publish","format-standard","has-post-thumbnail","hentry","category-vale-tudo","tag-globo","tag-novelas","tag-vale-tudo","wpcat-871-id"],"aioseo_notices":[],"jetpack_featured_media_url":"https:\/\/i0.wp.com\/www.tvnovelas.com.br\/tvnews\/wp-content\/uploads\/2025\/08\/11793.jpg?fit=728%2C410&ssl=1","jetpack_shortlink":"https:\/\/wp.me\/pdP2BO-l1U","jetpack_sharing_enabled":true,"_links":{"self":[{"href":"https:\/\/www.tvnovelas.com.br\/tvnews\/wp-json\/wp\/v2\/posts\/80842","targetHints":{"allow":["GET"]}}],"collection":[{"href":"https:\/\/www.tvnovelas.com.br\/tvnews\/wp-json\/wp\/v2\/posts"}],"about":[{"href":"https:\/\/www.tvnovelas.com.br\/tvnews\/wp-json\/wp\/v2\/types\/post"}],"author":[{"embeddable":true,"href":"https:\/\/www.tvnovelas.com.br\/tvnews\/wp-json\/wp\/v2\/users\/1"}],"replies":[{"embeddable":true,"href":"https:\/\/www.tvnovelas.com.br\/tvnews\/wp-json\/wp\/v2\/comments?post=80842"}],"version-history":[{"count":2,"href":"https:\/\/www.tvnovelas.com.br\/tvnews\/wp-json\/wp\/v2\/posts\/80842\/revisions"}],"predecessor-version":[{"id":80845,"href":"https:\/\/www.tvnovelas.com.br\/tvnews\/wp-json\/wp\/v2\/posts\/80842\/revisions\/80845"}],"wp:featuredmedia":[{"embeddable":true,"href":"https:\/\/www.tvnovelas.com.br\/tvnews\/wp-json\/wp\/v2\/media\/80843"}],"wp:attachment":[{"href":"https:\/\/www.tvnovelas.com.br\/tvnews\/wp-json\/wp\/v2\/media?parent=80842"}],"wp:term":[{"taxonomy":"category","embeddable":true,"href":"https:\/\/www.tvnovelas.com.br\/tvnews\/wp-json\/wp\/v2\/categories?post=80842"},{"taxonomy":"post_tag","embeddable":true,"href":"https:\/\/www.tvnovelas.com.br\/tvnews\/wp-json\/wp\/v2\/tags?post=80842"}],"curies":[{"name":"wp","href":"https:\/\/api.w.org\/{rel}","templated":true}]}}