{"id":80857,"date":"2025-08-17T09:39:45","date_gmt":"2025-08-17T12:39:45","guid":{"rendered":"https:\/\/www.tvnovelas.com.br\/tvnews\/?p=80857"},"modified":"2025-08-17T09:39:45","modified_gmt":"2025-08-17T12:39:45","slug":"vale-tudo-cesar-sugere-que-fatima-interrompa-a-gravidez","status":"publish","type":"post","link":"https:\/\/www.tvnovelas.com.br\/tvnews\/vale-tudo-cesar-sugere-que-fatima-interrompa-a-gravidez\/","title":{"rendered":"Vale Tudo: C\u00e9sar sugere que F\u00e1tima interrompa a gravidez"},"content":{"rendered":"<figure id=\"attachment_80858\" aria-describedby=\"caption-attachment-80858\" style=\"width: 728px\" class=\"wp-caption alignnone\"><img data-recalc-dims=\"1\" decoding=\"async\" class=\"wp-image-80858 size-full\" title=\"(Foto: TV Globo\/Vale Tudo)\" src=\"https:\/\/i0.wp.com\/www.tvnovelas.com.br\/tvnews\/wp-content\/uploads\/2025\/08\/11796.jpg?resize=728%2C410&#038;ssl=1\" alt=\"Foto em Vale Tudo: C\u00e9sar sugere que F\u00e1tima interrompa a gravidez\" width=\"728\" height=\"410\" srcset=\"https:\/\/i0.wp.com\/www.tvnovelas.com.br\/tvnews\/wp-content\/uploads\/2025\/08\/11796.jpg?w=728&amp;ssl=1 728w, https:\/\/i0.wp.com\/www.tvnovelas.com.br\/tvnews\/wp-content\/uploads\/2025\/08\/11796.jpg?resize=250%2C141&amp;ssl=1 250w\" sizes=\"(max-width: 728px) 100vw, 728px\" \/><figcaption id=\"caption-attachment-80858\" class=\"wp-caption-text\">Vale Tudo: C\u00e9sar sugere que F\u00e1tima interrompa a gravidez<\/figcaption><\/figure>\n<p>Em Vale Tudo, Maria de F\u00e1tima (Bella Campos) arquitetou friamente um plano para ficar milion\u00e1ria: casar com o herdeiro do Grupo Roitman e ter um filho de Afonso (Humberto Carr\u00e3o) para garantir uma pens\u00e3o alt\u00edssima para nunca mais precisar fazer contas na vida.<\/p>\n<p>S\u00f3 que no meio do caminho estava Celina (Malu Galli). A jovem ficou desesperada ao ouvir da tia de seu marido que ele \u00e9 est\u00e9ril. Gr\u00e1vida, a jovem desabafa com C\u00e9sar (Cau\u00e3 Reymond) e tenta contornar a situa\u00e7\u00e3o para n\u00e3o sair desse casamento sem nada.<\/p>\n<p>&#8220;A gente estava na boca de ficar rico! Eu ia sair linda, ia arrancar uma fortuna deles com esse filho&#8230; Se ainda tivesse dois anos desse maldito casamento&#8230; Depois de tanto trabalho, tantos planos&#8230; Eu n\u00e3o vou perder tudo, C\u00e9sar! Eu n\u00e3o posso ficar pobre outra vez&#8221;, lamenta.<\/p>\n<p>Para o malandro, s\u00f3 tem uma sa\u00edda: &#8220;De repente \u00e9 melhor at\u00e9 voc\u00ea interromper essa gravidez&#8221;.<\/p>\n<p>A vil\u00e3 recusa a ideia, e o vigarista deixa claro que nunca aprovou a ideia de F\u00e1tima ser m\u00e3e e que ele n\u00e3o tem a menor condi\u00e7\u00e3o de assumir as responsabilidade de ter um filho:<\/p>\n<p>&#8220;O que voc\u00ea quer que eu fa\u00e7a? Que eu diga vamos, meu amor, vamos viver eu voc\u00ea e esse beb\u00ea num quarto e sala? T\u00f4 te oferecendo uma sa\u00edda real! A outra possibilidade, voc\u00ea j\u00e1 sabe qual \u00e9: encarar o Afonso, dizer que t\u00e1 gr\u00e1vida e ser expulsa da casa dos Roitmans feito cachorro, sem nada&#8221;.<br \/>\n<!--FIM--><br \/>\n<strong>Sobre a novela<\/strong><br \/>\n<a href=\"https:\/\/wp.me\/pfspD2-U7\" target=\"_blank\" rel=\"noopener\">Vale Tudo: Conflitos de princ\u00edpios e valores (Sinopse)<\/a><\/p>\n<p><a href=\"https:\/\/wp.me\/pfspD2-oI\" target=\"_blank\" rel=\"noopener\">Vale Tudo: Invers\u00e3o de valores no final dos anos 1980<\/a> (Sinopse)<\/p>\n<div style=\"font-size: 120%;\"><h3>Confira tamb\u00e9m<\/h3>\r\n<a href=\"https:\/\/tvnovelas.com.br\/novelas\/\" rel=\"noopener\" target=\"_blank\"><strong>Todos os resumos de novelas<\/strong><\/a><\/br>\r\n<a href=\"https:\/\/www.tvnovelas.com.br\/tvnews\/\" rel=\"noopener\" target=\"_blank\"><strong>\u00daltimas not\u00edcias das novelas<\/strong><\/a><\/br>\r\n<a href=\"https:\/\/www.tvnovelas.com.br\/filmes\/\" target=\"_blank\" rel=\"noopener noreferrer\"><strong>Programa\u00e7\u00e3o de filmes na TV aberta<\/strong><\/a><\/br>\r\n<a href=\"https:\/\/caetenews.com.br\/semana\/filmes-da-globo-na-sessao-da-tarde-desta-semana\/\" target=\"_blank\" rel=\"noopener\"><strong>Confira os filmes da semana na Sess\u00e3o da Tarde<\/strong><\/a><\/br>\r\n<a href=\"https:\/\/classindportal.mj.gov.br\/consulta-filmes\" target=\"_blank\" rel=\"noopener\"><strong>Consulte a classifica\u00e7\u00e3o indicativa dos filmes e novelas<\/strong><\/a><\/br><br \/>\n&lt;\/div<\/div>\n","protected":false},"excerpt":{"rendered":"<p>Vale Tudo: C\u00e9sar sugere que F\u00e1tima interrompa a gravidez&#8230; Em Vale Tudo, Maria de F\u00e1tima (Bella Campos) arquitetou friamente um plano para ficar milion\u00e1ria&#8230;<\/p>\n","protected":false},"author":1,"featured_media":80858,"comment_status":"closed","ping_status":"closed","sticky":false,"template":"","format":"standard","meta":{"_uf_show_specific_survey":0,"_uf_disable_surveys":false,"_jetpack_memberships_contains_paid_content":false,"footnotes":"","_wp_rev_ctl_limit":""},"categories":[871],"tags":[5,64,801],"class_list":["post-80857","post","type-post","status-publish","format-standard","has-post-thumbnail","hentry","category-vale-tudo","tag-globo","tag-novelas","tag-vale-tudo","wpcat-871-id"],"aioseo_notices":[],"jetpack_featured_media_url":"https:\/\/i0.wp.com\/www.tvnovelas.com.br\/tvnews\/wp-content\/uploads\/2025\/08\/11796.jpg?fit=728%2C410&ssl=1","jetpack_shortlink":"https:\/\/wp.me\/pdP2BO-l29","jetpack_sharing_enabled":true,"_links":{"self":[{"href":"https:\/\/www.tvnovelas.com.br\/tvnews\/wp-json\/wp\/v2\/posts\/80857","targetHints":{"allow":["GET"]}}],"collection":[{"href":"https:\/\/www.tvnovelas.com.br\/tvnews\/wp-json\/wp\/v2\/posts"}],"about":[{"href":"https:\/\/www.tvnovelas.com.br\/tvnews\/wp-json\/wp\/v2\/types\/post"}],"author":[{"embeddable":true,"href":"https:\/\/www.tvnovelas.com.br\/tvnews\/wp-json\/wp\/v2\/users\/1"}],"replies":[{"embeddable":true,"href":"https:\/\/www.tvnovelas.com.br\/tvnews\/wp-json\/wp\/v2\/comments?post=80857"}],"version-history":[{"count":1,"href":"https:\/\/www.tvnovelas.com.br\/tvnews\/wp-json\/wp\/v2\/posts\/80857\/revisions"}],"predecessor-version":[{"id":80859,"href":"https:\/\/www.tvnovelas.com.br\/tvnews\/wp-json\/wp\/v2\/posts\/80857\/revisions\/80859"}],"wp:featuredmedia":[{"embeddable":true,"href":"https:\/\/www.tvnovelas.com.br\/tvnews\/wp-json\/wp\/v2\/media\/80858"}],"wp:attachment":[{"href":"https:\/\/www.tvnovelas.com.br\/tvnews\/wp-json\/wp\/v2\/media?parent=80857"}],"wp:term":[{"taxonomy":"category","embeddable":true,"href":"https:\/\/www.tvnovelas.com.br\/tvnews\/wp-json\/wp\/v2\/categories?post=80857"},{"taxonomy":"post_tag","embeddable":true,"href":"https:\/\/www.tvnovelas.com.br\/tvnews\/wp-json\/wp\/v2\/tags?post=80857"}],"curies":[{"name":"wp","href":"https:\/\/api.w.org\/{rel}","templated":true}]}}