{"id":80903,"date":"2025-08-19T08:29:52","date_gmt":"2025-08-19T11:29:52","guid":{"rendered":"https:\/\/www.tvnovelas.com.br\/tvnews\/?p=80903"},"modified":"2025-08-19T08:29:52","modified_gmt":"2025-08-19T11:29:52","slug":"eta-mundo-melhor-estela-foge-com-anabela-de-homem-misterioso-na-rua","status":"publish","type":"post","link":"https:\/\/www.tvnovelas.com.br\/tvnews\/eta-mundo-melhor-estela-foge-com-anabela-de-homem-misterioso-na-rua\/","title":{"rendered":"\u00cata Mundo Melhor!: Estela foge com Anabela de homem misterioso na rua"},"content":{"rendered":"<p><figure id=\"attachment_80904\" aria-describedby=\"caption-attachment-80904\" style=\"width: 727px\" class=\"wp-caption alignnone\"><img data-recalc-dims=\"1\" decoding=\"async\" src=\"https:\/\/i0.wp.com\/www.tvnovelas.com.br\/tvnews\/wp-content\/uploads\/2025\/08\/11806.jpg?resize=727%2C410&#038;ssl=1\" alt=\"Foto em \u00cata Mundo Melhor!: Estela foge com Anabela de homem misterioso na rua\" width=\"727\" height=\"410\" class=\"size-full wp-image-80904\" srcset=\"https:\/\/i0.wp.com\/www.tvnovelas.com.br\/tvnews\/wp-content\/uploads\/2025\/08\/11806.jpg?w=727&amp;ssl=1 727w, https:\/\/i0.wp.com\/www.tvnovelas.com.br\/tvnews\/wp-content\/uploads\/2025\/08\/11806.jpg?resize=250%2C141&amp;ssl=1 250w\" sizes=\"(max-width: 727px) 100vw, 727px\" \/><figcaption id=\"caption-attachment-80904\" class=\"wp-caption-text\">\u00cata Mundo Melhor!: Estela foge com Anabela de homem misterioso na rua<\/figcaption><\/figure><br \/>\n(Foto: TV Globo\/\u00cata Mundo Melhor!)<br \/>\nEm \u00cata Mundo Melhor!, o coquetel da r\u00e1dio Para\u00edso est\u00e1 balan\u00e7ando com todas as estruturas da capital paulista. Estela (Larissa Manoela) e Anabela (Isabelly Carvalho) est\u00e3o animadas para o evento, mas, primeiro, elas precisam de um carro de aluguel para chegar a tempo. A enfermeira levar\u00e1 um grande susto enquanto aguarda um autom\u00f3vel.<\/p>\n<p>Em frente a sua resid\u00eancia, Estela v\u00ea a silhueta de um homem de terno branco parado na esquina. Ela percebe que o sujeito est\u00e1 observando as duas e se assusta:<\/p>\n<p>&#8220;Vamos andando? A r\u00e1dio n\u00e3o \u00e9 t\u00e3o longe assim!&#8221;, diz Estela para Anabela.<\/p>\n<p>Estela come\u00e7a a caminhar cada vez mais apressado a medida que percebe o homem se aproximando.<\/p>\n<p>&#8220;Por que est\u00e1 correndo, Estela? Est\u00e1 tudo bem?&#8221;, pergunta a crian\u00e7a.<\/p>\n<p>&#8220;N\u00e3o quero que perca a apresenta\u00e7\u00e3o de Dita!&#8221;, diz a mulher, tentando disfar\u00e7ar o nervosismo.<\/p>\n<p>A enfermeira atravessa a rua com a irm\u00e3, at\u00e9 que Anabela grita ao ver um ve\u00edculo na dire\u00e7\u00e3o das duas:<\/p>\n<p>&#8220;Os carros, Estela!&#8221;<br \/>\n<!--FIM--><\/p>\n<h2>Sobre a novela:<\/h2>\n<p><a href=https:\/\/tvnovelas.com.br\/page2\/arquivo\/eta-mundo-melhor-a-volta-de-candinho-e-policarpo\/\" target=\"_blank\" rel=\"noopener\">\u00cata Mundo Melhor!: A volta de Candinho e Policarpo<\/a> (Sinopse)<br \/>\n<a href=\"https:\/\/pt.wikipedia.org\/wiki\/%C3%8Ata_Mundo_Melhor!\" target=\"_blank\" rel=\"noopener\">Sobre \u00cata Mundo Melhor!, na Wikipedia<\/a><\/p>\n<div style=\"font-size: 120%;\">\n<h3>Confira tamb\u00e9m<\/h3>\r\n<a href=\"https:\/\/tvnovelas.com.br\/novelas\/\" rel=\"noopener\" target=\"_blank\"><strong>Todos os resumos de novelas<\/strong><\/a><\/br>\r\n<a href=\"https:\/\/www.tvnovelas.com.br\/tvnews\/\" rel=\"noopener\" target=\"_blank\"><strong>\u00daltimas not\u00edcias das novelas<\/strong><\/a><\/br>\r\n<a href=\"https:\/\/www.tvnovelas.com.br\/filmes\/\" target=\"_blank\" rel=\"noopener noreferrer\"><strong>Programa\u00e7\u00e3o de filmes na TV aberta<\/strong><\/a><\/br>\r\n<a href=\"https:\/\/caetenews.com.br\/semana\/filmes-da-globo-na-sessao-da-tarde-desta-semana\/\" target=\"_blank\" rel=\"noopener\"><strong>Confira os filmes da semana na Sess\u00e3o da Tarde<\/strong><\/a><\/br>\r\n<a href=\"https:\/\/classindportal.mj.gov.br\/consulta-filmes\" target=\"_blank\" rel=\"noopener\"><strong>Consulte a classifica\u00e7\u00e3o indicativa dos filmes e novelas<\/strong><\/a><\/br>\n<\/div>\n","protected":false},"excerpt":{"rendered":"<p>\u00cata Mundo Melhor!: Estela foge com Anabela de homem misterioso na rua&#8230; Em \u00cata Mundo Melhor!, o coquetel da r\u00e1dio Para\u00edso est\u00e1 balan\u00e7ando&#8230;<\/p>\n","protected":false},"author":1,"featured_media":80904,"comment_status":"closed","ping_status":"closed","sticky":false,"template":"","format":"standard","meta":{"_uf_show_specific_survey":0,"_uf_disable_surveys":false,"_jetpack_memberships_contains_paid_content":false,"footnotes":"","_wp_rev_ctl_limit":""},"categories":[920],"tags":[921,5,64],"class_list":["post-80903","post","type-post","status-publish","format-standard","has-post-thumbnail","hentry","category-eta-mundo-melhor","tag-eta-mundo-melhor","tag-globo","tag-novelas","wpcat-920-id"],"aioseo_notices":[],"jetpack_featured_media_url":"https:\/\/i0.wp.com\/www.tvnovelas.com.br\/tvnews\/wp-content\/uploads\/2025\/08\/11806.jpg?fit=727%2C410&ssl=1","jetpack_shortlink":"https:\/\/wp.me\/pdP2BO-l2T","jetpack_sharing_enabled":true,"_links":{"self":[{"href":"https:\/\/www.tvnovelas.com.br\/tvnews\/wp-json\/wp\/v2\/posts\/80903","targetHints":{"allow":["GET"]}}],"collection":[{"href":"https:\/\/www.tvnovelas.com.br\/tvnews\/wp-json\/wp\/v2\/posts"}],"about":[{"href":"https:\/\/www.tvnovelas.com.br\/tvnews\/wp-json\/wp\/v2\/types\/post"}],"author":[{"embeddable":true,"href":"https:\/\/www.tvnovelas.com.br\/tvnews\/wp-json\/wp\/v2\/users\/1"}],"replies":[{"embeddable":true,"href":"https:\/\/www.tvnovelas.com.br\/tvnews\/wp-json\/wp\/v2\/comments?post=80903"}],"version-history":[{"count":1,"href":"https:\/\/www.tvnovelas.com.br\/tvnews\/wp-json\/wp\/v2\/posts\/80903\/revisions"}],"predecessor-version":[{"id":80905,"href":"https:\/\/www.tvnovelas.com.br\/tvnews\/wp-json\/wp\/v2\/posts\/80903\/revisions\/80905"}],"wp:featuredmedia":[{"embeddable":true,"href":"https:\/\/www.tvnovelas.com.br\/tvnews\/wp-json\/wp\/v2\/media\/80904"}],"wp:attachment":[{"href":"https:\/\/www.tvnovelas.com.br\/tvnews\/wp-json\/wp\/v2\/media?parent=80903"}],"wp:term":[{"taxonomy":"category","embeddable":true,"href":"https:\/\/www.tvnovelas.com.br\/tvnews\/wp-json\/wp\/v2\/categories?post=80903"},{"taxonomy":"post_tag","embeddable":true,"href":"https:\/\/www.tvnovelas.com.br\/tvnews\/wp-json\/wp\/v2\/tags?post=80903"}],"curies":[{"name":"wp","href":"https:\/\/api.w.org\/{rel}","templated":true}]}}