{"id":80907,"date":"2025-08-19T08:50:46","date_gmt":"2025-08-19T11:50:46","guid":{"rendered":"https:\/\/www.tvnovelas.com.br\/tvnews\/?p=80907"},"modified":"2025-08-19T08:50:46","modified_gmt":"2025-08-19T11:50:46","slug":"dona-de-mim-jaques-acusa-leo-de-roubo-e-demite-a-baba","status":"publish","type":"post","link":"https:\/\/www.tvnovelas.com.br\/tvnews\/dona-de-mim-jaques-acusa-leo-de-roubo-e-demite-a-baba\/","title":{"rendered":"Dona de Mim: Jaques acusa Leo de roubo e demite a bab\u00e1"},"content":{"rendered":"<figure id=\"attachment_80908\" aria-describedby=\"caption-attachment-80908\" style=\"width: 728px\" class=\"wp-caption alignnone\"><img data-recalc-dims=\"1\" decoding=\"async\" class=\"wp-image-80908 size-full\" title=\"(Foto: TV Globo\/Dona de Mim)\" src=\"https:\/\/i0.wp.com\/www.tvnovelas.com.br\/tvnews\/wp-content\/uploads\/2025\/08\/11807.jpg?resize=728%2C410&#038;ssl=1\" alt=\"Foto em Dona de Mim: Jaques acusa Leo de roubo e demite a bab\u00e1\" width=\"728\" height=\"410\" srcset=\"https:\/\/i0.wp.com\/www.tvnovelas.com.br\/tvnews\/wp-content\/uploads\/2025\/08\/11807.jpg?w=728&amp;ssl=1 728w, https:\/\/i0.wp.com\/www.tvnovelas.com.br\/tvnews\/wp-content\/uploads\/2025\/08\/11807.jpg?resize=250%2C141&amp;ssl=1 250w\" sizes=\"(max-width: 728px) 100vw, 728px\" \/><figcaption id=\"caption-attachment-80908\" class=\"wp-caption-text\">Dona de Mim: Jaques acusa Leo de roubo e demite a bab\u00e1<\/figcaption><\/figure>\n<p>Em Dona de Mim, Jaques (Marcello Novaes) vai armar para cima de Leo (Clara Moneke). O vil\u00e3o espalhar\u00e1 c\u00e2meras pela mans\u00e3o e dir\u00e1 a todos que perdeu sua carteira. As imagens mostrar\u00e3o a bab\u00e1 pegando o objeto para guardar, justamente para n\u00e3o ser acusada. Mas n\u00e3o vai dar outra. Jaques acusar\u00e1 Leo de roubo e demitir\u00e1 a bab\u00e1 da mans\u00e3o!]<\/p>\n<p>Leo encontrar\u00e1 uma carteira solta na sala da mans\u00e3o e ir\u00e1 verificar que \u00e9 de Jaques.<\/p>\n<p>\u201cJB&#8230;? Deve ser Jaques Boaz! Quer saber? Depois pegam e dizem que fui eu. Vou guardar isso\u201d, diz ela para si mesma.<\/p>\n<p>Jaques assistir\u00e1 a tudo pela c\u00e2mera e ir\u00e1 comemorar o fato de a baba ter ca\u00eddo em sua isca.<\/p>\n<p>\u201cFoi t\u00e3o f\u00e1cil, n\u00e3o teve nem gra\u00e7a!\u201d, celebra o vil\u00e3o.<\/p>\n<p>Leo ainda ir\u00e1 ao quarto de Jaques devolver a carteira e falar\u00e1 sozinha, j\u00e1 esperando ser filmada.<\/p>\n<p>\u201cEstou aqui devolvendo a carteira do Jaques Boaz para seu quarto sagrado! Est\u00e1 pegando, c\u00e2mera? Tem c\u00e2mera aqui? Depois n\u00e3o quero nenhum papinho estranho pra cima de mim!\u201d<\/p>\n<p>Depois, Jaques mostrar\u00e1 a Davi (Rafael Vitti) imagens que mostram Leo pegando a sua carteira.<\/p>\n<p>\u201cSabe quem est\u00e1 roubando dentro de casa? Sabe? Eu j\u00e1 andava cismado. Deixei minha carteira l\u00e1, sem contar pra ningu\u00e9m. N\u00e3o deu outra! A bab\u00e1 me roubou!\u201d, inventa ele.<\/p>\n<p>E, quando Leo chegar \u00e0 mans\u00e3o, Jaques ir\u00e1 despejar em cima dela, na frente de Samuel e Davi.<\/p>\n<p>\u201cEu quero falar com voc\u00ea. Quero tirar a limpo o roubo que essa bab\u00e1 fez aqui em casa\u201d, afirma o vil\u00e3o.<\/p>\n<p>\u201cEu o qu\u00ea?\u201d, reage Leo, sem entender.<\/p>\n<p>\u201cVai negar que roubou minha carteira? Est\u00e1 gravado!\u201d, insiste ele.<\/p>\n<p>Jaques, ent\u00e3o, ir\u00e1 demitir Leona do cargo de bab\u00e1 de Sofia (Elis Cabral).<\/p>\n<p>\u201cVoc\u00ea est\u00e1 demitida.\u201d<br \/>\n<!--FIM--><br \/>\n<strong>Sobre a novela<\/strong><br \/>\n<a href=\"https:\/\/wp.me\/pfspD2-UO\" target=\"_blank\" rel=\"noopener\">Dona de Mim: A trama da novela<\/a><br \/>\n<a href=\"https:\/\/wp.me\/pfspD2-UG\" target=\"_blank\" rel=\"noopener\">Dona de Mim: A fam\u00edlia Boaz e seu imp\u00e9rio de lingerie<\/a><\/p>\n<div style=\"font-size: 120%;\"><h3>Confira tamb\u00e9m<\/h3>\r\n<a href=\"https:\/\/tvnovelas.com.br\/novelas\/\" rel=\"noopener\" target=\"_blank\"><strong>Todos os resumos de novelas<\/strong><\/a><\/br>\r\n<a href=\"https:\/\/www.tvnovelas.com.br\/tvnews\/\" rel=\"noopener\" target=\"_blank\"><strong>\u00daltimas not\u00edcias das novelas<\/strong><\/a><\/br>\r\n<a href=\"https:\/\/www.tvnovelas.com.br\/filmes\/\" target=\"_blank\" rel=\"noopener noreferrer\"><strong>Programa\u00e7\u00e3o de filmes na TV aberta<\/strong><\/a><\/br>\r\n<a href=\"https:\/\/caetenews.com.br\/semana\/filmes-da-globo-na-sessao-da-tarde-desta-semana\/\" target=\"_blank\" rel=\"noopener\"><strong>Confira os filmes da semana na Sess\u00e3o da Tarde<\/strong><\/a><\/br>\r\n<a href=\"https:\/\/classindportal.mj.gov.br\/consulta-filmes\" target=\"_blank\" rel=\"noopener\"><strong>Consulte a classifica\u00e7\u00e3o indicativa dos filmes e novelas<\/strong><\/a><\/br><\/div>\n","protected":false},"excerpt":{"rendered":"<p>Dona de Mim: Jaques acusa Leo de roubo e demite a bab\u00e1&#8230; Em Dona de Mim, Jaques (Marcello Novaes) vai armar para cima de Leo&#8230;<\/p>\n","protected":false},"author":1,"featured_media":80908,"comment_status":"closed","ping_status":"closed","sticky":false,"template":"","format":"standard","meta":{"_uf_show_specific_survey":0,"_uf_disable_surveys":false,"_jetpack_memberships_contains_paid_content":false,"footnotes":"","_wp_rev_ctl_limit":""},"categories":[353],"tags":[883,5,64],"class_list":["post-80907","post","type-post","status-publish","format-standard","has-post-thumbnail","hentry","category-resumos-de-novelas","tag-dona-de-mim","tag-globo","tag-novelas","wpcat-353-id"],"aioseo_notices":[],"jetpack_featured_media_url":"https:\/\/i0.wp.com\/www.tvnovelas.com.br\/tvnews\/wp-content\/uploads\/2025\/08\/11807.jpg?fit=728%2C410&ssl=1","jetpack_shortlink":"https:\/\/wp.me\/pdP2BO-l2X","jetpack_sharing_enabled":true,"_links":{"self":[{"href":"https:\/\/www.tvnovelas.com.br\/tvnews\/wp-json\/wp\/v2\/posts\/80907","targetHints":{"allow":["GET"]}}],"collection":[{"href":"https:\/\/www.tvnovelas.com.br\/tvnews\/wp-json\/wp\/v2\/posts"}],"about":[{"href":"https:\/\/www.tvnovelas.com.br\/tvnews\/wp-json\/wp\/v2\/types\/post"}],"author":[{"embeddable":true,"href":"https:\/\/www.tvnovelas.com.br\/tvnews\/wp-json\/wp\/v2\/users\/1"}],"replies":[{"embeddable":true,"href":"https:\/\/www.tvnovelas.com.br\/tvnews\/wp-json\/wp\/v2\/comments?post=80907"}],"version-history":[{"count":1,"href":"https:\/\/www.tvnovelas.com.br\/tvnews\/wp-json\/wp\/v2\/posts\/80907\/revisions"}],"predecessor-version":[{"id":80910,"href":"https:\/\/www.tvnovelas.com.br\/tvnews\/wp-json\/wp\/v2\/posts\/80907\/revisions\/80910"}],"wp:featuredmedia":[{"embeddable":true,"href":"https:\/\/www.tvnovelas.com.br\/tvnews\/wp-json\/wp\/v2\/media\/80908"}],"wp:attachment":[{"href":"https:\/\/www.tvnovelas.com.br\/tvnews\/wp-json\/wp\/v2\/media?parent=80907"}],"wp:term":[{"taxonomy":"category","embeddable":true,"href":"https:\/\/www.tvnovelas.com.br\/tvnews\/wp-json\/wp\/v2\/categories?post=80907"},{"taxonomy":"post_tag","embeddable":true,"href":"https:\/\/www.tvnovelas.com.br\/tvnews\/wp-json\/wp\/v2\/tags?post=80907"}],"curies":[{"name":"wp","href":"https:\/\/api.w.org\/{rel}","templated":true}]}}