{"id":80912,"date":"2025-08-19T09:12:36","date_gmt":"2025-08-19T12:12:36","guid":{"rendered":"https:\/\/www.tvnovelas.com.br\/tvnews\/?p=80912"},"modified":"2025-08-19T09:12:36","modified_gmt":"2025-08-19T12:12:36","slug":"vale-tudo-fatima-planeja-acabar-com-a-gravidez-de-solange","status":"publish","type":"post","link":"https:\/\/www.tvnovelas.com.br\/tvnews\/vale-tudo-fatima-planeja-acabar-com-a-gravidez-de-solange\/","title":{"rendered":"Vale Tudo: F\u00e1tima planeja acabar com a gravidez de Solange"},"content":{"rendered":"<figure id=\"attachment_80913\" aria-describedby=\"caption-attachment-80913\" style=\"width: 728px\" class=\"wp-caption alignnone\"><img data-recalc-dims=\"1\" decoding=\"async\" class=\"wp-image-80913 size-full\" title=\"(Foto: TV Globo\/Vale Tudo)\" src=\"https:\/\/i0.wp.com\/www.tvnovelas.com.br\/tvnews\/wp-content\/uploads\/2025\/08\/11808.jpg?resize=728%2C410&#038;ssl=1\" alt=\"Foto em Vale Tudo: F\u00e1tima planeja acabar com a gravidez de Solange\" width=\"728\" height=\"410\" srcset=\"https:\/\/i0.wp.com\/www.tvnovelas.com.br\/tvnews\/wp-content\/uploads\/2025\/08\/11808.jpg?w=728&amp;ssl=1 728w, https:\/\/i0.wp.com\/www.tvnovelas.com.br\/tvnews\/wp-content\/uploads\/2025\/08\/11808.jpg?resize=250%2C141&amp;ssl=1 250w\" sizes=\"(max-width: 728px) 100vw, 728px\" \/><figcaption id=\"caption-attachment-80913\" class=\"wp-caption-text\">Vale Tudo: F\u00e1tima planeja acabar com a gravidez de Solange<\/figcaption><\/figure>\n<p>Em Vale Tudo, Maria de F\u00e1tima (Bella Campos) vai descobrir que Celina (Malu Galli) blefou ao dizer que Afonso (Humberto Carr\u00e3o) era est\u00e9ril. Ou seja, o filho que ela espera pode, sim, ser do marido (e, principalmente, ser um herdeiro dos Roitman). O problema \u00e9 que ela tem certeza de que Solange (Alice Wegmann) tamb\u00e9m est\u00e1 gr\u00e1vida dele. E, para piorar, de g\u00eameos! Ela n\u00e3o vai sossegar enquanto n\u00e3o acabar com a gravidez da rival!<\/p>\n<p>F\u00e1tima conta a C\u00e9sar (Cau\u00e3 Reymond) que descobriu a farsa da tia Celina e revela o plano contra Solange.<\/p>\n<p>\u201cEla \u00e9 diab\u00e9tica, n\u00e3o \u00e9? Se eu colocar \u00e1gua dentro daquela canetinha de rem\u00e9dio da Solange, ela vai perder esses beb\u00eas.\u201d<\/p>\n<p>At\u00e9 o modelo, que n\u00e3o tem l\u00e1 muito car\u00e1ter, fica horrorizado com a ideia da amante. F\u00e1tima manda C\u00e9sar ir para Tomorrow e segurar Solange por l\u00e1, enquanto ela vai at\u00e9 a casa da ruiva trocar as seringas. A golpista ainda tem a chave da casa da \u00e9poca em que morava com a ex-amiga e encontra os medicamentos com facilidade.<\/p>\n<p>A vida dos beb\u00eas de Solange ficam nas m\u00e3os de F\u00e1tima&#8230;<br \/>\n<!--FIM--><br \/>\n<strong>Sobre a novela<\/strong><br \/>\n<a href=\"https:\/\/wp.me\/pfspD2-U7\" target=\"_blank\" rel=\"noopener\">Vale Tudo: Conflitos de princ\u00edpios e valores (Sinopse)<\/a><\/p>\n<p><a href=\"https:\/\/wp.me\/pfspD2-oI\" target=\"_blank\" rel=\"noopener\">Vale Tudo: Invers\u00e3o de valores no final dos anos erdade1980<\/a> (Sinopse)<\/p>\n<div style=\"font-size: 120%;\"><h3>Confira tamb\u00e9m<\/h3>\r\n<a href=\"https:\/\/tvnovelas.com.br\/novelas\/\" rel=\"noopener\" target=\"_blank\"><strong>Todos os resumos de novelas<\/strong><\/a><\/br>\r\n<a href=\"https:\/\/www.tvnovelas.com.br\/tvnews\/\" rel=\"noopener\" target=\"_blank\"><strong>\u00daltimas not\u00edcias das novelas<\/strong><\/a><\/br>\r\n<a href=\"https:\/\/www.tvnovelas.com.br\/filmes\/\" target=\"_blank\" rel=\"noopener noreferrer\"><strong>Programa\u00e7\u00e3o de filmes na TV aberta<\/strong><\/a><\/br>\r\n<a href=\"https:\/\/caetenews.com.br\/semana\/filmes-da-globo-na-sessao-da-tarde-desta-semana\/\" target=\"_blank\" rel=\"noopener\"><strong>Confira os filmes da semana na Sess\u00e3o da Tarde<\/strong><\/a><\/br>\r\n<a href=\"https:\/\/classindportal.mj.gov.br\/consulta-filmes\" target=\"_blank\" rel=\"noopener\"><strong>Consulte a classifica\u00e7\u00e3o indicativa dos filmes e novelas<\/strong><\/a><\/br><br \/>\n&lt;\/div<\/div>\n","protected":false},"excerpt":{"rendered":"<p>Vale Tudo: F\u00e1tima planeja acabar com a gravidez de Solange&#8230; Em Vale Tudo, Maria de F\u00e1tima (Bella Campos) vai descobrir que Celina (Malu Galli) blefou&#8230;<\/p>\n","protected":false},"author":1,"featured_media":80913,"comment_status":"closed","ping_status":"closed","sticky":false,"template":"","format":"standard","meta":{"_uf_show_specific_survey":0,"_uf_disable_surveys":false,"_jetpack_memberships_contains_paid_content":false,"footnotes":"","_wp_rev_ctl_limit":""},"categories":[871],"tags":[5,64,801],"class_list":["post-80912","post","type-post","status-publish","format-standard","has-post-thumbnail","hentry","category-vale-tudo","tag-globo","tag-novelas","tag-vale-tudo","wpcat-871-id"],"aioseo_notices":[],"jetpack_featured_media_url":"https:\/\/i0.wp.com\/www.tvnovelas.com.br\/tvnews\/wp-content\/uploads\/2025\/08\/11808.jpg?fit=728%2C410&ssl=1","jetpack_shortlink":"https:\/\/wp.me\/pdP2BO-l32","jetpack_sharing_enabled":true,"_links":{"self":[{"href":"https:\/\/www.tvnovelas.com.br\/tvnews\/wp-json\/wp\/v2\/posts\/80912","targetHints":{"allow":["GET"]}}],"collection":[{"href":"https:\/\/www.tvnovelas.com.br\/tvnews\/wp-json\/wp\/v2\/posts"}],"about":[{"href":"https:\/\/www.tvnovelas.com.br\/tvnews\/wp-json\/wp\/v2\/types\/post"}],"author":[{"embeddable":true,"href":"https:\/\/www.tvnovelas.com.br\/tvnews\/wp-json\/wp\/v2\/users\/1"}],"replies":[{"embeddable":true,"href":"https:\/\/www.tvnovelas.com.br\/tvnews\/wp-json\/wp\/v2\/comments?post=80912"}],"version-history":[{"count":1,"href":"https:\/\/www.tvnovelas.com.br\/tvnews\/wp-json\/wp\/v2\/posts\/80912\/revisions"}],"predecessor-version":[{"id":80914,"href":"https:\/\/www.tvnovelas.com.br\/tvnews\/wp-json\/wp\/v2\/posts\/80912\/revisions\/80914"}],"wp:featuredmedia":[{"embeddable":true,"href":"https:\/\/www.tvnovelas.com.br\/tvnews\/wp-json\/wp\/v2\/media\/80913"}],"wp:attachment":[{"href":"https:\/\/www.tvnovelas.com.br\/tvnews\/wp-json\/wp\/v2\/media?parent=80912"}],"wp:term":[{"taxonomy":"category","embeddable":true,"href":"https:\/\/www.tvnovelas.com.br\/tvnews\/wp-json\/wp\/v2\/categories?post=80912"},{"taxonomy":"post_tag","embeddable":true,"href":"https:\/\/www.tvnovelas.com.br\/tvnews\/wp-json\/wp\/v2\/tags?post=80912"}],"curies":[{"name":"wp","href":"https:\/\/api.w.org\/{rel}","templated":true}]}}