{"id":80933,"date":"2025-08-19T12:54:15","date_gmt":"2025-08-19T15:54:15","guid":{"rendered":"https:\/\/www.tvnovelas.com.br\/tvnews\/?p=80933"},"modified":"2025-08-19T12:54:15","modified_gmt":"2025-08-19T15:54:15","slug":"eta-mundo-melhor-candinho-da-o-troco-em-celso-na-frente-de-samir","status":"publish","type":"post","link":"https:\/\/www.tvnovelas.com.br\/tvnews\/eta-mundo-melhor-candinho-da-o-troco-em-celso-na-frente-de-samir\/","title":{"rendered":"\u00cata Mundo Melhor!: Candinho d\u00e1 o troco em Celso na frente de Samir"},"content":{"rendered":"<figure id=\"attachment_80934\" aria-describedby=\"caption-attachment-80934\" style=\"width: 727px\" class=\"wp-caption alignnone\"><img data-recalc-dims=\"1\" decoding=\"async\" class=\"wp-image-80934 size-full\" title=\"(Foto: TV Globo\/\u00cata Mundo Melhor!)\" src=\"https:\/\/i0.wp.com\/www.tvnovelas.com.br\/tvnews\/wp-content\/uploads\/2025\/08\/11811.jpg?resize=727%2C410&#038;ssl=1\" alt=\"Foto em \u00cata Mundo Melhor!: Candinho d\u00e1 o troco em Celso na frente de Samir\" width=\"727\" height=\"410\" srcset=\"https:\/\/i0.wp.com\/www.tvnovelas.com.br\/tvnews\/wp-content\/uploads\/2025\/08\/11811.jpg?w=727&amp;ssl=1 727w, https:\/\/i0.wp.com\/www.tvnovelas.com.br\/tvnews\/wp-content\/uploads\/2025\/08\/11811.jpg?resize=250%2C141&amp;ssl=1 250w\" sizes=\"(max-width: 727px) 100vw, 727px\" \/><figcaption id=\"caption-attachment-80934\" class=\"wp-caption-text\">\u00cata Mundo Melhor!: Candinho d\u00e1 o troco em Celso na frente de Samir<\/figcaption><\/figure>\n<p>Em \u00cata Mundo Melhor!, Celso (Rainer Cadete) mentiu para Samir (Davi Malizia) e fez o menino acreditar que Candinho (Sergio Guiz\u00e9) n\u00e3o gostava mais dele. Acontece que o jovenzinho encontrou o amigo na rua e contou tudo o que aconteceu. O caipira n\u00e3o deixa barato e resolve tirar essa hist\u00f3ria a limpo.<\/p>\n<p>Candinho pergunta a Celso por que ele falou tanto absurdo para Samir. O mau-car\u00e1ter tenta despistar:<\/p>\n<p>&#8220;Acho a aproxima\u00e7\u00e3o dele muito suspeita! [&#8230;] N\u00e3o podemos esquecer que aquele menino \u00e9 um ladr\u00e3ozinho. Roubou seu camafeu!&#8221;<\/p>\n<p>O dono da f\u00e1brica de biscoitos defende Samir e diz que acredita na sua inoc\u00eancia.<\/p>\n<p>&#8220;Gradicido pela preocupa\u00e7\u00e3o, m\u00e1 num v\u00f4 dex\u00e1 oc\u00ea fal\u00e1 mal do Samir. Oc\u00ea vai t\u00ea que pidi perd\u00e3o pra ele.&#8221;<br \/>\nOs dois v\u00e3o at\u00e9 o orfanato e pedem para Zulma (Heloisa P\u00e9riss\u00e9) chamar Samir. Quando o menino chega, fica assustado com a presen\u00e7a de Celso:<\/p>\n<p>&#8220;Me protege, Candinho! Esse homem \u00e9 mau! Tenho medo dele, Candinho!&#8221;<\/p>\n<p>Candinho diz que n\u00e3o vai deixar que nenhum mal aconte\u00e7a e ele, depois manda Celso fazer o que combinaram.<\/p>\n<p>&#8220;Samir, bem, eu&#8230; N\u00e3o foi certo o modo como o tratei no outro dia. [&#8230;] Confesso que menti. Candinho sempre acreditou em voc\u00ea. Ele sabe que \u00e9 inocente, Samir. &#8220;, admite o cafajeste.<\/p>\n<p>Depois, Celso d\u00e1 a miss\u00e3o como cumprida e chama Candinho para ir embora. Mas o caipira n\u00e3o d\u00e1 a hist\u00f3ria como terminada:<\/p>\n<p>&#8220;Resorvemo foi nada, Cerso. Inda farta o mais importante&#8230; [&#8230;] Falta oc\u00ea pidi discurpa pro Samir.&#8221;<\/p>\n<p>&#8220;Est\u00e1 bem. Pe\u00e7o as mais sinceras desculpas, Samir. N\u00e3o devia ter feito mal ju\u00edzo de sua pessoa&#8221;, fala Celso, fingindo arrependimento.<\/p>\n<p>Samir desculpa Celso, e Candinho faz mais uma exig\u00eancia:<\/p>\n<p>&#8220;Cerso, d\u00e1 um abra\u00e7o no Samir, pra ficar tudo bem entre oc\u00eas dois!&#8221;<\/p>\n<p>Contrariado, Celso abra\u00e7a o menino diante de todo o orfanato.<br \/>\n<!--FIM--><\/p>\n<h2>Sobre a novela:<\/h2>\n<p><a href=\"https:\/\/tvnovelas.com.br\/page2\/arquivo\/eta-mundo-melhor-a-volta-de-candinho-e-policarpo\/&quot;\" target=\"_blank\" rel=\"noopener\">\u00cata Mundo Melhor!: A volta de Candinho e Policarpo<\/a> (Sinopse)<br \/>\n<a href=\"https:\/\/pt.wikipedia.org\/wiki\/%C3%8Ata_Mundo_Melhor!\" target=\"_blank\" rel=\"noopener\">Sobre \u00cata Mundo Melhor!, na Wikipedia<\/a><\/p>\n<div style=\"font-size: 120%;\"><h3>Confira tamb\u00e9m<\/h3>\r\n<a href=\"https:\/\/tvnovelas.com.br\/novelas\/\" rel=\"noopener\" target=\"_blank\"><strong>Todos os resumos de novelas<\/strong><\/a><\/br>\r\n<a href=\"https:\/\/www.tvnovelas.com.br\/tvnews\/\" rel=\"noopener\" target=\"_blank\"><strong>\u00daltimas not\u00edcias das novelas<\/strong><\/a><\/br>\r\n<a href=\"https:\/\/www.tvnovelas.com.br\/filmes\/\" target=\"_blank\" rel=\"noopener noreferrer\"><strong>Programa\u00e7\u00e3o de filmes na TV aberta<\/strong><\/a><\/br>\r\n<a href=\"https:\/\/caetenews.com.br\/semana\/filmes-da-globo-na-sessao-da-tarde-desta-semana\/\" target=\"_blank\" rel=\"noopener\"><strong>Confira os filmes da semana na Sess\u00e3o da Tarde<\/strong><\/a><\/br>\r\n<a href=\"https:\/\/classindportal.mj.gov.br\/consulta-filmes\" target=\"_blank\" rel=\"noopener\"><strong>Consulte a classifica\u00e7\u00e3o indicativa dos filmes e novelas<\/strong><\/a><\/br><\/div>\n","protected":false},"excerpt":{"rendered":"<p>\u00cata Mundo Melhor!: Candinho d\u00e1 o troco em Celso na frente de Samir&#8230; Em \u00cata Mundo Melhor!, Celso (Rainer Cadete) mentiu para Samir&#8230;<\/p>\n","protected":false},"author":1,"featured_media":0,"comment_status":"closed","ping_status":"closed","sticky":false,"template":"","format":"standard","meta":{"_uf_show_specific_survey":0,"_uf_disable_surveys":false,"_jetpack_memberships_contains_paid_content":false,"footnotes":"","_wp_rev_ctl_limit":""},"categories":[353],"tags":[],"class_list":["post-80933","post","type-post","status-publish","format-standard","hentry","category-resumos-de-novelas","wpcat-353-id"],"aioseo_notices":[],"jetpack_featured_media_url":"","jetpack_shortlink":"https:\/\/wp.me\/pdP2BO-l3n","jetpack_sharing_enabled":true,"_links":{"self":[{"href":"https:\/\/www.tvnovelas.com.br\/tvnews\/wp-json\/wp\/v2\/posts\/80933","targetHints":{"allow":["GET"]}}],"collection":[{"href":"https:\/\/www.tvnovelas.com.br\/tvnews\/wp-json\/wp\/v2\/posts"}],"about":[{"href":"https:\/\/www.tvnovelas.com.br\/tvnews\/wp-json\/wp\/v2\/types\/post"}],"author":[{"embeddable":true,"href":"https:\/\/www.tvnovelas.com.br\/tvnews\/wp-json\/wp\/v2\/users\/1"}],"replies":[{"embeddable":true,"href":"https:\/\/www.tvnovelas.com.br\/tvnews\/wp-json\/wp\/v2\/comments?post=80933"}],"version-history":[{"count":1,"href":"https:\/\/www.tvnovelas.com.br\/tvnews\/wp-json\/wp\/v2\/posts\/80933\/revisions"}],"predecessor-version":[{"id":80935,"href":"https:\/\/www.tvnovelas.com.br\/tvnews\/wp-json\/wp\/v2\/posts\/80933\/revisions\/80935"}],"wp:attachment":[{"href":"https:\/\/www.tvnovelas.com.br\/tvnews\/wp-json\/wp\/v2\/media?parent=80933"}],"wp:term":[{"taxonomy":"category","embeddable":true,"href":"https:\/\/www.tvnovelas.com.br\/tvnews\/wp-json\/wp\/v2\/categories?post=80933"},{"taxonomy":"post_tag","embeddable":true,"href":"https:\/\/www.tvnovelas.com.br\/tvnews\/wp-json\/wp\/v2\/tags?post=80933"}],"curies":[{"name":"wp","href":"https:\/\/api.w.org\/{rel}","templated":true}]}}