{"id":80943,"date":"2025-08-19T17:00:46","date_gmt":"2025-08-19T20:00:46","guid":{"rendered":"https:\/\/www.tvnovelas.com.br\/tvnews\/?p=80943"},"modified":"2025-08-19T17:00:46","modified_gmt":"2025-08-19T20:00:46","slug":"dona-de-mim-ayla-e-ameacada-pelo-doador-que-quer-ser-pai-do-seu-bebe","status":"publish","type":"post","link":"https:\/\/www.tvnovelas.com.br\/tvnews\/dona-de-mim-ayla-e-ameacada-pelo-doador-que-quer-ser-pai-do-seu-bebe\/","title":{"rendered":"Dona de Mim: Ayla \u00e9 amea\u00e7ada pelo doador, que quer ser pai do seu beb\u00ea"},"content":{"rendered":"<figure id=\"attachment_80944\" aria-describedby=\"caption-attachment-80944\" style=\"width: 728px\" class=\"wp-caption alignnone\"><img data-recalc-dims=\"1\" decoding=\"async\" class=\"wp-image-80944 size-full\" title=\"(Foto: TV Globo\/Dona de Mim)\" src=\"https:\/\/i0.wp.com\/www.tvnovelas.com.br\/tvnews\/wp-content\/uploads\/2025\/08\/11813.jpg?resize=728%2C410&#038;ssl=1\" alt=\"Foto em Dona de Mim: Ayla \u00e9 amea\u00e7ada pelo doador, que quer ser pai do seu beb\u00ea\" width=\"728\" height=\"410\" srcset=\"https:\/\/i0.wp.com\/www.tvnovelas.com.br\/tvnews\/wp-content\/uploads\/2025\/08\/11813.jpg?w=728&amp;ssl=1 728w, https:\/\/i0.wp.com\/www.tvnovelas.com.br\/tvnews\/wp-content\/uploads\/2025\/08\/11813.jpg?resize=250%2C141&amp;ssl=1 250w\" sizes=\"(max-width: 728px) 100vw, 728px\" \/><figcaption id=\"caption-attachment-80944\" class=\"wp-caption-text\">Dona de Mim: Ayla \u00e9 amea\u00e7ada pelo doador, que quer ser pai do seu beb\u00ea<\/figcaption><\/figure>\n<p>Em Dona de Mim, depois de muito fugir, Ayla (Bel Lima) vai dar de cara com o doador de seu beb\u00ea na f\u00e1brica de sua fam\u00edlia. Isso porque Caco (Pedro Alves) \u00e9 namorado de Breno (Gabriel Sanches) e quer de qualquer jeito fazer parte da vida do beb\u00ea, apesar de esse n\u00e3o ter sido o combinado no momento da insemina\u00e7\u00e3o. Caco ainda amea\u00e7ar\u00e1 procurar um advogado para ter o direito de ser o pai do filho de Ayla.<\/p>\n<p>Primeiro, os dois ir\u00e3o se encontrar na f\u00e1brica, onde Breno tamb\u00e9m trabalha.<\/p>\n<p>\u201cPodia ser legal ficar por perto. No seu limite, claro. Posso ser um padrinho ou, sei l\u00e1, um tio legal\u201d, pede Caco ao reencontrar Ayla, finalmente.<\/p>\n<p>\u201cN\u00e3o! J\u00e1 tive problemas demais com a Gi. A gente chegou at\u00e9 a se separar. E, justo agora que as coisas t\u00e3o bem, e que ela finalmente me perdoou e aceitou o beb\u00ea, voc\u00ea aparece. Adeus\u201d, reage Ayla.<\/p>\n<p>Depois, em outro momento, primeiro, Breno vai descobrir que Caco \u00e9 o pai do filho de Ayla e ir\u00e1 contar tudo para Gisele (Luana Tanaka).<\/p>\n<p>\u201cOutra vez, Ayla? Outra mentira?\u201d, reage Gisele.<\/p>\n<p>Com o caos instaurado, a coisa ainda vai piorar quando Caco decidir que quer de qualquer maneira fazer parte da vida do beb\u00ea que Ayla espera.<\/p>\n<p>\u201cEu n\u00e3o quero ser s\u00f3 o doador de 30 anos. Eu quero ser pai! Eu vou ser pai!\u201d, afirma Caco.<\/p>\n<p>Ayla se manter\u00e1 firme de que esse n\u00e3o foi o combinado, mas n\u00e3o ter\u00e1 jeito. Caco continuar\u00e1 insistindo e ainda amea\u00e7ar\u00e1 procurar a Justi\u00e7a.<\/p>\n<p>\u201cEsse n\u00e3o era o combinado! Voc\u00ea \u00e9 doador an\u00f4nimo!\u201d, afirma ela.<\/p>\n<p>\u201cO acordo mudou. Se voc\u00ea insistir em me excluir, vou ter que entrar com advogado. \u00c9 isso mesmo que voc\u00ea quer?\u201d, insiste ele.<br \/>\nResta acompanhar para ver como ficar\u00e1 o futuro desse novo herdeiro ou herdeira dos Boaz<br \/>\n<!--FIM--><br \/>\n<strong>Sobre a novela<\/strong><br \/>\n<a href=\"https:\/\/wp.me\/pfspD2-UO\" target=\"_blank\" rel=\"noopener\">Dona de Mim: A trama da novela<\/a><br \/>\n<a href=\"https:\/\/wp.me\/pfspD2-UG\" target=\"_blank\" rel=\"noopener\">Dona de Mim: A fam\u00edlia Boaz e seu imp\u00e9rio de lingerie<\/a><\/p>\n<div style=\"font-size: 120%;\"><h3>Confira tamb\u00e9m<\/h3>\r\n<a href=\"https:\/\/tvnovelas.com.br\/novelas\/\" rel=\"noopener\" target=\"_blank\"><strong>Todos os resumos de novelas<\/strong><\/a><\/br>\r\n<a href=\"https:\/\/www.tvnovelas.com.br\/tvnews\/\" rel=\"noopener\" target=\"_blank\"><strong>\u00daltimas not\u00edcias das novelas<\/strong><\/a><\/br>\r\n<a href=\"https:\/\/www.tvnovelas.com.br\/filmes\/\" target=\"_blank\" rel=\"noopener noreferrer\"><strong>Programa\u00e7\u00e3o de filmes na TV aberta<\/strong><\/a><\/br>\r\n<a href=\"https:\/\/caetenews.com.br\/semana\/filmes-da-globo-na-sessao-da-tarde-desta-semana\/\" target=\"_blank\" rel=\"noopener\"><strong>Confira os filmes da semana na Sess\u00e3o da Tarde<\/strong><\/a><\/br>\r\n<a href=\"https:\/\/classindportal.mj.gov.br\/consulta-filmes\" target=\"_blank\" rel=\"noopener\"><strong>Consulte a classifica\u00e7\u00e3o indicativa dos filmes e novelas<\/strong><\/a><\/br><\/div>\n","protected":false},"excerpt":{"rendered":"<p>Dona de Mim: Ayla \u00e9 amea\u00e7ada pelo doador, que quer ser pai do seu beb\u00ea&#8230; Em Dona de Mim, depois de muito fugir, Ayla (Bel Lima) vai dar de cara&#8230;<\/p>\n","protected":false},"author":1,"featured_media":80944,"comment_status":"closed","ping_status":"closed","sticky":false,"template":"","format":"standard","meta":{"_uf_show_specific_survey":0,"_uf_disable_surveys":false,"_jetpack_memberships_contains_paid_content":false,"footnotes":"","_wp_rev_ctl_limit":""},"categories":[884],"tags":[883,5,64],"class_list":["post-80943","post","type-post","status-publish","format-standard","has-post-thumbnail","hentry","category-dona-de-mim","tag-dona-de-mim","tag-globo","tag-novelas","wpcat-884-id"],"aioseo_notices":[],"jetpack_featured_media_url":"https:\/\/i0.wp.com\/www.tvnovelas.com.br\/tvnews\/wp-content\/uploads\/2025\/08\/11813.jpg?fit=728%2C410&ssl=1","jetpack_shortlink":"https:\/\/wp.me\/pdP2BO-l3x","jetpack_sharing_enabled":true,"_links":{"self":[{"href":"https:\/\/www.tvnovelas.com.br\/tvnews\/wp-json\/wp\/v2\/posts\/80943","targetHints":{"allow":["GET"]}}],"collection":[{"href":"https:\/\/www.tvnovelas.com.br\/tvnews\/wp-json\/wp\/v2\/posts"}],"about":[{"href":"https:\/\/www.tvnovelas.com.br\/tvnews\/wp-json\/wp\/v2\/types\/post"}],"author":[{"embeddable":true,"href":"https:\/\/www.tvnovelas.com.br\/tvnews\/wp-json\/wp\/v2\/users\/1"}],"replies":[{"embeddable":true,"href":"https:\/\/www.tvnovelas.com.br\/tvnews\/wp-json\/wp\/v2\/comments?post=80943"}],"version-history":[{"count":1,"href":"https:\/\/www.tvnovelas.com.br\/tvnews\/wp-json\/wp\/v2\/posts\/80943\/revisions"}],"predecessor-version":[{"id":80945,"href":"https:\/\/www.tvnovelas.com.br\/tvnews\/wp-json\/wp\/v2\/posts\/80943\/revisions\/80945"}],"wp:featuredmedia":[{"embeddable":true,"href":"https:\/\/www.tvnovelas.com.br\/tvnews\/wp-json\/wp\/v2\/media\/80944"}],"wp:attachment":[{"href":"https:\/\/www.tvnovelas.com.br\/tvnews\/wp-json\/wp\/v2\/media?parent=80943"}],"wp:term":[{"taxonomy":"category","embeddable":true,"href":"https:\/\/www.tvnovelas.com.br\/tvnews\/wp-json\/wp\/v2\/categories?post=80943"},{"taxonomy":"post_tag","embeddable":true,"href":"https:\/\/www.tvnovelas.com.br\/tvnews\/wp-json\/wp\/v2\/tags?post=80943"}],"curies":[{"name":"wp","href":"https:\/\/api.w.org\/{rel}","templated":true}]}}