{"id":81021,"date":"2025-08-20T08:48:11","date_gmt":"2025-08-20T11:48:11","guid":{"rendered":"https:\/\/www.tvnovelas.com.br\/tvnews\/?p=81021"},"modified":"2025-08-20T08:50:02","modified_gmt":"2025-08-20T11:50:02","slug":"dona-de-mim-jaques-se-declara-para-filipa","status":"publish","type":"post","link":"https:\/\/www.tvnovelas.com.br\/tvnews\/dona-de-mim-jaques-se-declara-para-filipa\/","title":{"rendered":"Dona de Mim: Jaques se declara para Filipa"},"content":{"rendered":"<figure id=\"attachment_81022\" aria-describedby=\"caption-attachment-81022\" style=\"width: 728px\" class=\"wp-caption alignnone\"><img data-recalc-dims=\"1\" decoding=\"async\" class=\"wp-image-81022 size-full\" title=\"(Foto: TV Globo\/Dona de Mim)\" src=\"https:\/\/i0.wp.com\/www.tvnovelas.com.br\/tvnews\/wp-content\/uploads\/2025\/08\/11816.jpg?resize=728%2C410&#038;ssl=1\" alt=\"Foto em Dona de Mim: Jaques se declara para Filipa\" width=\"728\" height=\"410\" srcset=\"https:\/\/i0.wp.com\/www.tvnovelas.com.br\/tvnews\/wp-content\/uploads\/2025\/08\/11816.jpg?w=728&amp;ssl=1 728w, https:\/\/i0.wp.com\/www.tvnovelas.com.br\/tvnews\/wp-content\/uploads\/2025\/08\/11816.jpg?resize=250%2C141&amp;ssl=1 250w\" sizes=\"(max-width: 728px) 100vw, 728px\" \/><figcaption id=\"caption-attachment-81022\" class=\"wp-caption-text\">Dona de Mim: Jaques se declara para Filipa<\/figcaption><\/figure>\n<p>Em Dona de Mim, desde a morte de Abel (Tony Ramos), Jaques (Marcello Novaes) se prop\u00f4s a cuidar de Filipa (Cl\u00e1udia Abreu). E assim tem feito, especialmente depois que ela foi diagnosticada com transtorno de bipolaridade. E o vil\u00e3o ir\u00e1 aproveitar a proximidade para se declarar para Filipa. Jaques falar\u00e1 em amor, mas dir\u00e1 que ir\u00e1 esperar pela cunhada.<\/p>\n<p>Jaques entrar\u00e1 no quarto de Filipa para cham\u00e1-la para lev\u00e1-la ao psiquiatra. E, ent\u00e3o, Filipa agradecer\u00e1 \u00e0 gentileza com que vem sendo tratada, mas far\u00e1 ressalvas.<\/p>\n<p>\u201cVoc\u00ea deixou de ir a f\u00e1brica pra me levar. N\u00e3o me entenda mal, mas voc\u00ea est\u00e1 sendo muito gentil. Gentil at\u00e9 demais\u201d, diz ela.<\/p>\n<p>\u201cE isso n\u00e3o \u00e9 bom?\u201d, pergunta ele.<br \/>\n]<br \/>\n\u201cTe agrade\u00e7o. \u00c9 que&#8230; Eu fico pensando naquele homem que dava em cima de mim mesmo eu sendo casada com o irm\u00e3o dele. Que usou uma crian\u00e7a, a Sofia, pra chantagear esse irm\u00e3o. Penso nesse homem, nesse Jaques ambicioso que foi t\u00e3o descarado&#8230; e agora vem voc\u00ea agindo assim&#8230; \u00c9 confuso. Eu n\u00e3o entendo\u201d, admite ela.<\/p>\n<p>E Jaques ser\u00e1 enf\u00e1tico ao revelar o porqu\u00ea de estar sendo t\u00e3o cuidadoso com Filipa.<\/p>\n<p>\u201cPra mim, \u00e9 simples. Voc\u00ea sabe, sempre soube. Eu sempre quis voc\u00ea. Eu quero voc\u00ea. E vou te esperar at\u00e9 o dia que voc\u00ea me quiser\u201d, afirma ele.<\/p>\n<p>\u201cIsso \u00e9 um desafio?\u201d questiona ela.<\/p>\n<p>\u201cOu uma esp\u00e9cie de amor. Me faz bem me preocupar com voc\u00ea e com a Nina. Ser gentil. Eu gosto. Me sinto um homem melhor, Filipa. Agora s\u00f3 falta voc\u00ea\u201d, garante ele.<\/p>\n<p>Filipa ficar\u00e1 balan\u00e7ada com a fala de Jaques&#8230;<br \/>\n<!--FIM--><br \/>\n<strong>Sobre a novela<\/strong><br \/>\n<a href=\"https:\/\/wp.me\/pfspD2-UO\" target=\"_blank\" rel=\"noopener\">Dona de Mim: A trama da novela<\/a><br \/>\n<a href=\"https:\/\/wp.me\/pfspD2-UG\" target=\"_blank\" rel=\"noopener\">Dona de Mim: A fam\u00edlia Boaz e seu imp\u00e9rio de lingerie<\/a><\/p>\n<div style=\"font-size: 120%;\"><h3>Confira tamb\u00e9m<\/h3>\r\n<a href=\"https:\/\/tvnovelas.com.br\/novelas\/\" rel=\"noopener\" target=\"_blank\"><strong>Todos os resumos de novelas<\/strong><\/a><\/br>\r\n<a href=\"https:\/\/www.tvnovelas.com.br\/tvnews\/\" rel=\"noopener\" target=\"_blank\"><strong>\u00daltimas not\u00edcias das novelas<\/strong><\/a><\/br>\r\n<a href=\"https:\/\/www.tvnovelas.com.br\/filmes\/\" target=\"_blank\" rel=\"noopener noreferrer\"><strong>Programa\u00e7\u00e3o de filmes na TV aberta<\/strong><\/a><\/br>\r\n<a href=\"https:\/\/caetenews.com.br\/semana\/filmes-da-globo-na-sessao-da-tarde-desta-semana\/\" target=\"_blank\" rel=\"noopener\"><strong>Confira os filmes da semana na Sess\u00e3o da Tarde<\/strong><\/a><\/br>\r\n<a href=\"https:\/\/classindportal.mj.gov.br\/consulta-filmes\" target=\"_blank\" rel=\"noopener\"><strong>Consulte a classifica\u00e7\u00e3o indicativa dos filmes e novelas<\/strong><\/a><\/br><\/div>\n","protected":false},"excerpt":{"rendered":"<p>Dona de Mim: Jaques se declara para Filipa&#8230; Em Dona de Mim, desde a morte de Abel (Tony Ramos), Jaques (Marcello Novaes) se prop\u00f4s a cuidar de Filipa&#8230;<\/p>\n","protected":false},"author":1,"featured_media":81022,"comment_status":"closed","ping_status":"closed","sticky":false,"template":"","format":"standard","meta":{"_uf_show_specific_survey":0,"_uf_disable_surveys":false,"_jetpack_memberships_contains_paid_content":false,"footnotes":"","_wp_rev_ctl_limit":""},"categories":[884],"tags":[883,5,64],"class_list":["post-81021","post","type-post","status-publish","format-standard","has-post-thumbnail","hentry","category-dona-de-mim","tag-dona-de-mim","tag-globo","tag-novelas","wpcat-884-id"],"aioseo_notices":[],"jetpack_featured_media_url":"https:\/\/i0.wp.com\/www.tvnovelas.com.br\/tvnews\/wp-content\/uploads\/2025\/08\/11816.jpg?fit=728%2C410&ssl=1","jetpack_shortlink":"https:\/\/wp.me\/pdP2BO-l4N","jetpack_sharing_enabled":true,"_links":{"self":[{"href":"https:\/\/www.tvnovelas.com.br\/tvnews\/wp-json\/wp\/v2\/posts\/81021","targetHints":{"allow":["GET"]}}],"collection":[{"href":"https:\/\/www.tvnovelas.com.br\/tvnews\/wp-json\/wp\/v2\/posts"}],"about":[{"href":"https:\/\/www.tvnovelas.com.br\/tvnews\/wp-json\/wp\/v2\/types\/post"}],"author":[{"embeddable":true,"href":"https:\/\/www.tvnovelas.com.br\/tvnews\/wp-json\/wp\/v2\/users\/1"}],"replies":[{"embeddable":true,"href":"https:\/\/www.tvnovelas.com.br\/tvnews\/wp-json\/wp\/v2\/comments?post=81021"}],"version-history":[{"count":1,"href":"https:\/\/www.tvnovelas.com.br\/tvnews\/wp-json\/wp\/v2\/posts\/81021\/revisions"}],"predecessor-version":[{"id":81023,"href":"https:\/\/www.tvnovelas.com.br\/tvnews\/wp-json\/wp\/v2\/posts\/81021\/revisions\/81023"}],"wp:featuredmedia":[{"embeddable":true,"href":"https:\/\/www.tvnovelas.com.br\/tvnews\/wp-json\/wp\/v2\/media\/81022"}],"wp:attachment":[{"href":"https:\/\/www.tvnovelas.com.br\/tvnews\/wp-json\/wp\/v2\/media?parent=81021"}],"wp:term":[{"taxonomy":"category","embeddable":true,"href":"https:\/\/www.tvnovelas.com.br\/tvnews\/wp-json\/wp\/v2\/categories?post=81021"},{"taxonomy":"post_tag","embeddable":true,"href":"https:\/\/www.tvnovelas.com.br\/tvnews\/wp-json\/wp\/v2\/tags?post=81021"}],"curies":[{"name":"wp","href":"https:\/\/api.w.org\/{rel}","templated":true}]}}