{"id":81037,"date":"2025-08-20T11:03:00","date_gmt":"2025-08-20T14:03:00","guid":{"rendered":"https:\/\/www.tvnovelas.com.br\/tvnews\/?p=81037"},"modified":"2025-08-20T11:05:31","modified_gmt":"2025-08-20T14:05:31","slug":"a-caverna-encantada-lavinia-e-suas-amigas-vao-para-o-peruacu","status":"publish","type":"post","link":"https:\/\/www.tvnovelas.com.br\/tvnews\/a-caverna-encantada-lavinia-e-suas-amigas-vao-para-o-peruacu\/","title":{"rendered":"A Caverna Encantada: Lav\u00ednia e suas amigas v\u00e3o para o Perua\u00e7u"},"content":{"rendered":"<figure id=\"attachment_81038\" aria-describedby=\"caption-attachment-81038\" style=\"width: 726px\" class=\"wp-caption alignnone\"><img data-recalc-dims=\"1\" decoding=\"async\" class=\"wp-image-81038 size-full\" title=\"(Foto: SBT\/A Caverna Encantada)\" src=\"https:\/\/i0.wp.com\/www.tvnovelas.com.br\/tvnews\/wp-content\/uploads\/2025\/08\/11819.jpg?resize=726%2C410&#038;ssl=1\" alt=\"Foto em A Caverna Encantada: Lav\u00ednia e suas amigas v\u00e3o para o Perua\u00e7u\" width=\"726\" height=\"410\" srcset=\"https:\/\/i0.wp.com\/www.tvnovelas.com.br\/tvnews\/wp-content\/uploads\/2025\/08\/11819.jpg?w=726&amp;ssl=1 726w, https:\/\/i0.wp.com\/www.tvnovelas.com.br\/tvnews\/wp-content\/uploads\/2025\/08\/11819.jpg?resize=250%2C141&amp;ssl=1 250w\" sizes=\"(max-width: 726px) 100vw, 726px\" \/><figcaption id=\"caption-attachment-81038\" class=\"wp-caption-text\">A Caverna Encantada: Lav\u00ednia e suas amigas v\u00e3o para o Perua\u00e7u<\/figcaption><\/figure>\n<p>No cap\u00edtulo de A Caverna Encantada desta quarta, dia 20, Lav\u00ednia revela a Anna que comprou uma passagem para a amiga ir at\u00e9 Perua\u00e7u em busca de Paulo, mas ela se mostra desanimada e sem esperan\u00e7a de encontrar o pai.<\/p>\n<p>Enquanto isso, no dia do vestibular de Carvard, Elisa chega correndo, mas o port\u00e3o se fecha bem na sua frente, at\u00e9 que Wanda interv\u00e9m. Cristina desabafa com Thomas e Betina: sente falta da uni\u00e3o do trio e prop\u00f5e que retomem a amizade de antes.<\/p>\n<p>E mais: Norma comenta com Dalete que, se ela se casar com Tonico, vai ser o fim do mundo.<br \/>\n<!--FIM--><\/p>\n<div style=\"font-size: 120%;\"><h3>Confira tamb\u00e9m<\/h3>\r\n<a href=\"https:\/\/tvnovelas.com.br\/novelas\/\" rel=\"noopener\" target=\"_blank\"><strong>Todos os resumos de novelas<\/strong><\/a><\/br>\r\n<a href=\"https:\/\/www.tvnovelas.com.br\/tvnews\/\" rel=\"noopener\" target=\"_blank\"><strong>\u00daltimas not\u00edcias das novelas<\/strong><\/a><\/br>\r\n<a href=\"https:\/\/www.tvnovelas.com.br\/filmes\/\" target=\"_blank\" rel=\"noopener noreferrer\"><strong>Programa\u00e7\u00e3o de filmes na TV aberta<\/strong><\/a><\/br>\r\n<a href=\"https:\/\/caetenews.com.br\/semana\/filmes-da-globo-na-sessao-da-tarde-desta-semana\/\" target=\"_blank\" rel=\"noopener\"><strong>Confira os filmes da semana na Sess\u00e3o da Tarde<\/strong><\/a><\/br>\r\n<a href=\"https:\/\/classindportal.mj.gov.br\/consulta-filmes\" target=\"_blank\" rel=\"noopener\"><strong>Consulte a classifica\u00e7\u00e3o indicativa dos filmes e novelas<\/strong><\/a><\/br><\/div>\n","protected":false},"excerpt":{"rendered":"<p>A Caverna Encantada: Lav\u00ednia e suas amigas v\u00e3o para o Perua\u00e7u&#8230; No cap\u00edtulo de A Caverna Encantada desta quarta, dia 20, Lav\u00ednia revela a Anna&#8230;<\/p>\n","protected":false},"author":1,"featured_media":81038,"comment_status":"closed","ping_status":"closed","sticky":false,"template":"","format":"standard","meta":{"_uf_show_specific_survey":0,"_uf_disable_surveys":false,"_jetpack_memberships_contains_paid_content":false,"footnotes":"","_wp_rev_ctl_limit":""},"categories":[766],"tags":[767,914,64,967,13],"class_list":["post-81037","post","type-post","status-publish","format-standard","has-post-thumbnail","hentry","category-a-caverna-encantada","tag-a-caverna-encantada","tag-caverna","tag-novelas","tag-peruacu","tag-sbt","wpcat-766-id"],"aioseo_notices":[],"jetpack_featured_media_url":"https:\/\/i0.wp.com\/www.tvnovelas.com.br\/tvnews\/wp-content\/uploads\/2025\/08\/11819.jpg?fit=726%2C410&ssl=1","jetpack_shortlink":"https:\/\/wp.me\/pdP2BO-l53","jetpack_sharing_enabled":true,"_links":{"self":[{"href":"https:\/\/www.tvnovelas.com.br\/tvnews\/wp-json\/wp\/v2\/posts\/81037","targetHints":{"allow":["GET"]}}],"collection":[{"href":"https:\/\/www.tvnovelas.com.br\/tvnews\/wp-json\/wp\/v2\/posts"}],"about":[{"href":"https:\/\/www.tvnovelas.com.br\/tvnews\/wp-json\/wp\/v2\/types\/post"}],"author":[{"embeddable":true,"href":"https:\/\/www.tvnovelas.com.br\/tvnews\/wp-json\/wp\/v2\/users\/1"}],"replies":[{"embeddable":true,"href":"https:\/\/www.tvnovelas.com.br\/tvnews\/wp-json\/wp\/v2\/comments?post=81037"}],"version-history":[{"count":1,"href":"https:\/\/www.tvnovelas.com.br\/tvnews\/wp-json\/wp\/v2\/posts\/81037\/revisions"}],"predecessor-version":[{"id":81039,"href":"https:\/\/www.tvnovelas.com.br\/tvnews\/wp-json\/wp\/v2\/posts\/81037\/revisions\/81039"}],"wp:featuredmedia":[{"embeddable":true,"href":"https:\/\/www.tvnovelas.com.br\/tvnews\/wp-json\/wp\/v2\/media\/81038"}],"wp:attachment":[{"href":"https:\/\/www.tvnovelas.com.br\/tvnews\/wp-json\/wp\/v2\/media?parent=81037"}],"wp:term":[{"taxonomy":"category","embeddable":true,"href":"https:\/\/www.tvnovelas.com.br\/tvnews\/wp-json\/wp\/v2\/categories?post=81037"},{"taxonomy":"post_tag","embeddable":true,"href":"https:\/\/www.tvnovelas.com.br\/tvnews\/wp-json\/wp\/v2\/tags?post=81037"}],"curies":[{"name":"wp","href":"https:\/\/api.w.org\/{rel}","templated":true}]}}