{"id":81080,"date":"2025-08-21T08:42:52","date_gmt":"2025-08-21T11:42:52","guid":{"rendered":"https:\/\/www.tvnovelas.com.br\/tvnews\/?p=81080"},"modified":"2025-08-22T09:16:49","modified_gmt":"2025-08-22T12:16:49","slug":"dona-de-mim-jaques-quer-afastar-a-mae-das-decisoes-da-fabrica","status":"publish","type":"post","link":"https:\/\/www.tvnovelas.com.br\/tvnews\/dona-de-mim-jaques-quer-afastar-a-mae-das-decisoes-da-fabrica\/","title":{"rendered":"Dona de Mim: Jaques quer afastar a m\u00e3e das decis\u00f5es da f\u00e1brica"},"content":{"rendered":"<figure id=\"attachment_81081\" aria-describedby=\"caption-attachment-81081\" style=\"width: 726px\" class=\"wp-caption alignnone\"><img data-recalc-dims=\"1\" decoding=\"async\" class=\"wp-image-81081 size-full\" title=\"(Foto: TV Globo\/Dona de Mim)\" src=\"https:\/\/i0.wp.com\/www.tvnovelas.com.br\/tvnews\/wp-content\/uploads\/2025\/08\/11827.jpg?resize=726%2C410&#038;ssl=1\" alt=\"foto em Dona de Mim: Jaques quer afastar a m\u00e3e das decis\u00f5es da f\u00e1brica\" width=\"726\" height=\"410\" srcset=\"https:\/\/i0.wp.com\/www.tvnovelas.com.br\/tvnews\/wp-content\/uploads\/2025\/08\/11827.jpg?w=726&amp;ssl=1 726w, https:\/\/i0.wp.com\/www.tvnovelas.com.br\/tvnews\/wp-content\/uploads\/2025\/08\/11827.jpg?resize=250%2C141&amp;ssl=1 250w\" sizes=\"(max-width: 726px) 100vw, 726px\" \/><figcaption id=\"caption-attachment-81081\" class=\"wp-caption-text\">Dona de Mim: Jaques quer afastar a m\u00e3e das decis\u00f5es da f\u00e1brica<\/figcaption><\/figure>\n<p>Em Dona de Mim, Rosa (Suely Franco) tem tido constantes lapsos de mem\u00f3ria e, com Jaques (Marcello Novaes) morando na mans\u00e3o dos Boaz, est\u00e1 cada vez mais dif\u00edcil esconder sua real condi\u00e7\u00e3o do filho. E haver\u00e1 um baile para relembrar a juventude de Rosa em casa, e Jaques ir\u00e1 notar que a m\u00e3e n\u00e3o est\u00e1 bem. Este ser\u00e1 o estopim para ele decidir tirar de Rosa as decis\u00f5es da f\u00e1brica da fam\u00edlia.<\/p>\n<p>No dia do baile, Rosa estar\u00e1 com a cabe\u00e7a em seu passado e far\u00e1 confus\u00f5es com a realidade atual.<\/p>\n<p>\u201cVou ser eleita a rainha do baile, n\u00e3o vou?\u201d, pergunta ela, se olhando no espelho.<\/p>\n<p>E, quando Jaques entrar pela porta da mans\u00e3o, Rosa pensar\u00e1 estar vendo o pai dele, seu marido, Josef.<\/p>\n<p>\u201cJosef! Que bom que voc\u00ea chegou! Agora podemos dan\u00e7ar\u201d, diz ela para o filho.<\/p>\n<p>Jaques, ent\u00e3o, come\u00e7ar\u00e1 a dan\u00e7ar com a m\u00e3e e a questionar\u00e1:<\/p>\n<p>\u201cVoc\u00ea me chamou de Josef, n\u00e3o chamou?\u201d<\/p>\n<p>Todos ao redor tentar\u00e3o disfar\u00e7ar, mas n\u00e3o ter\u00e1 jeito. Jaques notar\u00e1 que h\u00e1 algo errado com a matriarca dos Boaz.<\/p>\n<p>\u201cN\u00e3o \u00e9 normal&#8230; Minha m\u00e3e regrediu. Parece uma adolescente deslumbrada\u201d, comenta ele com Filipa (Cl\u00e1udia Abreu).<\/p>\n<p>\u201cSua m\u00e3e perdeu um filho. \u00c9 a primeira vez depois da morte do Abel que eu vejo ela se divertindo e voc\u00ea quer estragar?\u201d, reage Filipa.<\/p>\n<p>E Jaques n\u00e3o perder\u00e1 tempo. Ainda durante a festa, ele ir\u00e1 ligar para Ricardo (Marcos Pasquim) e mandar\u00e1 o advogado tomar as provid\u00eancias para tirar Rosa do comando da Boaz.<\/p>\n<p>\u201cRicardo, uma supertarefa pra voc\u00ea. Tirar minha m\u00e3e do comando da Boaz.<\/p>\n<p>\u201cSe sua m\u00e3e estiver realmente senil, voc\u00ea pode entrar com um pedido de curatela e tomar decis\u00f5es em nome da dona Rosa\u201d, afirma Ricardo.<\/p>\n<p>\u201cVamos correr atr\u00e1s disso\u201d, afirma Jaques.<\/p>\n<p>Ser\u00e1 que Jaques vai conseguir tirar os poderes de Rosa e tomar conta de tudo na Boaz?<br \/>\n<!--FIM--><br \/>\n<strong>Sobre a novela<\/strong><br \/>\n<a href=\"https:\/\/wp.me\/pfspD2-UO\" target=\"_blank\" rel=\"noopener\">Dona de Mim: A trama da novela<\/a><br \/>\n<a href=\"https:\/\/wp.me\/pfspD2-UG\" target=\"_blank\" rel=\"noopener\">Dona de Mim: A fam\u00edlia Boaz e seu imp\u00e9rio de lingerie<\/a><\/p>\n<div style=\"font-size: 120%;\"><h3>Confira tamb\u00e9m<\/h3>\r\n<a href=\"https:\/\/tvnovelas.com.br\/novelas\/\" rel=\"noopener\" target=\"_blank\"><strong>Todos os resumos de novelas<\/strong><\/a><\/br>\r\n<a href=\"https:\/\/www.tvnovelas.com.br\/tvnews\/\" rel=\"noopener\" target=\"_blank\"><strong>\u00daltimas not\u00edcias das novelas<\/strong><\/a><\/br>\r\n<a href=\"https:\/\/www.tvnovelas.com.br\/filmes\/\" target=\"_blank\" rel=\"noopener noreferrer\"><strong>Programa\u00e7\u00e3o de filmes na TV aberta<\/strong><\/a><\/br>\r\n<a href=\"https:\/\/caetenews.com.br\/semana\/filmes-da-globo-na-sessao-da-tarde-desta-semana\/\" target=\"_blank\" rel=\"noopener\"><strong>Confira os filmes da semana na Sess\u00e3o da Tarde<\/strong><\/a><\/br>\r\n<a href=\"https:\/\/classindportal.mj.gov.br\/consulta-filmes\" target=\"_blank\" rel=\"noopener\"><strong>Consulte a classifica\u00e7\u00e3o indicativa dos filmes e novelas<\/strong><\/a><\/br><\/div>\n","protected":false},"excerpt":{"rendered":"<p>Dona de Mim: Jaques quer afastar a m\u00e3e das decis\u00f5es da f\u00e1brica&#8230; Em Dona de Mim, Rosa (Suely Franco) tem tido constantes lapsos de mem\u00f3ria&#8230;<\/p>\n","protected":false},"author":1,"featured_media":81081,"comment_status":"closed","ping_status":"closed","sticky":false,"template":"","format":"standard","meta":{"_uf_show_specific_survey":0,"_uf_disable_surveys":false,"_jetpack_memberships_contains_paid_content":false,"footnotes":"","_wp_rev_ctl_limit":""},"categories":[884],"tags":[883,5,64],"class_list":["post-81080","post","type-post","status-publish","format-standard","has-post-thumbnail","hentry","category-dona-de-mim","tag-dona-de-mim","tag-globo","tag-novelas","wpcat-884-id"],"aioseo_notices":[],"jetpack_featured_media_url":"https:\/\/i0.wp.com\/www.tvnovelas.com.br\/tvnews\/wp-content\/uploads\/2025\/08\/11827.jpg?fit=726%2C410&ssl=1","jetpack_shortlink":"https:\/\/wp.me\/pdP2BO-l5K","jetpack_sharing_enabled":true,"_links":{"self":[{"href":"https:\/\/www.tvnovelas.com.br\/tvnews\/wp-json\/wp\/v2\/posts\/81080","targetHints":{"allow":["GET"]}}],"collection":[{"href":"https:\/\/www.tvnovelas.com.br\/tvnews\/wp-json\/wp\/v2\/posts"}],"about":[{"href":"https:\/\/www.tvnovelas.com.br\/tvnews\/wp-json\/wp\/v2\/types\/post"}],"author":[{"embeddable":true,"href":"https:\/\/www.tvnovelas.com.br\/tvnews\/wp-json\/wp\/v2\/users\/1"}],"replies":[{"embeddable":true,"href":"https:\/\/www.tvnovelas.com.br\/tvnews\/wp-json\/wp\/v2\/comments?post=81080"}],"version-history":[{"count":2,"href":"https:\/\/www.tvnovelas.com.br\/tvnews\/wp-json\/wp\/v2\/posts\/81080\/revisions"}],"predecessor-version":[{"id":81140,"href":"https:\/\/www.tvnovelas.com.br\/tvnews\/wp-json\/wp\/v2\/posts\/81080\/revisions\/81140"}],"wp:featuredmedia":[{"embeddable":true,"href":"https:\/\/www.tvnovelas.com.br\/tvnews\/wp-json\/wp\/v2\/media\/81081"}],"wp:attachment":[{"href":"https:\/\/www.tvnovelas.com.br\/tvnews\/wp-json\/wp\/v2\/media?parent=81080"}],"wp:term":[{"taxonomy":"category","embeddable":true,"href":"https:\/\/www.tvnovelas.com.br\/tvnews\/wp-json\/wp\/v2\/categories?post=81080"},{"taxonomy":"post_tag","embeddable":true,"href":"https:\/\/www.tvnovelas.com.br\/tvnews\/wp-json\/wp\/v2\/tags?post=81080"}],"curies":[{"name":"wp","href":"https:\/\/api.w.org\/{rel}","templated":true}]}}