{"id":81086,"date":"2025-08-21T08:57:45","date_gmt":"2025-08-21T11:57:45","guid":{"rendered":"https:\/\/www.tvnovelas.com.br\/tvnews\/?p=81086"},"modified":"2025-08-21T08:57:45","modified_gmt":"2025-08-21T11:57:45","slug":"vale-tudo-sardinha-revela-podres-de-fatima-para-afonso","status":"publish","type":"post","link":"https:\/\/www.tvnovelas.com.br\/tvnews\/vale-tudo-sardinha-revela-podres-de-fatima-para-afonso\/","title":{"rendered":"Vale Tudo: Sardinha revela podres de F\u00e1tima para Afonso"},"content":{"rendered":"<figure id=\"attachment_81087\" aria-describedby=\"caption-attachment-81087\" style=\"width: 728px\" class=\"wp-caption alignnone\"><img data-recalc-dims=\"1\" decoding=\"async\" class=\"wp-image-81087 size-full\" title=\"(Foto: TV Globo\/Vale Tudo)\" src=\"https:\/\/i0.wp.com\/www.tvnovelas.com.br\/tvnews\/wp-content\/uploads\/2025\/08\/11828.jpg?resize=728%2C410&#038;ssl=1\" alt=\"Foto em Vale Tudo: Sardinha revela podres de F\u00e1tima para Afonso\" width=\"728\" height=\"410\" srcset=\"https:\/\/i0.wp.com\/www.tvnovelas.com.br\/tvnews\/wp-content\/uploads\/2025\/08\/11828.jpg?w=728&amp;ssl=1 728w, https:\/\/i0.wp.com\/www.tvnovelas.com.br\/tvnews\/wp-content\/uploads\/2025\/08\/11828.jpg?resize=250%2C141&amp;ssl=1 250w\" sizes=\"(max-width: 728px) 100vw, 728px\" \/><figcaption id=\"caption-attachment-81087\" class=\"wp-caption-text\">Vale Tudo: Sardinha revela podres de F\u00e1tima para Afonso<\/figcaption><\/figure>\n<p>Em Vale Tudo, Solange (Alice Wegmann) bem que pediu para ele ficar quieto, mas \u00e9 claro que o Sardinha (Lucas Leto) n\u00e3o vai conseguir se segurar com tudo o que descobriu sobre F\u00e1tima (Bella Campos). O produtor da Tomorrow vai procurar Afonso (Humberto Carr\u00e3o) e ser\u00e1 o respons\u00e1vel pela queda absoluta da vil\u00e3.<\/p>\n<p>Sardinha entra sem cerim\u00f4nia na sala de Afonso na TCA e diz que ser\u00e1 bem direto no que vai contar. Afonso chega a ficar assustado.<\/p>\n<p>\u201cPode ficar tranquilo que \u00e9 bem pior, bem pior de voc\u00ea imagina.\u201d<\/p>\n<p>Afonso tenta defender F\u00e1tima, quando Sardinha come\u00e7a a falar que ela n\u00e3o \u00e9 nada do que eles imaginavam.<\/p>\n<p>\u201cOlha, Sardinha, meio complicado voc\u00ea entrar aqui para falar um bando de coisas da minha mulher.\u201d<\/p>\n<p>\u201cMas eu tenho provas. V\u00e1rias. E eu posso te mostrar todas elas.\u201d<\/p>\n<p>O herdeiro dos Roitman fica atordoada depois de ouvir tudo o que produtor da Tomorrow tem a dizer.<\/p>\n<p>&#8220;A F\u00e1tima n\u00e3o ia fazer isso comigo.&#8221;<\/p>\n<h2>Saiba mais<\/h2>\n<p><a href=\"https:\/\/www.tvnovelas.com.br\/tvnews\/vale-tudo-afonso-pega-fatima-na-cama-com-cesar\/\" target=\"_blank\" rel=\"noopener\">Vale Tudo: Afonso pega F\u00e1tima na cama com C\u00e9sar<\/a><br \/>\n<!--FIM--><br \/>\n<strong>Sobre a novela<\/strong><br \/>\n<a href=\"https:\/\/wp.me\/pfspD2-U7\" target=\"_blank\" rel=\"noopener\">Vale Tudo: Conflitos de princ\u00edpios e valores (Sinopse)<\/a><\/p>\n<p><a href=\"https:\/\/wp.me\/pfspD2-oI\" target=\"_blank\" rel=\"noopener\">Vale Tudo: Invers\u00e3o de valores no final dos anos erdade1980<\/a> (Sinopse)<\/p>\n<div style=\"font-size: 120%;\"><h3>Confira tamb\u00e9m<\/h3>\r\n<a href=\"https:\/\/tvnovelas.com.br\/novelas\/\" rel=\"noopener\" target=\"_blank\"><strong>Todos os resumos de novelas<\/strong><\/a><\/br>\r\n<a href=\"https:\/\/www.tvnovelas.com.br\/tvnews\/\" rel=\"noopener\" target=\"_blank\"><strong>\u00daltimas not\u00edcias das novelas<\/strong><\/a><\/br>\r\n<a href=\"https:\/\/www.tvnovelas.com.br\/filmes\/\" target=\"_blank\" rel=\"noopener noreferrer\"><strong>Programa\u00e7\u00e3o de filmes na TV aberta<\/strong><\/a><\/br>\r\n<a href=\"https:\/\/caetenews.com.br\/semana\/filmes-da-globo-na-sessao-da-tarde-desta-semana\/\" target=\"_blank\" rel=\"noopener\"><strong>Confira os filmes da semana na Sess\u00e3o da Tarde<\/strong><\/a><\/br>\r\n<a href=\"https:\/\/classindportal.mj.gov.br\/consulta-filmes\" target=\"_blank\" rel=\"noopener\"><strong>Consulte a classifica\u00e7\u00e3o indicativa dos filmes e novelas<\/strong><\/a><\/br><\/div>\n","protected":false},"excerpt":{"rendered":"<p>Vale Tudo: Sardinha revela podres de F\u00e1tima para Afonso&#8230; Em Vale Tudo, Solange (Alice Wegmann) bem que pediu para ele ficar quieto&#8230;<\/p>\n","protected":false},"author":1,"featured_media":81087,"comment_status":"closed","ping_status":"closed","sticky":false,"template":"","format":"standard","meta":{"_uf_show_specific_survey":0,"_uf_disable_surveys":false,"_jetpack_memberships_contains_paid_content":false,"footnotes":"","_wp_rev_ctl_limit":""},"categories":[871],"tags":[5,64,801],"class_list":["post-81086","post","type-post","status-publish","format-standard","has-post-thumbnail","hentry","category-vale-tudo","tag-globo","tag-novelas","tag-vale-tudo","wpcat-871-id"],"aioseo_notices":[],"jetpack_featured_media_url":"https:\/\/i0.wp.com\/www.tvnovelas.com.br\/tvnews\/wp-content\/uploads\/2025\/08\/11828.jpg?fit=728%2C410&ssl=1","jetpack_shortlink":"https:\/\/wp.me\/pdP2BO-l5Q","jetpack_sharing_enabled":true,"_links":{"self":[{"href":"https:\/\/www.tvnovelas.com.br\/tvnews\/wp-json\/wp\/v2\/posts\/81086","targetHints":{"allow":["GET"]}}],"collection":[{"href":"https:\/\/www.tvnovelas.com.br\/tvnews\/wp-json\/wp\/v2\/posts"}],"about":[{"href":"https:\/\/www.tvnovelas.com.br\/tvnews\/wp-json\/wp\/v2\/types\/post"}],"author":[{"embeddable":true,"href":"https:\/\/www.tvnovelas.com.br\/tvnews\/wp-json\/wp\/v2\/users\/1"}],"replies":[{"embeddable":true,"href":"https:\/\/www.tvnovelas.com.br\/tvnews\/wp-json\/wp\/v2\/comments?post=81086"}],"version-history":[{"count":2,"href":"https:\/\/www.tvnovelas.com.br\/tvnews\/wp-json\/wp\/v2\/posts\/81086\/revisions"}],"predecessor-version":[{"id":81089,"href":"https:\/\/www.tvnovelas.com.br\/tvnews\/wp-json\/wp\/v2\/posts\/81086\/revisions\/81089"}],"wp:featuredmedia":[{"embeddable":true,"href":"https:\/\/www.tvnovelas.com.br\/tvnews\/wp-json\/wp\/v2\/media\/81087"}],"wp:attachment":[{"href":"https:\/\/www.tvnovelas.com.br\/tvnews\/wp-json\/wp\/v2\/media?parent=81086"}],"wp:term":[{"taxonomy":"category","embeddable":true,"href":"https:\/\/www.tvnovelas.com.br\/tvnews\/wp-json\/wp\/v2\/categories?post=81086"},{"taxonomy":"post_tag","embeddable":true,"href":"https:\/\/www.tvnovelas.com.br\/tvnews\/wp-json\/wp\/v2\/tags?post=81086"}],"curies":[{"name":"wp","href":"https:\/\/api.w.org\/{rel}","templated":true}]}}