{"id":81091,"date":"2025-08-21T10:01:01","date_gmt":"2025-08-21T13:01:01","guid":{"rendered":"https:\/\/www.tvnovelas.com.br\/tvnews\/?p=81091"},"modified":"2025-08-21T10:01:01","modified_gmt":"2025-08-21T13:01:01","slug":"cafe-com-aroma-de-mulher-carlos-mario-avanca-em-plano-contra-os-vallejos","status":"publish","type":"post","link":"https:\/\/www.tvnovelas.com.br\/tvnews\/cafe-com-aroma-de-mulher-carlos-mario-avanca-em-plano-contra-os-vallejos\/","title":{"rendered":"Caf\u00e9 Com Aroma de Mulher: Carlos M\u00e1rio avan\u00e7a em plano contra os Vallejos"},"content":{"rendered":"<figure id=\"attachment_81092\" aria-describedby=\"caption-attachment-81092\" style=\"width: 728px\" class=\"wp-caption alignnone\"><img data-recalc-dims=\"1\" decoding=\"async\" class=\"wp-image-81092 size-full\" title=\"(Foto: Band\/Caf\u00e9 Com Aroma de Mulher)\" src=\"https:\/\/i0.wp.com\/www.tvnovelas.com.br\/tvnews\/wp-content\/uploads\/2025\/08\/11829.jpg?resize=728%2C408&#038;ssl=1\" alt=\"Foto em Caf\u00e9 Com Aroma de Mulher: Carlos M\u00e1rio avan\u00e7a em plano contra os Vallejos\" width=\"728\" height=\"408\" srcset=\"https:\/\/i0.wp.com\/www.tvnovelas.com.br\/tvnews\/wp-content\/uploads\/2025\/08\/11829.jpg?w=728&amp;ssl=1 728w, https:\/\/i0.wp.com\/www.tvnovelas.com.br\/tvnews\/wp-content\/uploads\/2025\/08\/11829.jpg?resize=250%2C140&amp;ssl=1 250w\" sizes=\"(max-width: 728px) 100vw, 728px\" \/><figcaption id=\"caption-attachment-81092\" class=\"wp-caption-text\">Caf\u00e9 Com Aroma de Mulher: Carlos M\u00e1rio avan\u00e7a em plano contra os Vallejos<\/figcaption><\/figure>\n<p>No cap\u00edtulo de Caf\u00e9 Com Aroma de Mulher desta quinta, dia 21, Carlos M\u00e1rio exp\u00f5e que Ot\u00e1vio morreu ao identificar fraudes de Ivan na companhia.<\/p>\n<p>O plano de Carlos Mario para derrubar os Vallejos est\u00e1 avan\u00e7ando, especialmente agora que ele tem Pablo Emilio ao seu lado. Os dois t\u00eam a tarefa de divulgar informa\u00e7\u00f5es sobre a poss\u00edvel pris\u00e3o de Sebasti\u00e1n para a m\u00eddia, bem como o suposto envolvimento do restante da fam\u00edlia em lavagem de dinheiro e peculato. Pablo Em\u00edlio vai em frente e denuncia a Caf\u00e9 Elite..<\/p>\n<p>Confira o resumo do cap\u00edtulo de hoje:<\/p>\n<h2 style=\"color: #ff9b00;\">Resumo de quinta-feira, 21 de agosto<\/h2>\n<p>Carlos M\u00e1rio exp\u00f5e que Ot\u00e1vio morreu ao identificar fraudes de Ivan na companhia. Sebasti\u00e3o confronta o irm\u00e3o mais velho. Pablo Em\u00edlio planeja delatar a fam\u00edlia Vallejo. Margarida se afasta de Leonidas. L\u00facia admite que fez insemina\u00e7\u00e3o artificial para engravidar. Julia oferece a fazenda Casablanca ao neto como heran\u00e7a. Pablo Em\u00edlio denuncia a Caf\u00e9 Elite.<br \/>\n<!--FIM--><br \/>\n<strong>Sobre a novela<\/strong><br \/>\n<a href=\"https:\/\/wp.me\/pfspD2-UX\" target=\"_blank\" rel=\"noopener\">&#8216;Caf\u00e9 Com Aroma de Mulher&#8217;: Um amor proibido (Sinopse e personagens)<\/a><\/p>\n<div style=\"font-size: 120%;\"><h3>Confira tamb\u00e9m<\/h3>\r\n<a href=\"https:\/\/tvnovelas.com.br\/novelas\/\" rel=\"noopener\" target=\"_blank\"><strong>Todos os resumos de novelas<\/strong><\/a><\/br>\r\n<a href=\"https:\/\/www.tvnovelas.com.br\/tvnews\/\" rel=\"noopener\" target=\"_blank\"><strong>\u00daltimas not\u00edcias das novelas<\/strong><\/a><\/br>\r\n<a href=\"https:\/\/www.tvnovelas.com.br\/filmes\/\" target=\"_blank\" rel=\"noopener noreferrer\"><strong>Programa\u00e7\u00e3o de filmes na TV aberta<\/strong><\/a><\/br>\r\n<a href=\"https:\/\/caetenews.com.br\/semana\/filmes-da-globo-na-sessao-da-tarde-desta-semana\/\" target=\"_blank\" rel=\"noopener\"><strong>Confira os filmes da semana na Sess\u00e3o da Tarde<\/strong><\/a><\/br>\r\n<a href=\"https:\/\/classindportal.mj.gov.br\/consulta-filmes\" target=\"_blank\" rel=\"noopener\"><strong>Consulte a classifica\u00e7\u00e3o indicativa dos filmes e novelas<\/strong><\/a><\/br><\/div>\n","protected":false},"excerpt":{"rendered":"<p>Caf\u00e9 Com Aroma de Mulher: Carlos M\u00e1rio avan\u00e7a em plano contra os Vallejos.. No cap\u00edtulo de Caf\u00e9 Com Aroma de Mulher desta quinta, dia 21, Carlos M\u00e1rio exp\u00f5e&#8230;<\/p>\n","protected":false},"author":1,"featured_media":81092,"comment_status":"closed","ping_status":"closed","sticky":false,"template":"","format":"standard","meta":{"_uf_show_specific_survey":0,"_uf_disable_surveys":false,"_jetpack_memberships_contains_paid_content":false,"footnotes":"","_wp_rev_ctl_limit":""},"categories":[918],"tags":[43,919,64],"class_list":["post-81091","post","type-post","status-publish","format-standard","has-post-thumbnail","hentry","category-cafe-com-aroma-de-mulher","tag-band","tag-cafe-com-aroma-de-mulher","tag-novelas","wpcat-918-id"],"aioseo_notices":[],"jetpack_featured_media_url":"https:\/\/i0.wp.com\/www.tvnovelas.com.br\/tvnews\/wp-content\/uploads\/2025\/08\/11829.jpg?fit=728%2C408&ssl=1","jetpack_shortlink":"https:\/\/wp.me\/pdP2BO-l5V","jetpack_sharing_enabled":true,"_links":{"self":[{"href":"https:\/\/www.tvnovelas.com.br\/tvnews\/wp-json\/wp\/v2\/posts\/81091","targetHints":{"allow":["GET"]}}],"collection":[{"href":"https:\/\/www.tvnovelas.com.br\/tvnews\/wp-json\/wp\/v2\/posts"}],"about":[{"href":"https:\/\/www.tvnovelas.com.br\/tvnews\/wp-json\/wp\/v2\/types\/post"}],"author":[{"embeddable":true,"href":"https:\/\/www.tvnovelas.com.br\/tvnews\/wp-json\/wp\/v2\/users\/1"}],"replies":[{"embeddable":true,"href":"https:\/\/www.tvnovelas.com.br\/tvnews\/wp-json\/wp\/v2\/comments?post=81091"}],"version-history":[{"count":1,"href":"https:\/\/www.tvnovelas.com.br\/tvnews\/wp-json\/wp\/v2\/posts\/81091\/revisions"}],"predecessor-version":[{"id":81093,"href":"https:\/\/www.tvnovelas.com.br\/tvnews\/wp-json\/wp\/v2\/posts\/81091\/revisions\/81093"}],"wp:featuredmedia":[{"embeddable":true,"href":"https:\/\/www.tvnovelas.com.br\/tvnews\/wp-json\/wp\/v2\/media\/81092"}],"wp:attachment":[{"href":"https:\/\/www.tvnovelas.com.br\/tvnews\/wp-json\/wp\/v2\/media?parent=81091"}],"wp:term":[{"taxonomy":"category","embeddable":true,"href":"https:\/\/www.tvnovelas.com.br\/tvnews\/wp-json\/wp\/v2\/categories?post=81091"},{"taxonomy":"post_tag","embeddable":true,"href":"https:\/\/www.tvnovelas.com.br\/tvnews\/wp-json\/wp\/v2\/tags?post=81091"}],"curies":[{"name":"wp","href":"https:\/\/api.w.org\/{rel}","templated":true}]}}