{"id":81110,"date":"2025-08-21T16:55:49","date_gmt":"2025-08-21T19:55:49","guid":{"rendered":"https:\/\/www.tvnovelas.com.br\/tvnews\/?p=81110"},"modified":"2025-08-21T16:55:49","modified_gmt":"2025-08-21T19:55:49","slug":"as-filhas-da-senhora-garcia-mar-avisa-a-mae-para-nao-incomodar-luis","status":"publish","type":"post","link":"https:\/\/www.tvnovelas.com.br\/tvnews\/as-filhas-da-senhora-garcia-mar-avisa-a-mae-para-nao-incomodar-luis\/","title":{"rendered":"As Filhas da Senhora Garcia: Mar avisa a m\u00e3e para n\u00e3o incomodar Lu\u00eds"},"content":{"rendered":"<figure id=\"attachment_81108\" aria-describedby=\"caption-attachment-81108\" style=\"width: 728px\" class=\"wp-caption alignnone\"><img data-recalc-dims=\"1\" decoding=\"async\" class=\"wp-image-81108 size-full\" title=\"(Foto: Televisa\/SBT\/As Filhas da Senhora Garcia)\" src=\"https:\/\/i0.wp.com\/www.tvnovelas.com.br\/tvnews\/wp-content\/uploads\/2025\/08\/11834.jpg?resize=728%2C410&#038;ssl=1\" alt=\"Foto em As Filhas da Senhora Garcia: Mar avisa a m\u00e3e para n\u00e3o incomodar Lu\u00eds\" width=\"728\" height=\"410\" srcset=\"https:\/\/i0.wp.com\/www.tvnovelas.com.br\/tvnews\/wp-content\/uploads\/2025\/08\/11834.jpg?w=728&amp;ssl=1 728w, https:\/\/i0.wp.com\/www.tvnovelas.com.br\/tvnews\/wp-content\/uploads\/2025\/08\/11834.jpg?resize=250%2C141&amp;ssl=1 250w\" sizes=\"(max-width: 728px) 100vw, 728px\" \/><figcaption id=\"caption-attachment-81108\" class=\"wp-caption-text\">As Filhas da Senhora Garcia: Mar avisa a m\u00e3e para n\u00e3o incomodar Lu\u00eds<\/figcaption><\/figure>\n<p>No cap\u00edtulo de As Filhas da Senhora Garcia desta quinta, dia 21, Mar diz a Lu\u00eds que ele precisa descansar e ficar tranquilo. Ele responde que ficou sabendo de coisas que o preocupam e que sua m\u00e3e n\u00e3o ajuda muito. Mar diz que vai colocar um fim nisso. Ela pede a Of\u00e9lia que pare de incomodar Lu\u00eds.<\/p>\n<p>Of\u00e9lia diz que descobriu que Lu\u00eds n\u00e3o \u00e9 quem diz ser e Mar responde que Lu\u00eds \u00e9 bom e que n\u00e3o cair\u00e1 em suas manipula\u00e7\u00f5es.<\/p>\n<p>Of\u00e9lia se arrepende de ter levado Mar para a mans\u00e3o Portilla e de ter imposto a ela aquela vida luxuosa como objetivo. Ela encontra uma carta de Nicol\u00e1s para Cec\u00edlia na qual ele questiona seus motivos para mand\u00e1-lo estudar t\u00e3o longe de casa.<\/p>\n<p>Confira o resumo do cap\u00edtulo de hoje:<\/p>\n<h2 style=\"color: #ff9b00;\">Resumo de quinta-feira, 21 de agosto<\/h2>\n<p>Graciela diz a Lu\u00eds que abusaram de Paula. Of\u00e9lia desrespeita Graciela. Esta diz a Lu\u00eds que sabe que ele se casou para dar uma li\u00e7\u00e3o nos filhos, mas que isso n\u00e3o est\u00e1 funcionando, e que ele precisa mandar Mar para longe e se ocupar mais dos filhos. Lu\u00eds responde que Mar \u00e9 sua esposa e deve ser respeitada \u2014 do contr\u00e1rio, quem ter\u00e1 que ir embora ser\u00e1 Graciela. Leonardo diz a Artur que Sa\u00fal est\u00e1 dizendo muitas coisas sobre Paula. Artur diz que havia rumores de que Paula e suas amigas se dedicavam a outras coisas al\u00e9m de modelar lingerie. Leonardo diz a Paula que ainda n\u00e3o entendeu o que ela fazia no apartamento de Sa\u00fal. Ela, ofendida, responde que n\u00e3o entende sua atitude. Of\u00e9lia diz a Lu\u00eds que com Mar ela n\u00e3o vai brincar, que conversou com Roc\u00edo e j\u00e1 sabe o seu segredo. Lu\u00eds a olha, surpreso. Of\u00e9lia diz a Lu\u00eds que Roc\u00edo lhe contou seu segredo e que vai proteger sua filha. Lu\u00eds responde que ela n\u00e3o precisa proteg\u00ea-la dele, que Roc\u00edo est\u00e1 louca, e que se quiser acreditar nela, \u00e9 problema dela \u2014 mas que o deixe em paz.<\/p>\n<p>Mar diz a Lu\u00eds que ele precisa descansar e ficar tranquilo. Ele responde que ficou sabendo de coisas que o preocupam e que sua m\u00e3e n\u00e3o ajuda muito. Mar diz que vai colocar um fim nisso. Mar diz a Of\u00e9lia que pare de incomodar Lu\u00eds. Of\u00e9lia diz que descobriu que Lu\u00eds n\u00e3o \u00e9 quem diz ser. Mar responde que Lu\u00eds \u00e9 bom e que n\u00e3o cair\u00e1 em suas manipula\u00e7\u00f5es. Val\u00e9ria diz a Mar que d\u00f3i saber que ela j\u00e1 n\u00e3o confia nela como antes. Mar responde que um dia ela entender\u00e1 o motivo de suas decis\u00f5es. Val\u00e9ria diz que ela pode levar o tempo que for necess\u00e1rio, mas que tome cuidado com Lu\u00eds. Mar diz que Lu\u00eds \u00e9 bom. Lu\u00eds diz a Graciela que Roc\u00edo conversou com Of\u00e9lia e que est\u00e1 acredita que ele teve um caso. Diz que n\u00e3o se preocupa com Of\u00e9lia, mas sim com Roc\u00edo, j\u00e1 que ela n\u00e3o perde oportunidade de se aproximar dos filhos dele. Graciela diz que vai se encarregar de Roc\u00edo, mas que devem ter cuidado com Of\u00e9lia. Jacinto pergunta a Juan se ele est\u00e1 apaixonado por Camila e por isso se casou.<br \/>\n<!--FIM--><\/p>\n<div style=\"font-size: 120%;\"><h3>Confira tamb\u00e9m<\/h3>\r\n<a href=\"https:\/\/tvnovelas.com.br\/novelas\/\" rel=\"noopener\" target=\"_blank\"><strong>Todos os resumos de novelas<\/strong><\/a><\/br>\r\n<a href=\"https:\/\/www.tvnovelas.com.br\/tvnews\/\" rel=\"noopener\" target=\"_blank\"><strong>\u00daltimas not\u00edcias das novelas<\/strong><\/a><\/br>\r\n<a href=\"https:\/\/www.tvnovelas.com.br\/filmes\/\" target=\"_blank\" rel=\"noopener noreferrer\"><strong>Programa\u00e7\u00e3o de filmes na TV aberta<\/strong><\/a><\/br>\r\n<a href=\"https:\/\/caetenews.com.br\/semana\/filmes-da-globo-na-sessao-da-tarde-desta-semana\/\" target=\"_blank\" rel=\"noopener\"><strong>Confira os filmes da semana na Sess\u00e3o da Tarde<\/strong><\/a><\/br>\r\n<a href=\"https:\/\/classindportal.mj.gov.br\/consulta-filmes\" target=\"_blank\" rel=\"noopener\"><strong>Consulte a classifica\u00e7\u00e3o indicativa dos filmes e novelas<\/strong><\/a><\/br><\/div>\n","protected":false},"excerpt":{"rendered":"<p>As Filhas da Senhora Garcia: Mar avisa a m\u00e3e para n\u00e3o incomodar Lu\u00eds&#8230; No cap\u00edtulo de As Filhas da Senhora Garcia desta quinta, dia 21, Mar diz a Lu\u00eds&#8230;.<\/p>\n","protected":false},"author":1,"featured_media":81108,"comment_status":"closed","ping_status":"closed","sticky":false,"template":"","format":"standard","meta":{"_uf_show_specific_survey":0,"_uf_disable_surveys":false,"_jetpack_memberships_contains_paid_content":false,"footnotes":"","_wp_rev_ctl_limit":""},"categories":[353],"tags":[931,64,13],"class_list":["post-81110","post","type-post","status-publish","format-standard","has-post-thumbnail","hentry","category-resumos-de-novelas","tag-as-filhas-da-senhora-garcia","tag-novelas","tag-sbt","wpcat-353-id"],"aioseo_notices":[],"jetpack_featured_media_url":"https:\/\/i0.wp.com\/www.tvnovelas.com.br\/tvnews\/wp-content\/uploads\/2025\/08\/11834.jpg?fit=728%2C410&ssl=1","jetpack_shortlink":"https:\/\/wp.me\/pdP2BO-l6e","jetpack_sharing_enabled":true,"_links":{"self":[{"href":"https:\/\/www.tvnovelas.com.br\/tvnews\/wp-json\/wp\/v2\/posts\/81110","targetHints":{"allow":["GET"]}}],"collection":[{"href":"https:\/\/www.tvnovelas.com.br\/tvnews\/wp-json\/wp\/v2\/posts"}],"about":[{"href":"https:\/\/www.tvnovelas.com.br\/tvnews\/wp-json\/wp\/v2\/types\/post"}],"author":[{"embeddable":true,"href":"https:\/\/www.tvnovelas.com.br\/tvnews\/wp-json\/wp\/v2\/users\/1"}],"replies":[{"embeddable":true,"href":"https:\/\/www.tvnovelas.com.br\/tvnews\/wp-json\/wp\/v2\/comments?post=81110"}],"version-history":[{"count":1,"href":"https:\/\/www.tvnovelas.com.br\/tvnews\/wp-json\/wp\/v2\/posts\/81110\/revisions"}],"predecessor-version":[{"id":81111,"href":"https:\/\/www.tvnovelas.com.br\/tvnews\/wp-json\/wp\/v2\/posts\/81110\/revisions\/81111"}],"wp:featuredmedia":[{"embeddable":true,"href":"https:\/\/www.tvnovelas.com.br\/tvnews\/wp-json\/wp\/v2\/media\/81108"}],"wp:attachment":[{"href":"https:\/\/www.tvnovelas.com.br\/tvnews\/wp-json\/wp\/v2\/media?parent=81110"}],"wp:term":[{"taxonomy":"category","embeddable":true,"href":"https:\/\/www.tvnovelas.com.br\/tvnews\/wp-json\/wp\/v2\/categories?post=81110"},{"taxonomy":"post_tag","embeddable":true,"href":"https:\/\/www.tvnovelas.com.br\/tvnews\/wp-json\/wp\/v2\/tags?post=81110"}],"curies":[{"name":"wp","href":"https:\/\/api.w.org\/{rel}","templated":true}]}}