{"id":81167,"date":"2025-08-22T13:01:17","date_gmt":"2025-08-22T16:01:17","guid":{"rendered":"https:\/\/www.tvnovelas.com.br\/tvnews\/?p=81167"},"modified":"2025-08-22T13:01:17","modified_gmt":"2025-08-22T16:01:17","slug":"dona-de-mim-jaques-relembra-olivia-a-primeira-esposa-de-abel","status":"publish","type":"post","link":"https:\/\/www.tvnovelas.com.br\/tvnews\/dona-de-mim-jaques-relembra-olivia-a-primeira-esposa-de-abel\/","title":{"rendered":"Dona de Mim: Jaques relembra Ol\u00edvia, a primeira esposa de Abel"},"content":{"rendered":"<figure id=\"attachment_81168\" aria-describedby=\"caption-attachment-81168\" style=\"width: 728px\" class=\"wp-caption alignnone\"><img data-recalc-dims=\"1\" decoding=\"async\" class=\"wp-image-81168 size-full\" title=\"(Foto: TV Globo\/Dona de Mim)\" src=\"https:\/\/i0.wp.com\/www.tvnovelas.com.br\/tvnews\/wp-content\/uploads\/2025\/08\/11843.jpg?resize=728%2C410&#038;ssl=1\" alt=\"Foto em Dona de Mim: Jaques relembra Ol\u00edvia, a primeira esposa de Abel\" width=\"728\" height=\"410\" srcset=\"https:\/\/i0.wp.com\/www.tvnovelas.com.br\/tvnews\/wp-content\/uploads\/2025\/08\/11843.jpg?w=728&amp;ssl=1 728w, https:\/\/i0.wp.com\/www.tvnovelas.com.br\/tvnews\/wp-content\/uploads\/2025\/08\/11843.jpg?resize=250%2C141&amp;ssl=1 250w\" sizes=\"(max-width: 728px) 100vw, 728px\" \/><figcaption id=\"caption-attachment-81168\" class=\"wp-caption-text\">Dona de Mim: Jaques relembra Ol\u00edvia, a primeira esposa de Abel<\/figcaption><\/figure>\n<p>Em Dona de Mim, parte do passado de Jaques (Marcello Novaes) vir\u00e1 \u00e0 tona. Ap\u00f3s conversa com Davi (Rafael Vitti), no quarto que ambos j\u00e1 usaram na mans\u00e3o dos Boaz, o vil\u00e3o ir\u00e1 lembrar de seu passado com Ol\u00edvia, a esposa falecida de Abel (Tony Ramos), em cena de flashback.<br \/>\n]<br \/>\n\u201cSabe esse riff de guitarra? \u00c9 da m\u00fasica que compus com a Ol\u00edvia\u201d, afirma Jaques.<\/p>\n<p>&#8220;Minha m\u00e3e fazia m\u00fasica?\u201d, pergunta Davi, surpreso.<\/p>\n<p>Jaques, ent\u00e3o, se lembrar\u00e1 de que cresceu naquele quarto e encontrar\u00e1 escondido uma caixa com v\u00e1rias recorda\u00e7\u00f5es, entre elas, uma foto com Ol\u00edvia.<\/p>\n<p>\u201cQue foto \u00e9 essa? \u00c9 a minha m\u00e3e?\u201d, pergunta Davi.<\/p>\n<p>\u201cE essa era a letra! \u2018O sorriso do abismo\u2019. J\u00e1 falei que voc\u00ea tem o sorriso da sua m\u00e3e?\u201d, diz Jaques.<\/p>\n<p>Depois da conversa, Jaques pegar\u00e1 no sono e sonhar\u00e1 com Ol\u00edvia. Os dois aparecer\u00e3o jovens, fazendo m\u00fasica naquele mesmo quarto. Jaques ir\u00e1 se declarar para ela, que, na ocasi\u00e3o, j\u00e1 era namorada de seu irm\u00e3o.<\/p>\n<p>\u201cEu namoro seu irm\u00e3o. Eu amo o Abel\u201d, diz Ol\u00edvia.<\/p>\n<p>\u201cE eu te amo\u201d, afirma Jaques.<\/p>\n<p>Ent\u00e3o, Jaques ir\u00e1 acordar chamando por Ol\u00edvia&#8230;<\/p>\n<p>\u201cOl\u00edvia&#8230; Fica!\u201d<br \/>\n<!--FIM--><br \/>\n<strong>Sobre a novela<\/strong><br \/>\n<a href=\"https:\/\/wp.me\/pfspD2-UO\" target=\"_blank\" rel=\"noopener\">Dona de Mim: A trama da novela<\/a><br \/>\n<a href=\"https:\/\/wp.me\/pfspD2-UG\" target=\"_blank\" rel=\"noopener\">Dona de Mim: A fam\u00edlia Boaz e seu imp\u00e9rio de lingerie<\/a><\/p>\n<div style=\"font-size: 120%;\"><h3>Confira tamb\u00e9m<\/h3>\r\n<a href=\"https:\/\/tvnovelas.com.br\/novelas\/\" rel=\"noopener\" target=\"_blank\"><strong>Todos os resumos de novelas<\/strong><\/a><\/br>\r\n<a href=\"https:\/\/www.tvnovelas.com.br\/tvnews\/\" rel=\"noopener\" target=\"_blank\"><strong>\u00daltimas not\u00edcias das novelas<\/strong><\/a><\/br>\r\n<a href=\"https:\/\/www.tvnovelas.com.br\/filmes\/\" target=\"_blank\" rel=\"noopener noreferrer\"><strong>Programa\u00e7\u00e3o de filmes na TV aberta<\/strong><\/a><\/br>\r\n<a href=\"https:\/\/caetenews.com.br\/semana\/filmes-da-globo-na-sessao-da-tarde-desta-semana\/\" target=\"_blank\" rel=\"noopener\"><strong>Confira os filmes da semana na Sess\u00e3o da Tarde<\/strong><\/a><\/br>\r\n<a href=\"https:\/\/classindportal.mj.gov.br\/consulta-filmes\" target=\"_blank\" rel=\"noopener\"><strong>Consulte a classifica\u00e7\u00e3o indicativa dos filmes e novelas<\/strong><\/a><\/br><\/div>\n","protected":false},"excerpt":{"rendered":"<p>Dona de Mim: Jaques relembra Ol\u00edvia, a primeira esposa de Abel&#8230; Em Dona de Mim, parte do passado de Jaques (Marcello Novaes) vir\u00e1 \u00e0 tona&#8230;<\/p>\n","protected":false},"author":1,"featured_media":81168,"comment_status":"closed","ping_status":"closed","sticky":false,"template":"","format":"standard","meta":{"_uf_show_specific_survey":0,"_uf_disable_surveys":false,"_jetpack_memberships_contains_paid_content":false,"footnotes":"","_wp_rev_ctl_limit":""},"categories":[884],"tags":[883,5,64],"class_list":["post-81167","post","type-post","status-publish","format-standard","has-post-thumbnail","hentry","category-dona-de-mim","tag-dona-de-mim","tag-globo","tag-novelas","wpcat-884-id"],"aioseo_notices":[],"jetpack_featured_media_url":"https:\/\/i0.wp.com\/www.tvnovelas.com.br\/tvnews\/wp-content\/uploads\/2025\/08\/11843.jpg?fit=728%2C410&ssl=1","jetpack_shortlink":"https:\/\/wp.me\/pdP2BO-l79","jetpack_sharing_enabled":true,"_links":{"self":[{"href":"https:\/\/www.tvnovelas.com.br\/tvnews\/wp-json\/wp\/v2\/posts\/81167","targetHints":{"allow":["GET"]}}],"collection":[{"href":"https:\/\/www.tvnovelas.com.br\/tvnews\/wp-json\/wp\/v2\/posts"}],"about":[{"href":"https:\/\/www.tvnovelas.com.br\/tvnews\/wp-json\/wp\/v2\/types\/post"}],"author":[{"embeddable":true,"href":"https:\/\/www.tvnovelas.com.br\/tvnews\/wp-json\/wp\/v2\/users\/1"}],"replies":[{"embeddable":true,"href":"https:\/\/www.tvnovelas.com.br\/tvnews\/wp-json\/wp\/v2\/comments?post=81167"}],"version-history":[{"count":1,"href":"https:\/\/www.tvnovelas.com.br\/tvnews\/wp-json\/wp\/v2\/posts\/81167\/revisions"}],"predecessor-version":[{"id":81169,"href":"https:\/\/www.tvnovelas.com.br\/tvnews\/wp-json\/wp\/v2\/posts\/81167\/revisions\/81169"}],"wp:featuredmedia":[{"embeddable":true,"href":"https:\/\/www.tvnovelas.com.br\/tvnews\/wp-json\/wp\/v2\/media\/81168"}],"wp:attachment":[{"href":"https:\/\/www.tvnovelas.com.br\/tvnews\/wp-json\/wp\/v2\/media?parent=81167"}],"wp:term":[{"taxonomy":"category","embeddable":true,"href":"https:\/\/www.tvnovelas.com.br\/tvnews\/wp-json\/wp\/v2\/categories?post=81167"},{"taxonomy":"post_tag","embeddable":true,"href":"https:\/\/www.tvnovelas.com.br\/tvnews\/wp-json\/wp\/v2\/tags?post=81167"}],"curies":[{"name":"wp","href":"https:\/\/api.w.org\/{rel}","templated":true}]}}