{"id":81177,"date":"2025-08-22T14:17:23","date_gmt":"2025-08-22T17:17:23","guid":{"rendered":"https:\/\/www.tvnovelas.com.br\/tvnews\/?p=81177"},"modified":"2025-08-22T14:17:23","modified_gmt":"2025-08-22T17:17:23","slug":"o-que-vai-acontece-em-vale-tudo-na-semana-25-a-30-8","status":"publish","type":"post","link":"https:\/\/www.tvnovelas.com.br\/tvnews\/o-que-vai-acontece-em-vale-tudo-na-semana-25-a-30-8\/","title":{"rendered":"O que vai acontece em Vale Tudo na semana 25 a 30\/8"},"content":{"rendered":"<figure id=\"attachment_81179\" aria-describedby=\"caption-attachment-81179\" style=\"width: 728px\" class=\"wp-caption alignnone\"><img data-recalc-dims=\"1\" decoding=\"async\" class=\"wp-image-81179 size-full\" title=\"(Foto: TV Globo\/Vale Tudo)\" src=\"https:\/\/i0.wp.com\/www.tvnovelas.com.br\/tvnews\/wp-content\/uploads\/2025\/08\/11845.jpg?resize=728%2C410&#038;ssl=1\" alt=\"Foto em O que vai acontece em Vale Tudo na semana 25 a 30\/8\" width=\"728\" height=\"410\" srcset=\"https:\/\/i0.wp.com\/www.tvnovelas.com.br\/tvnews\/wp-content\/uploads\/2025\/08\/11845.jpg?w=728&amp;ssl=1 728w, https:\/\/i0.wp.com\/www.tvnovelas.com.br\/tvnews\/wp-content\/uploads\/2025\/08\/11845.jpg?resize=250%2C141&amp;ssl=1 250w\" sizes=\"(max-width: 728px) 100vw, 728px\" \/><figcaption id=\"caption-attachment-81179\" class=\"wp-caption-text\">O que vai acontece em Vale Tudo na semana 25 a 30\/8<\/figcaption><\/figure>\n<p>Em Vale Tudo,<\/p>\n<div style=\"background-color: #fff4a4; border-style: solid; border-width: 0px 0px 10px 0px; solid green; border-radius: 30px; padding: 10px; font-size: 125%; text-align: justify;\"><strong style=\"color: #b9375d;\">Nos pr\u00f3ximos cap\u00edtulos de Vale Tudo, <\/strong><span style=\"color: #b9375d; font-size: 110%;\">C\u00e9sar deixa claro a Maria de F\u00e1tima que est\u00e1 feliz com Odete; Afonso entrega a Odete o relat\u00f3rio onde constata que Marco Aur\u00e9lio vem extorquindo a empresa h\u00e1 anos; Raquel se sente humilhada ao ser vista por Heleninha e Celina na praia vendendo sandu\u00edche; Celina compra a casa da Paladar e coloca no nome de Raquel e Poliana; Afonso conta \u00e0 fam\u00edlia que est\u00e1 com c\u00e2ncer e que os filhos que Solange espera s\u00e3o seus; Odete pede C\u00e9sar em casamento&#8230;.<\/span><\/div>\n<h2 style=\"color: #b9375d;\">Resumo de segunda-feira, 25 de agosto<\/h2>\n<p>C\u00e9sar deixa claro a Maria de F\u00e1tima que est\u00e1 feliz com Odete. Poliana fica impressionado com a disposi\u00e7\u00e3o de Raquel para se recuperar. Leila tenta se desculpar com Cec\u00edlia e La\u00eds pela festa que Marco Aur\u00e9lio preparou para Sarita. Poliana, Gilda e Pascoal ajudam Raquel a vender sandu\u00edche na praia. Odete revela que ama C\u00e9sar. Maria de F\u00e1tima se sente humilhada com a rea\u00e7\u00e3o de Marco Aur\u00e9lio ao tentar chantage\u00e1-lo. Odete n\u00e3o se abala com as amea\u00e7as de Maria de F\u00e1tima. Afonso fica impactado quando Maria de F\u00e1tima lhe conta que Odete est\u00e1 envolvida com C\u00e9sar.<\/p>\n<h2 style=\"color: #b9375d;\">Resumo de ter\u00e7a-feira, 26 de agosto<\/h2>\n<p>Maria de F\u00e1tima revela a Afonso sobre o pacto que fez com Odete. Bartolomeu conta a Ivan que apurou informa\u00e7\u00f5es sobre Gerson e que ajudar\u00e1 o filho. Afonso conversa com Raquel sobre Maria de F\u00e1tima, Odete e Celina. Celina fica inconformada com a sa\u00edda de Afonso de sua casa. Heleninha nota manchas roxas no bra\u00e7o de Afonso. Ana Clara reclama de Odete com Leonardo. Raquel se sente humilhada ao ser vista por Heleninha e Celina na praia vendendo sandu\u00edche. Marieta avisa a Afonso que o nariz do executivo est\u00e1 sangrando. Bartolomeu coloca uma c\u00e2mera escondida em seu corpo para almo\u00e7ar com Gerson. Ana Clara participa do grupo do AA para encontrar Heleninha. Afonso resolve deixar a TCA e vender suas a\u00e7\u00f5es para Odete. Maria de F\u00e1tima procura Raquel.<\/p>\n<h2 style=\"color: #b9375d;\">Resumo de quarta-feira, 27 de agosto<\/h2>\n<p>Raquel despreza Maria de F\u00e1tima. Afonso entrega a Odete o relat\u00f3rio que fez sobre as finan\u00e7as da TCA, onde constata que Marco Aur\u00e9lio vem extorquindo a empresa h\u00e1 anos. Afonso passa mal. Ana Clara conversa com Leonardo sobre sua inten\u00e7\u00e3o de se casar com ele. Igor nota o cansa\u00e7o de Afonso. Odete confronta Marco Aur\u00e9lio. Ivan pressiona Gerson a confessar que foi Odete quem armou contra ele. Maria de F\u00e1tima avisa a Afonso que o filho que espera n\u00e3o \u00e9 dele. Celina compra a casa da Paladar e coloca no nome de Raquel e Poliana. Celina pede segredo a Odete sobre sua aquisi\u00e7\u00e3o, e Heleninha ouve.<\/p>\n<h2 style=\"color: #b9375d;\">Resumo de quinta-feira, 28 de agosto<\/h2>\n<p>Odete despista Heleninha, e Celina agradece \u00e0 irm\u00e3. Ana Clara tem a impress\u00e3o de que Leonardo entende o que ela diz. Ivan mostra a Raquel o espa\u00e7o onde ele ir\u00e1 abrir uma ag\u00eancia de viagens a custos acess\u00edveis. Ivan, Pascoal e Gilda ajudam Raquel e Poliana a colocar os equipamentos de volta na casa da Paladar. Odete fica em choque quando Heleninha comenta sobre uma mo\u00e7a que conheceu no grupo do AA chamada Ana Clara. Afonso avisa a Odete que renunciou \u00e0 heran\u00e7a da m\u00e3e. Solange compartilha com Sardinha sua preocupa\u00e7\u00e3o com Afonso. Ana Clara comunica a Odete que est\u00e1 casada com Leonardo. Solange questiona Afonso sobre sua sa\u00fade.<\/p>\n<h2 style=\"color: #b9375d;\">Resumo de sexta-feira, 29 de agosto<\/h2>\n<p>Solange conta para Afonso que ele \u00e9 o pai dos filhos que espera. Afonso conta \u00e0 fam\u00edlia que est\u00e1 com c\u00e2ncer e que os filhos que Solange espera s\u00e3o seus. Maria de F\u00e1tima aborda Odete e C\u00e9sar para conseguir a pens\u00e3o do ex-amante. Dr. Fernando explica a Afonso e Solange o processo do tratamento e as possibilidades de compatibilidade para o transplante de medula. Heleninha comunica a Afonso o resultado do exame para compatibilidade que ela, Celina e Odete fizeram. Odete leva um enfermeiro para coletar sangue de Leonardo sem avisar o motivo para Ana Clara, que descobre o nome do laborat\u00f3rio. Odete recebe o resultado do exame de Leonardo.<\/p>\n<h2 style=\"color: #b9375d;\">Resumo de s\u00e1bado, 30 de agosto<\/h2>\n<p>Poliana consegue reativar cinco contratos para a Paladar. Heleninha sente um clima de desconfian\u00e7a com Ana Clara. Maria de F\u00e1tima envia fotos suas com C\u00e9sar para Odete. Odete pede C\u00e9sar em casamento. Solange e Afonso se encontram. C\u00e9sar conta a Maria de F\u00e1tima que as fotos que ela enviou para Odete lhe renderam um pedido de casamento. Maria de F\u00e1tima prop\u00f5e alian\u00e7a a M\u00e1rio S\u00e9rgio. Odete sai para se encontrar com Ana Clara, e Maria de F\u00e1tima a segue de carro. Odete mostra a Ana Clara que ela tamb\u00e9m cometeu um crime. Maria de F\u00e1tima pede para entrar na casa de Ana Clara, e reconhece Leonardo como filho de Odete.<br \/>\n<!--FIM--><br \/>\n<strong>Sobre a novela<\/strong><br \/>\n<a href=\"https:\/\/wp.me\/pfspD2-U7\" target=\"_blank\" rel=\"noopener\">Vale Tudo: Conflitos de princ\u00edpios e valores (Sinopse)<\/a><\/p>\n<p><a href=\"https:\/\/wp.me\/pfspD2-oI\" target=\"_blank\" rel=\"noopener\">Vale Tudo: Invers\u00e3o de valores no final dos anos erdade1980<\/a> (Sinopse)<\/p>\n<div style=\"font-size: 120%;\"><h3>Confira tamb\u00e9m<\/h3>\r\n<a href=\"https:\/\/tvnovelas.com.br\/novelas\/\" rel=\"noopener\" target=\"_blank\"><strong>Todos os resumos de novelas<\/strong><\/a><\/br>\r\n<a href=\"https:\/\/www.tvnovelas.com.br\/tvnews\/\" rel=\"noopener\" target=\"_blank\"><strong>\u00daltimas not\u00edcias das novelas<\/strong><\/a><\/br>\r\n<a href=\"https:\/\/www.tvnovelas.com.br\/filmes\/\" target=\"_blank\" rel=\"noopener noreferrer\"><strong>Programa\u00e7\u00e3o de filmes na TV aberta<\/strong><\/a><\/br>\r\n<a href=\"https:\/\/caetenews.com.br\/semana\/filmes-da-globo-na-sessao-da-tarde-desta-semana\/\" target=\"_blank\" rel=\"noopener\"><strong>Confira os filmes da semana na Sess\u00e3o da Tarde<\/strong><\/a><\/br>\r\n<a href=\"https:\/\/classindportal.mj.gov.br\/consulta-filmes\" target=\"_blank\" rel=\"noopener\"><strong>Consulte a classifica\u00e7\u00e3o indicativa dos filmes e novelas<\/strong><\/a><\/br><\/div>\n","protected":false},"excerpt":{"rendered":"<p>Em Vale Tudo na semana 25 a 30\/8&#8230; Nos pr\u00f3ximos cap\u00edtulos de \ud835\udc15\ud835\udc1a\ud835\udc25\ud835\udc1e \ud835\udc13\ud835\udc2e\ud835\udc1d\ud835\udc28, \ud835\udc6a\u00e9\ud835\udc94\ud835\udc82\ud835\udc93 \ud835\udc85\ud835\udc86\ud835\udc8a\ud835\udc99\ud835\udc82 \ud835\udc84\ud835\udc8d\ud835\udc82\ud835\udc93\ud835\udc90 \ud835\udc82 \ud835\udc74\ud835\udc82\ud835\udc93\ud835\udc8a\ud835\udc82 \ud835\udc85\ud835\udc86 \ud835\udc6d\u00e1\ud835\udc95\ud835\udc8a\ud835\udc8e\ud835\udc82 \ud835\udc92\ud835\udc96\ud835\udc86 \ud835\udc86\ud835\udc94\ud835\udc95\u00e1 \ud835\udc87\ud835\udc86\ud835\udc8d\ud835\udc8a\ud835\udc9b \ud835\udc84\ud835\udc90\ud835\udc8e \ud835\udc76\ud835\udc85\ud835\udc86\ud835\udc95\ud835\udc86; Afonso entrega a Odete&#8230;<\/p>\n","protected":false},"author":1,"featured_media":81179,"comment_status":"closed","ping_status":"closed","sticky":false,"template":"","format":"standard","meta":{"_uf_show_specific_survey":0,"_uf_disable_surveys":false,"_jetpack_memberships_contains_paid_content":false,"footnotes":"","_wp_rev_ctl_limit":""},"categories":[353,871],"tags":[5,64,801],"class_list":["post-81177","post","type-post","status-publish","format-standard","has-post-thumbnail","hentry","category-resumos-de-novelas","category-vale-tudo","tag-globo","tag-novelas","tag-vale-tudo","wpcat-353-id","wpcat-871-id"],"aioseo_notices":[],"jetpack_featured_media_url":"https:\/\/i0.wp.com\/www.tvnovelas.com.br\/tvnews\/wp-content\/uploads\/2025\/08\/11845.jpg?fit=728%2C410&ssl=1","jetpack_shortlink":"https:\/\/wp.me\/pdP2BO-l7j","jetpack_sharing_enabled":true,"_links":{"self":[{"href":"https:\/\/www.tvnovelas.com.br\/tvnews\/wp-json\/wp\/v2\/posts\/81177","targetHints":{"allow":["GET"]}}],"collection":[{"href":"https:\/\/www.tvnovelas.com.br\/tvnews\/wp-json\/wp\/v2\/posts"}],"about":[{"href":"https:\/\/www.tvnovelas.com.br\/tvnews\/wp-json\/wp\/v2\/types\/post"}],"author":[{"embeddable":true,"href":"https:\/\/www.tvnovelas.com.br\/tvnews\/wp-json\/wp\/v2\/users\/1"}],"replies":[{"embeddable":true,"href":"https:\/\/www.tvnovelas.com.br\/tvnews\/wp-json\/wp\/v2\/comments?post=81177"}],"version-history":[{"count":3,"href":"https:\/\/www.tvnovelas.com.br\/tvnews\/wp-json\/wp\/v2\/posts\/81177\/revisions"}],"predecessor-version":[{"id":81187,"href":"https:\/\/www.tvnovelas.com.br\/tvnews\/wp-json\/wp\/v2\/posts\/81177\/revisions\/81187"}],"wp:featuredmedia":[{"embeddable":true,"href":"https:\/\/www.tvnovelas.com.br\/tvnews\/wp-json\/wp\/v2\/media\/81179"}],"wp:attachment":[{"href":"https:\/\/www.tvnovelas.com.br\/tvnews\/wp-json\/wp\/v2\/media?parent=81177"}],"wp:term":[{"taxonomy":"category","embeddable":true,"href":"https:\/\/www.tvnovelas.com.br\/tvnews\/wp-json\/wp\/v2\/categories?post=81177"},{"taxonomy":"post_tag","embeddable":true,"href":"https:\/\/www.tvnovelas.com.br\/tvnews\/wp-json\/wp\/v2\/tags?post=81177"}],"curies":[{"name":"wp","href":"https:\/\/api.w.org\/{rel}","templated":true}]}}