{"id":81188,"date":"2025-08-23T09:25:58","date_gmt":"2025-08-23T12:25:58","guid":{"rendered":"https:\/\/www.tvnovelas.com.br\/tvnews\/?p=81188"},"modified":"2025-08-23T09:25:58","modified_gmt":"2025-08-23T12:25:58","slug":"o-que-se-passa-em-a-caverna-encantada-na-semana-25-a-29-8","status":"publish","type":"post","link":"https:\/\/www.tvnovelas.com.br\/tvnews\/o-que-se-passa-em-a-caverna-encantada-na-semana-25-a-29-8\/","title":{"rendered":"O que se passa em A Caverna Encantada na semana 25 a 29\/8"},"content":{"rendered":"<figure id=\"attachment_81202\" aria-describedby=\"caption-attachment-81202\" style=\"width: 726px\" class=\"wp-caption aligncenter\"><img data-recalc-dims=\"1\" decoding=\"async\" class=\"wp-image-81202 size-full\" title=\"(Foto: SBT\/A Caverna Encantada)\" src=\"https:\/\/i0.wp.com\/www.tvnovelas.com.br\/tvnews\/wp-content\/uploads\/2025\/08\/11848.jpg?resize=726%2C410&#038;ssl=1\" alt=\"Foto em O que se passa em A Caverna Encantada na semana 25 a 29\/8\" width=\"726\" height=\"410\" srcset=\"https:\/\/i0.wp.com\/www.tvnovelas.com.br\/tvnews\/wp-content\/uploads\/2025\/08\/11848.jpg?w=726&amp;ssl=1 726w, https:\/\/i0.wp.com\/www.tvnovelas.com.br\/tvnews\/wp-content\/uploads\/2025\/08\/11848.jpg?resize=250%2C141&amp;ssl=1 250w\" sizes=\"(max-width: 726px) 100vw, 726px\" \/><figcaption id=\"caption-attachment-81202\" class=\"wp-caption-text\">O que se passa em A Caverna Encantada na semana 25 a 29\/8<\/figcaption><\/figure>\n<div style=\"background-color: #fff4a4; border-style: solid; border-width: 0px 0px 10px 0px; solid green; border-radius: 30px; padding: 10px; font-size: 125%; text-align: justify;\"><strong style=\"color: #b9375d;\">Nos pr\u00f3ximos cap\u00edtulos de A Caverna Encantada, <\/strong><span style=\"color: #b9375d; font-size: 110%;\">Anna, Isadora, Manu e Lav\u00ednia se despedem dos professores e seguem viagem; Lav\u00ednia, Manu e Isadora montam acampamento sozinhas na mata; Anna finalmente reencontra seu pai, Paulo, que est\u00e1 muito debilitado; Anna ajuda o pai a sair da floresta; Flora procura Safira porque quer se tornar malvada e ser a aluna favorita de Norma..<\/span><\/div>\n<h2 style=\"color: #b9375d;\">Resumo de segunda-feira, 25 de agosto<\/h2>\n<p>Norma prop\u00f5e uma parceria a Lav\u00ednia antes de sua viagem, oferecendo benef\u00edcios para que ela entre em Carvard. Anna, Isadora, Manu e Lav\u00ednia se despedem dos professores e seguem viagem. Endividada, a TendiTudo, a kombi de Faf\u00e1, \u00e9 levada a leil\u00e3o. Ao lado do mission\u00e1rio Mateus, as meninas Anna, Isadora, Manu e Lav\u00ednia chegam a Perua\u00e7u e come\u00e7am a procurar Paulo nas matas. Faf\u00e1 desabafa com Goma e Thomas, dizendo que est\u00e1 falida. Dalete e Tonico temem que Norma descubra o casamento deles. Faf\u00e1 tem a ideia de produzir um reality show. Nina e Jane desconfiam que os meninos est\u00e3o armando algo contra o grupo L\u00facias.<\/p>\n<h2 style=\"color: #b9375d;\">Resumo de ter\u00e7a-feira, 26 de agosto<\/h2>\n<p>Em Perua\u00e7u, a equipe se prepara para mais um dia de buscas. Anna percebe que Norma ligou para Lav\u00ednia e questiona a amiga. Faf\u00e1 d\u00e1 in\u00edcio \u00e0 produ\u00e7\u00e3o de seu reality show. Nina e Jane prendem o Moleza, e Benjamin e Binho libertam o bicho-pregui\u00e7a. Dalete ajuda Norma a se arrumar para um encontro rom\u00e2ntico. Durante o jantar, Goma encontra Norma e pede para reatar o namoro. No primeiro dia de trabalho, Cristina auxilia a professora Pilar. C\u00e9sar tenta avisar Elisa de que est\u00e1 se mudando para uma fazenda, mas ela n\u00e3o d\u00e1 bola. Mateus anuncia o fim das buscas por aquele dia, mas Anna n\u00e3o concorda, foge do grupo e acaba se perdendo na mata.<\/p>\n<h2 style=\"color: #b9375d;\">Resumo de quarta-feira, 27 de agosto<\/h2>\n<p>Lav\u00ednia, Manu e Isadora montam acampamento sozinhas na mata. Na floresta, Anna se orienta pelos vagalumes. Faf\u00e1, Shirley e Wanda v\u00e3o ao SBT e fecham contrato com um diretor para a compra do reality show. Faf\u00e1 decide gravar o programa na casa das detetives. Anna finalmente reencontra seu pai, Paulo, que est\u00e1 muito debilitado. Isadora diz a Lav\u00ednia que confia nela e que acredita em seu bom cora\u00e7\u00e3o; Lav\u00ednia tenta revelar algo. Mateus encontra Lav\u00ednia, Manu e Isadora, mas sem localizar Anna.<\/p>\n<h2 style=\"color: #b9375d;\">Resumo de quinta-feira, 28 de agosto<\/h2>\n<p>Anna ajuda o pai a sair da floresta. Flora procura Safira porque quer se tornar malvada e ser a aluna favorita de Norma. Anna e Paulo reencontram os amigos. Horas depois, os param\u00e9dicos declaram que o estado de sa\u00fade de Paulo \u00e9 delicado. Faf\u00e1 avisa Thomas e Goma que eles v\u00e3o participar de seu programa, que agora ser\u00e1 um sitcom. Gabriel leva Pilar at\u00e9 a prefeitura de surpresa para se casarem. Manu flagra Lav\u00ednia falando ao telefone com Norma e pedindo informa\u00e7\u00f5es sobre Paulo, e a acusa de trai\u00e7\u00e3o. Norma comunica a Elisa que pretende reestruturar o col\u00e9gio.<\/p>\n<h2 style=\"color: #b9375d;\">Resumo de sexta-feira, 29 de agosto<\/h2>\n<p>Na pousada, Isadora e Manu se recusam a conversar com Lav\u00ednia. Faf\u00e1 come\u00e7a a gravar o sitcom com Goma, Thomas, Betina, Shirley e Wanda. No hospital, Paulo passa por cirurgias. Em viagem de lua de mel, Gabriel e Pilar v\u00e3o para Perua\u00e7u, conversam com Isadora e Manu e recebem not\u00edcias sobre Paulo. Norma transforma a biblioteca em sua nova sala de diretoria e Elisa faz a mudan\u00e7a. Isadora diz a Lav\u00ednia que ningu\u00e9m gosta dela, nem mesmo seus pais. Flora sai em busca do diamante-falante.<br \/>\n<!--FIM--><\/p>\n<div style=\"font-size: 120%;\"><h3>Confira tamb\u00e9m<\/h3>\r\n<a href=\"https:\/\/tvnovelas.com.br\/novelas\/\" rel=\"noopener\" target=\"_blank\"><strong>Todos os resumos de novelas<\/strong><\/a><\/br>\r\n<a href=\"https:\/\/www.tvnovelas.com.br\/tvnews\/\" rel=\"noopener\" target=\"_blank\"><strong>\u00daltimas not\u00edcias das novelas<\/strong><\/a><\/br>\r\n<a href=\"https:\/\/www.tvnovelas.com.br\/filmes\/\" target=\"_blank\" rel=\"noopener noreferrer\"><strong>Programa\u00e7\u00e3o de filmes na TV aberta<\/strong><\/a><\/br>\r\n<a href=\"https:\/\/caetenews.com.br\/semana\/filmes-da-globo-na-sessao-da-tarde-desta-semana\/\" target=\"_blank\" rel=\"noopener\"><strong>Confira os filmes da semana na Sess\u00e3o da Tarde<\/strong><\/a><\/br>\r\n<a href=\"https:\/\/classindportal.mj.gov.br\/consulta-filmes\" target=\"_blank\" rel=\"noopener\"><strong>Consulte a classifica\u00e7\u00e3o indicativa dos filmes e novelas<\/strong><\/a><\/br><\/div>\n","protected":false},"excerpt":{"rendered":"<p>A Caverna Encantada na semana 25 a 29\/8&#8230; Nos pr\u00f3ximos cap\u00edtulos de A Caverna Encantada, Anna, Isadora, Manu e Lav\u00ednia se despedem dos professores&#8230;<\/p>\n","protected":false},"author":1,"featured_media":81202,"comment_status":"closed","ping_status":"closed","sticky":false,"template":"","format":"standard","meta":{"_uf_show_specific_survey":0,"_uf_disable_surveys":false,"_jetpack_memberships_contains_paid_content":false,"footnotes":"","_wp_rev_ctl_limit":""},"categories":[766],"tags":[767,64,13],"class_list":["post-81188","post","type-post","status-publish","format-standard","has-post-thumbnail","hentry","category-a-caverna-encantada","tag-a-caverna-encantada","tag-novelas","tag-sbt","wpcat-766-id"],"aioseo_notices":[],"jetpack_featured_media_url":"https:\/\/i0.wp.com\/www.tvnovelas.com.br\/tvnews\/wp-content\/uploads\/2025\/08\/11848.jpg?fit=726%2C410&ssl=1","jetpack_shortlink":"https:\/\/wp.me\/pdP2BO-l7u","jetpack_sharing_enabled":true,"_links":{"self":[{"href":"https:\/\/www.tvnovelas.com.br\/tvnews\/wp-json\/wp\/v2\/posts\/81188","targetHints":{"allow":["GET"]}}],"collection":[{"href":"https:\/\/www.tvnovelas.com.br\/tvnews\/wp-json\/wp\/v2\/posts"}],"about":[{"href":"https:\/\/www.tvnovelas.com.br\/tvnews\/wp-json\/wp\/v2\/types\/post"}],"author":[{"embeddable":true,"href":"https:\/\/www.tvnovelas.com.br\/tvnews\/wp-json\/wp\/v2\/users\/1"}],"replies":[{"embeddable":true,"href":"https:\/\/www.tvnovelas.com.br\/tvnews\/wp-json\/wp\/v2\/comments?post=81188"}],"version-history":[{"count":2,"href":"https:\/\/www.tvnovelas.com.br\/tvnews\/wp-json\/wp\/v2\/posts\/81188\/revisions"}],"predecessor-version":[{"id":81203,"href":"https:\/\/www.tvnovelas.com.br\/tvnews\/wp-json\/wp\/v2\/posts\/81188\/revisions\/81203"}],"wp:featuredmedia":[{"embeddable":true,"href":"https:\/\/www.tvnovelas.com.br\/tvnews\/wp-json\/wp\/v2\/media\/81202"}],"wp:attachment":[{"href":"https:\/\/www.tvnovelas.com.br\/tvnews\/wp-json\/wp\/v2\/media?parent=81188"}],"wp:term":[{"taxonomy":"category","embeddable":true,"href":"https:\/\/www.tvnovelas.com.br\/tvnews\/wp-json\/wp\/v2\/categories?post=81188"},{"taxonomy":"post_tag","embeddable":true,"href":"https:\/\/www.tvnovelas.com.br\/tvnews\/wp-json\/wp\/v2\/tags?post=81188"}],"curies":[{"name":"wp","href":"https:\/\/api.w.org\/{rel}","templated":true}]}}