{"id":81191,"date":"2025-08-23T08:13:36","date_gmt":"2025-08-23T11:13:36","guid":{"rendered":"https:\/\/www.tvnovelas.com.br\/tvnews\/?p=81191"},"modified":"2025-08-23T08:13:36","modified_gmt":"2025-08-23T11:13:36","slug":"eta-mundo-melhor-cunegundes-ofende-dita-e-leva-tapa-de-manoela","status":"publish","type":"post","link":"https:\/\/www.tvnovelas.com.br\/tvnews\/eta-mundo-melhor-cunegundes-ofende-dita-e-leva-tapa-de-manoela\/","title":{"rendered":"\u00cata Mundo Melhor!: Cunegundes ofende Dita e leva tapa de Manoela"},"content":{"rendered":"<figure id=\"attachment_81192\" aria-describedby=\"caption-attachment-81192\" style=\"width: 727px\" class=\"wp-caption alignnone\"><img data-recalc-dims=\"1\" decoding=\"async\" class=\"wp-image-81192 size-full\" title=\"(Foto: TV Globo\/\u00cata Mundo Melhor!)\" src=\"https:\/\/i0.wp.com\/www.tvnovelas.com.br\/tvnews\/wp-content\/uploads\/2025\/08\/11846.jpg?resize=727%2C410&#038;ssl=1\" alt=\"Foto em \u00cata Mundo Melhor!: Cunegundes ofende Dita e leva tapa de Manoela\" width=\"727\" height=\"410\" srcset=\"https:\/\/i0.wp.com\/www.tvnovelas.com.br\/tvnews\/wp-content\/uploads\/2025\/08\/11846.jpg?w=727&amp;ssl=1 727w, https:\/\/i0.wp.com\/www.tvnovelas.com.br\/tvnews\/wp-content\/uploads\/2025\/08\/11846.jpg?resize=250%2C141&amp;ssl=1 250w\" sizes=\"(max-width: 727px) 100vw, 727px\" \/><figcaption id=\"caption-attachment-81192\" class=\"wp-caption-text\">\u00cata Mundo Melhor!: Cunegundes ofende Dita e leva tapa de Manoela<\/figcaption><\/figure>\n<p>Em \u2018\u00cata Mundo Melhor!\u2019, Quando Cunegundes (Elizabeth Savala) viu de perto o sucesso de Dita (Jeniffer Nascimento) na r\u00e1dio, n\u00e3o perdeu tempo de insistir para a ex-nora voltar para Quincas (Miguel R\u00f4mulo). As duas ter\u00e3o uma conversa s\u00e9ria que terminar\u00e1 em briga feia.<\/p>\n<p>Cunegundes diz que o melhor que Dita faz \u00e9 voltar para Quincas, mas a mocinha afirma que o seu casamento com o pregui\u00e7oso acabou de vez.<\/p>\n<p>&#8220;Ser\u00e1 que a Dita si enrabix\u00f4 por argum homi por a\u00ed?&#8221;, pergunta Cunegundes para si mesma, depois que Dita vai embora.<\/p>\n<p>Inconformada com a recusa de Dita em voltar para Quincas, Cunegundes procura Manoela (Dhu Moraes) para perguntar:<\/p>\n<p>&#8220;Me fale: a Dita, despois qui se separ\u00f4 do meu filho, arranj\u00f4 namorado?&#8221;<\/p>\n<p>&#8220;N\u00e3o, minha sobrinha n\u00e3o arrum\u00f4 ningu\u00e9m dispois do Quincas. Ela \u00e9 uma mo\u00e7a direita&#8221;, responde Manoela, indignada.<\/p>\n<p>Cunegundes n\u00e3o se d\u00e1 por satisfeita e pergunta se Dita andou suspirando por algum homem. Dona Manoela n\u00e3o consegue guardar segredo e confessa que a sobrinha gosta do Candinho (Sergio Guiz\u00e9).<\/p>\n<p>A dona Boca de Fogo fica furiosa e diz o que pensa sobre a cantora:<\/p>\n<p>&#8220;Mas Dita e esperta, hein! Qu\u00e9 diz\u00ea qui ela arranj\u00f4 um homi rico! Mas \u00e9 uma safada a vossa sobrinha.&#8221;<\/p>\n<p>A tia da artista n\u00e3o tolera a provoca\u00e7\u00e3o e d\u00e1 um tapa certeiro na cara de Cunegundes.<\/p>\n<p>&#8220;Isso \u00e9 pra sinhora aprend\u00ea a nunca mais fal\u00e1 mal da minha Dita na minha frente. Sua Boca de Fogo dos inferno!&#8221;<br \/>\n<!--FIM--><\/p>\n<h2>Sobre a novela:<\/h2>\n<p><a href=\"https:\/\/tvnovelas.com.br\/page2\/arquivo\/eta-mundo-melhor-a-volta-de-candinho-e-policarpo\/&quot;\" target=\"_blank\" rel=\"noopener\">\u00cata Mundo Melhor!: A volta de Candinho e Policarpo<\/a> (Sinopse)<br \/>\n<a href=\"https:\/\/pt.wikipedia.org\/wiki\/%C3%8Ata_Mundo_Melhor!\" target=\"_blank\" rel=\"noopener\">Sobre \u00cata Mundo Melhor!, na Wikipedia<\/a><\/p>\n<div style=\"font-size: 120%;\"><h3>Confira tamb\u00e9m<\/h3>\r\n<a href=\"https:\/\/tvnovelas.com.br\/novelas\/\" rel=\"noopener\" target=\"_blank\"><strong>Todos os resumos de novelas<\/strong><\/a><\/br>\r\n<a href=\"https:\/\/www.tvnovelas.com.br\/tvnews\/\" rel=\"noopener\" target=\"_blank\"><strong>\u00daltimas not\u00edcias das novelas<\/strong><\/a><\/br>\r\n<a href=\"https:\/\/www.tvnovelas.com.br\/filmes\/\" target=\"_blank\" rel=\"noopener noreferrer\"><strong>Programa\u00e7\u00e3o de filmes na TV aberta<\/strong><\/a><\/br>\r\n<a href=\"https:\/\/caetenews.com.br\/semana\/filmes-da-globo-na-sessao-da-tarde-desta-semana\/\" target=\"_blank\" rel=\"noopener\"><strong>Confira os filmes da semana na Sess\u00e3o da Tarde<\/strong><\/a><\/br>\r\n<a href=\"https:\/\/classindportal.mj.gov.br\/consulta-filmes\" target=\"_blank\" rel=\"noopener\"><strong>Consulte a classifica\u00e7\u00e3o indicativa dos filmes e novelas<\/strong><\/a><\/br><\/div>\n","protected":false},"excerpt":{"rendered":"<p>\u00cata Mundo Melhor!: Cunegundes ofende Dita e leva tapa de Manoela&#8230; Em \u2018\u00cata Mundo Melhor!\u2019, Quando Cunegundes (Elizabeth Savala) viu de perto o sucesso&#8230;<\/p>\n","protected":false},"author":1,"featured_media":81192,"comment_status":"closed","ping_status":"closed","sticky":false,"template":"","format":"standard","meta":{"_uf_show_specific_survey":0,"_uf_disable_surveys":false,"_jetpack_memberships_contains_paid_content":false,"footnotes":"","_wp_rev_ctl_limit":""},"categories":[920],"tags":[921,5,64],"class_list":["post-81191","post","type-post","status-publish","format-standard","has-post-thumbnail","hentry","category-eta-mundo-melhor","tag-eta-mundo-melhor","tag-globo","tag-novelas","wpcat-920-id"],"aioseo_notices":[],"jetpack_featured_media_url":"https:\/\/i0.wp.com\/www.tvnovelas.com.br\/tvnews\/wp-content\/uploads\/2025\/08\/11846.jpg?fit=727%2C410&ssl=1","jetpack_shortlink":"https:\/\/wp.me\/pdP2BO-l7x","jetpack_sharing_enabled":true,"_links":{"self":[{"href":"https:\/\/www.tvnovelas.com.br\/tvnews\/wp-json\/wp\/v2\/posts\/81191","targetHints":{"allow":["GET"]}}],"collection":[{"href":"https:\/\/www.tvnovelas.com.br\/tvnews\/wp-json\/wp\/v2\/posts"}],"about":[{"href":"https:\/\/www.tvnovelas.com.br\/tvnews\/wp-json\/wp\/v2\/types\/post"}],"author":[{"embeddable":true,"href":"https:\/\/www.tvnovelas.com.br\/tvnews\/wp-json\/wp\/v2\/users\/1"}],"replies":[{"embeddable":true,"href":"https:\/\/www.tvnovelas.com.br\/tvnews\/wp-json\/wp\/v2\/comments?post=81191"}],"version-history":[{"count":1,"href":"https:\/\/www.tvnovelas.com.br\/tvnews\/wp-json\/wp\/v2\/posts\/81191\/revisions"}],"predecessor-version":[{"id":81193,"href":"https:\/\/www.tvnovelas.com.br\/tvnews\/wp-json\/wp\/v2\/posts\/81191\/revisions\/81193"}],"wp:featuredmedia":[{"embeddable":true,"href":"https:\/\/www.tvnovelas.com.br\/tvnews\/wp-json\/wp\/v2\/media\/81192"}],"wp:attachment":[{"href":"https:\/\/www.tvnovelas.com.br\/tvnews\/wp-json\/wp\/v2\/media?parent=81191"}],"wp:term":[{"taxonomy":"category","embeddable":true,"href":"https:\/\/www.tvnovelas.com.br\/tvnews\/wp-json\/wp\/v2\/categories?post=81191"},{"taxonomy":"post_tag","embeddable":true,"href":"https:\/\/www.tvnovelas.com.br\/tvnews\/wp-json\/wp\/v2\/tags?post=81191"}],"curies":[{"name":"wp","href":"https:\/\/api.w.org\/{rel}","templated":true}]}}