{"id":81195,"date":"2025-08-23T08:35:17","date_gmt":"2025-08-23T11:35:17","guid":{"rendered":"https:\/\/www.tvnovelas.com.br\/tvnews\/?p=81195"},"modified":"2025-08-23T08:35:17","modified_gmt":"2025-08-23T11:35:17","slug":"vale-tudo-odete-leva-raquel-a-falencia","status":"publish","type":"post","link":"https:\/\/www.tvnovelas.com.br\/tvnews\/vale-tudo-odete-leva-raquel-a-falencia\/","title":{"rendered":"Vale Tudo: Odete leva Raquel \u00e0 fal\u00eancia"},"content":{"rendered":"<figure id=\"attachment_81196\" aria-describedby=\"caption-attachment-81196\" style=\"width: 728px\" class=\"wp-caption alignnone\"><img data-recalc-dims=\"1\" decoding=\"async\" class=\"wp-image-81196 size-full\" title=\"(Foto: TV Globo\/Vale Tudo)\" src=\"https:\/\/i0.wp.com\/www.tvnovelas.com.br\/tvnews\/wp-content\/uploads\/2025\/08\/11847.jpg?resize=728%2C410&#038;ssl=1\" alt=\"Foto emVale Tudo: Odete leva Raquel \u00e0 fal\u00eancia\" width=\"728\" height=\"410\" srcset=\"https:\/\/i0.wp.com\/www.tvnovelas.com.br\/tvnews\/wp-content\/uploads\/2025\/08\/11847.jpg?w=728&amp;ssl=1 728w, https:\/\/i0.wp.com\/www.tvnovelas.com.br\/tvnews\/wp-content\/uploads\/2025\/08\/11847.jpg?resize=250%2C141&amp;ssl=1 250w\" sizes=\"(max-width: 728px) 100vw, 728px\" \/><figcaption id=\"caption-attachment-81196\" class=\"wp-caption-text\">Vale Tudo: Odete leva Raquel \u00e0 fal\u00eancia<\/figcaption><\/figure>\n<p>Em Vale Tudo, Odete Roitman (Debora Bloch) foi duplamente tra\u00edda. Primeiro por Maria de F\u00e1tima (Bella Campos), que era sua grande aliada em arma\u00e7\u00f5es. A segunda pessoa foi a pr\u00f3pria irm\u00e3, que se tornou s\u00f3cia de sua pior inimiga.<\/p>\n<p>Mas a vil\u00e3 deu um jeito de usar isso a seu favor e obrigou Celina (Malu Galli) a lhe passar as a\u00e7\u00f5es da Paladar. Agora, ela ir\u00e1 saborear a queda de Raquel Acioli (Ta\u00eds Araujo).<\/p>\n<p>Raquel e Poliana (Matheus Nachtergaele) est\u00e3o na Paladar quando s\u00e3o surpreendidos pela entrada s\u00fabita de Odete.<\/p>\n<p>\u201cMas o que \u00e9 isso? A senhora s\u00f3 pode estar louca de entrar aqui desse jeito\u201d, fala Raquel.<\/p>\n<p>\u201cEm dois minutinhos voc\u00ea vai ver que eu posso sim. Posso isso e muito mais. \u201c<\/p>\n<p>A dona da TCA j\u00e1 chega atirando:<\/p>\n<p>\u201cEu estou aqui pra dizer que a Paladar vai fechar amanh\u00e3.\u201d<\/p>\n<p>Odete revela que F\u00e1tima foi desmascarada, que o filho que ela espera pode nem ser de Afonso (Humberto Carr\u00e3o) e que, furiosa, a golpista revelou a sociedade de Celina com a m\u00e3e.<\/p>\n<p>Raquel e Poliana custam a acreditar no que ouvem, mas, aos poucos, a ficha vai caindo. Odete conta que chantageou a irm\u00e3 para ela lhe vender as a\u00e7\u00f5es da empresa, caso contr\u00e1rio contaria tudo a Heleninha (Paolla Oliveira)<\/p>\n<p>\u201cVoc\u00ea vai fechar a Paladar?\u201d, pergunta Raquel.<\/p>\n<p>\u201cNa verdade, eu j\u00e1 fechei e voc\u00eas t\u00eam at\u00e9 amanh\u00e3 pra tirar toda a tralha que quiserem levar daqui.\u201d<br \/>\n<!--FIM--><br \/>\n<strong>Sobre a novela<\/strong><br \/>\n<a href=\"https:\/\/wp.me\/pfspD2-U7\" target=\"_blank\" rel=\"noopener\">Vale Tudo: Conflitos de princ\u00edpios e valores (Sinopse)<\/a><\/p>\n<p><a href=\"https:\/\/wp.me\/pfspD2-oI\" target=\"_blank\" rel=\"noopener\">Vale Tudo: Invers\u00e3o de valores no final dos anos erdade1980<\/a> (Sinopse)<\/p>\n<div style=\"font-size: 120%;\"><h3>Confira tamb\u00e9m<\/h3>\r\n<a href=\"https:\/\/tvnovelas.com.br\/novelas\/\" rel=\"noopener\" target=\"_blank\"><strong>Todos os resumos de novelas<\/strong><\/a><\/br>\r\n<a href=\"https:\/\/www.tvnovelas.com.br\/tvnews\/\" rel=\"noopener\" target=\"_blank\"><strong>\u00daltimas not\u00edcias das novelas<\/strong><\/a><\/br>\r\n<a href=\"https:\/\/www.tvnovelas.com.br\/filmes\/\" target=\"_blank\" rel=\"noopener noreferrer\"><strong>Programa\u00e7\u00e3o de filmes na TV aberta<\/strong><\/a><\/br>\r\n<a href=\"https:\/\/caetenews.com.br\/semana\/filmes-da-globo-na-sessao-da-tarde-desta-semana\/\" target=\"_blank\" rel=\"noopener\"><strong>Confira os filmes da semana na Sess\u00e3o da Tarde<\/strong><\/a><\/br>\r\n<a href=\"https:\/\/classindportal.mj.gov.br\/consulta-filmes\" target=\"_blank\" rel=\"noopener\"><strong>Consulte a classifica\u00e7\u00e3o indicativa dos filmes e novelas<\/strong><\/a><\/br><\/div>\n","protected":false},"excerpt":{"rendered":"<p>Vale Tudo: Odete leva Raquel \u00e0 fal\u00eancia&#8230; Em Vale Tudo, Odete Roitman (Debora Bloch) foi duplamente tra\u00edda. Primeiro por Maria de F\u00e1tima&#8230;<\/p>\n","protected":false},"author":1,"featured_media":81196,"comment_status":"closed","ping_status":"closed","sticky":false,"template":"","format":"standard","meta":{"_uf_show_specific_survey":0,"_uf_disable_surveys":false,"_jetpack_memberships_contains_paid_content":false,"footnotes":"","_wp_rev_ctl_limit":""},"categories":[871],"tags":[5,64,801],"class_list":["post-81195","post","type-post","status-publish","format-standard","has-post-thumbnail","hentry","category-vale-tudo","tag-globo","tag-novelas","tag-vale-tudo","wpcat-871-id"],"aioseo_notices":[],"jetpack_featured_media_url":"https:\/\/i0.wp.com\/www.tvnovelas.com.br\/tvnews\/wp-content\/uploads\/2025\/08\/11847.jpg?fit=728%2C410&ssl=1","jetpack_shortlink":"https:\/\/wp.me\/pdP2BO-l7B","jetpack_sharing_enabled":true,"_links":{"self":[{"href":"https:\/\/www.tvnovelas.com.br\/tvnews\/wp-json\/wp\/v2\/posts\/81195","targetHints":{"allow":["GET"]}}],"collection":[{"href":"https:\/\/www.tvnovelas.com.br\/tvnews\/wp-json\/wp\/v2\/posts"}],"about":[{"href":"https:\/\/www.tvnovelas.com.br\/tvnews\/wp-json\/wp\/v2\/types\/post"}],"author":[{"embeddable":true,"href":"https:\/\/www.tvnovelas.com.br\/tvnews\/wp-json\/wp\/v2\/users\/1"}],"replies":[{"embeddable":true,"href":"https:\/\/www.tvnovelas.com.br\/tvnews\/wp-json\/wp\/v2\/comments?post=81195"}],"version-history":[{"count":1,"href":"https:\/\/www.tvnovelas.com.br\/tvnews\/wp-json\/wp\/v2\/posts\/81195\/revisions"}],"predecessor-version":[{"id":81197,"href":"https:\/\/www.tvnovelas.com.br\/tvnews\/wp-json\/wp\/v2\/posts\/81195\/revisions\/81197"}],"wp:featuredmedia":[{"embeddable":true,"href":"https:\/\/www.tvnovelas.com.br\/tvnews\/wp-json\/wp\/v2\/media\/81196"}],"wp:attachment":[{"href":"https:\/\/www.tvnovelas.com.br\/tvnews\/wp-json\/wp\/v2\/media?parent=81195"}],"wp:term":[{"taxonomy":"category","embeddable":true,"href":"https:\/\/www.tvnovelas.com.br\/tvnews\/wp-json\/wp\/v2\/categories?post=81195"},{"taxonomy":"post_tag","embeddable":true,"href":"https:\/\/www.tvnovelas.com.br\/tvnews\/wp-json\/wp\/v2\/tags?post=81195"}],"curies":[{"name":"wp","href":"https:\/\/api.w.org\/{rel}","templated":true}]}}