{"id":81205,"date":"2025-08-24T08:40:18","date_gmt":"2025-08-24T11:40:18","guid":{"rendered":"https:\/\/www.tvnovelas.com.br\/tvnews\/?p=81205"},"modified":"2025-08-24T08:40:18","modified_gmt":"2025-08-24T11:40:18","slug":"eta-mundo-melhor-por-estela-celso-desiste-de-partir","status":"publish","type":"post","link":"https:\/\/www.tvnovelas.com.br\/tvnews\/eta-mundo-melhor-por-estela-celso-desiste-de-partir\/","title":{"rendered":"\u00cata Mundo Melhor!: Por Estela, Celso desiste de partir"},"content":{"rendered":"<figure id=\"attachment_81206\" aria-describedby=\"caption-attachment-81206\" style=\"width: 727px\" class=\"wp-caption alignnone\"><img data-recalc-dims=\"1\" decoding=\"async\" class=\"wp-image-81206 size-full\" title=\"(Foto: TV Globo\/\u00cata Mundo Melhor!)\" src=\"https:\/\/i0.wp.com\/www.tvnovelas.com.br\/tvnews\/wp-content\/uploads\/2025\/08\/11849.jpg?resize=727%2C410&#038;ssl=1\" alt=\"Foto em \u00cata Mundo Melhor!: Por Estela, Celso desiste de partir\" width=\"727\" height=\"410\" srcset=\"https:\/\/i0.wp.com\/www.tvnovelas.com.br\/tvnews\/wp-content\/uploads\/2025\/08\/11849.jpg?w=727&amp;ssl=1 727w, https:\/\/i0.wp.com\/www.tvnovelas.com.br\/tvnews\/wp-content\/uploads\/2025\/08\/11849.jpg?resize=250%2C141&amp;ssl=1 250w\" sizes=\"(max-width: 727px) 100vw, 727px\" \/><figcaption id=\"caption-attachment-81206\" class=\"wp-caption-text\">\u00cata Mundo Melhor!: Por Estela, Celso desiste de partir<\/figcaption><\/figure>\n<p>Em \u2018\u00cata Mundo Melhor!\u2019, dpois de ser dispensado por Estela (Larissa Manoela), Celso (Rainer Cadete) teve que encerrar o golpe na f\u00e1brica ap\u00f3s Candinho (Sergio Guiz\u00e9) descobrir que ele andou usando farinha de m\u00e1 qualidade. O caipira ficar\u00e1 surpreso quando seu primo pegar as malas e partir de vez.<\/p>\n<p>Celso se despede de Candinho e afirma que n\u00e3o tem mais nada para fazer na cidade depois que Estela decidiu terminar a rela\u00e7\u00e3o. Inconformado com essa decis\u00e3o, o dono dos biscoitos Policarpo procura a enfermeira no hospital e ela pergunta o teor da conversa.<\/p>\n<p>&#8220;O Cerso! Ele t\u00e1 indo imbora pra sempre. Disse que num qu\u00e9 fica mais aqui sem oc\u00ea. Num podemo dex\u00e1 ele parti! [&#8230;] Se oc\u00ea num vi\u00e9 agora cum eu, o Cerso some e nunca mais aparece.&#8221;<\/p>\n<p>Ao escutar o conselho de Candinho, Estela confessa que ama Celso e que vai atr\u00e1s do seu grande amor.<br \/>\n<!--FIM--><\/p>\n<h2>Sobre a novela:<\/h2>\n<p><a href=\"https:\/\/tvnovelas.com.br\/page2\/arquivo\/eta-mundo-melhor-a-volta-de-candinho-e-policarpo\/&quot;\" target=\"_blank\" rel=\"noopener\">\u00cata Mundo Melhor!: A volta de Candinho e Policarpo<\/a> (Sinopse)<br \/>\n<a href=\"https:\/\/pt.wikipedia.org\/wiki\/%C3%8Ata_Mundo_Melhor!\" target=\"_blank\" rel=\"noopener\">Sobre \u00cata Mundo Melhor!, na Wikipedia<\/a><\/p>\n<div style=\"font-size: 120%;\"><h3>Confira tamb\u00e9m<\/h3>\r\n<a href=\"https:\/\/tvnovelas.com.br\/novelas\/\" rel=\"noopener\" target=\"_blank\"><strong>Todos os resumos de novelas<\/strong><\/a><\/br>\r\n<a href=\"https:\/\/www.tvnovelas.com.br\/tvnews\/\" rel=\"noopener\" target=\"_blank\"><strong>\u00daltimas not\u00edcias das novelas<\/strong><\/a><\/br>\r\n<a href=\"https:\/\/www.tvnovelas.com.br\/filmes\/\" target=\"_blank\" rel=\"noopener noreferrer\"><strong>Programa\u00e7\u00e3o de filmes na TV aberta<\/strong><\/a><\/br>\r\n<a href=\"https:\/\/caetenews.com.br\/semana\/filmes-da-globo-na-sessao-da-tarde-desta-semana\/\" target=\"_blank\" rel=\"noopener\"><strong>Confira os filmes da semana na Sess\u00e3o da Tarde<\/strong><\/a><\/br>\r\n<a href=\"https:\/\/classindportal.mj.gov.br\/consulta-filmes\" target=\"_blank\" rel=\"noopener\"><strong>Consulte a classifica\u00e7\u00e3o indicativa dos filmes e novelas<\/strong><\/a><\/br><\/div>\n","protected":false},"excerpt":{"rendered":"<p>\u00cata Mundo Melhor!: Por Estela, Celso desiste de partir&#8230; Em \u2018\u00cata Mundo Melhor!\u2019, dpois de ser dispensado por Estela (Larissa Manoela), Celso&#8230;<\/p>\n","protected":false},"author":1,"featured_media":81206,"comment_status":"closed","ping_status":"closed","sticky":false,"template":"","format":"standard","meta":{"_uf_show_specific_survey":0,"_uf_disable_surveys":false,"_jetpack_memberships_contains_paid_content":false,"footnotes":"","_wp_rev_ctl_limit":""},"categories":[920],"tags":[921,5,64],"class_list":["post-81205","post","type-post","status-publish","format-standard","has-post-thumbnail","hentry","category-eta-mundo-melhor","tag-eta-mundo-melhor","tag-globo","tag-novelas","wpcat-920-id"],"aioseo_notices":[],"jetpack_featured_media_url":"https:\/\/i0.wp.com\/www.tvnovelas.com.br\/tvnews\/wp-content\/uploads\/2025\/08\/11849.jpg?fit=727%2C410&ssl=1","jetpack_shortlink":"https:\/\/wp.me\/pdP2BO-l7L","jetpack_sharing_enabled":true,"_links":{"self":[{"href":"https:\/\/www.tvnovelas.com.br\/tvnews\/wp-json\/wp\/v2\/posts\/81205","targetHints":{"allow":["GET"]}}],"collection":[{"href":"https:\/\/www.tvnovelas.com.br\/tvnews\/wp-json\/wp\/v2\/posts"}],"about":[{"href":"https:\/\/www.tvnovelas.com.br\/tvnews\/wp-json\/wp\/v2\/types\/post"}],"author":[{"embeddable":true,"href":"https:\/\/www.tvnovelas.com.br\/tvnews\/wp-json\/wp\/v2\/users\/1"}],"replies":[{"embeddable":true,"href":"https:\/\/www.tvnovelas.com.br\/tvnews\/wp-json\/wp\/v2\/comments?post=81205"}],"version-history":[{"count":1,"href":"https:\/\/www.tvnovelas.com.br\/tvnews\/wp-json\/wp\/v2\/posts\/81205\/revisions"}],"predecessor-version":[{"id":81207,"href":"https:\/\/www.tvnovelas.com.br\/tvnews\/wp-json\/wp\/v2\/posts\/81205\/revisions\/81207"}],"wp:featuredmedia":[{"embeddable":true,"href":"https:\/\/www.tvnovelas.com.br\/tvnews\/wp-json\/wp\/v2\/media\/81206"}],"wp:attachment":[{"href":"https:\/\/www.tvnovelas.com.br\/tvnews\/wp-json\/wp\/v2\/media?parent=81205"}],"wp:term":[{"taxonomy":"category","embeddable":true,"href":"https:\/\/www.tvnovelas.com.br\/tvnews\/wp-json\/wp\/v2\/categories?post=81205"},{"taxonomy":"post_tag","embeddable":true,"href":"https:\/\/www.tvnovelas.com.br\/tvnews\/wp-json\/wp\/v2\/tags?post=81205"}],"curies":[{"name":"wp","href":"https:\/\/api.w.org\/{rel}","templated":true}]}}