{"id":81221,"date":"2025-08-24T12:09:45","date_gmt":"2025-08-24T15:09:45","guid":{"rendered":"https:\/\/www.tvnovelas.com.br\/tvnews\/?p=81221"},"modified":"2025-08-24T12:09:45","modified_gmt":"2025-08-24T15:09:45","slug":"vale-tudo-fatima-flagra-cesar-e-odete-juntos","status":"publish","type":"post","link":"https:\/\/www.tvnovelas.com.br\/tvnews\/vale-tudo-fatima-flagra-cesar-e-odete-juntos\/","title":{"rendered":"Vale Tudo: F\u00e1tima flagra C\u00e9sar e Odete juntos"},"content":{"rendered":"<figure id=\"attachment_81222\" aria-describedby=\"caption-attachment-81222\" style=\"width: 728px\" class=\"wp-caption alignnone\"><img data-recalc-dims=\"1\" decoding=\"async\" class=\"wp-image-81222 size-full\" title=\"(Foto: TV Globo\/Vale Tudo)\" src=\"https:\/\/i0.wp.com\/www.tvnovelas.com.br\/tvnews\/wp-content\/uploads\/2025\/08\/11854.jpg?resize=728%2C410&#038;ssl=1\" alt=\"Foto em Vale Tudo: F\u00e1tima flagra C\u00e9sar e Odete juntos\" width=\"728\" height=\"410\" srcset=\"https:\/\/i0.wp.com\/www.tvnovelas.com.br\/tvnews\/wp-content\/uploads\/2025\/08\/11854.jpg?w=728&amp;ssl=1 728w, https:\/\/i0.wp.com\/www.tvnovelas.com.br\/tvnews\/wp-content\/uploads\/2025\/08\/11854.jpg?resize=250%2C141&amp;ssl=1 250w\" sizes=\"(max-width: 728px) 100vw, 728px\" \/><figcaption id=\"caption-attachment-81222\" class=\"wp-caption-text\">Vale Tudo: F\u00e1tima flagra C\u00e9sar e Odete juntos<\/figcaption><\/figure>\n<p>Em Vale Tudo, C\u00e9sar (Cau\u00e3 Reymond) est\u00e1 com a vida que pediu a Deus ao lado de Odete (Debora Bloch). Mas tem uma pessoa que n\u00e3o vai gostar nada deste novo casal: Maria de F\u00e1tima (Bella Campos). Tendo sido humilhada de todas as maneiras pelos Roitman depois que seu caso com o modelo foi descoberto, ela agora vai amargar outra derrota.<\/p>\n<p>Desde que desapareceu do apart hotel, F\u00e1tima j\u00e1 imaginava que C\u00e9sar estava com outra mulher, mas ela jamais cogitaria que seria justamente com sua ex-sogra e ex-aliada. A golpista fica sabendo atrav\u00e9s de Poliana (Matheus Nachtergaele) e, quando vai ao hotel em que a dona da TCA mora, encontra os dois juntos.<\/p>\n<p>\u201cEu n\u00e3o t\u00f4 acreditando no que eu t\u00f4 vendo? O que \u00e9 que est\u00e1 acontecendo aqui, C\u00e9sar?<\/p>\n<p>Odete n\u00e3o se abala ao descobrir que C\u00e9sar era o amante de F\u00e1tima e os dois n\u00e3o ter\u00e3o pena dela. O modelo vai garantir a sua \u201cex\u201d que est\u00e1 muito feliz com sua rela\u00e7\u00e3o com a empres\u00e1ria. A golpista levar\u00e1 mais um balde de humilha\u00e7\u00f5es&#8230;<br \/>\n<!--FIM--><br \/>\n<strong>Sobre a novela<\/strong><br \/>\n<a href=\"https:\/\/wp.me\/pfspD2-U7\" target=\"_blank\" rel=\"noopener\">Vale Tudo: Conflitos de princ\u00edpios e valores (Sinopse)<\/a><\/p>\n<p><a href=\"https:\/\/wp.me\/pfspD2-oI\" target=\"_blank\" rel=\"noopener\">Vale Tudo: Invers\u00e3o de valores no final dos anos erdade1980<\/a> (Sinopse)<\/p>\n<div style=\"font-size: 120%;\"><h3>Confira tamb\u00e9m<\/h3>\r\n<a href=\"https:\/\/tvnovelas.com.br\/novelas\/\" rel=\"noopener\" target=\"_blank\"><strong>Todos os resumos de novelas<\/strong><\/a><\/br>\r\n<a href=\"https:\/\/www.tvnovelas.com.br\/tvnews\/\" rel=\"noopener\" target=\"_blank\"><strong>\u00daltimas not\u00edcias das novelas<\/strong><\/a><\/br>\r\n<a href=\"https:\/\/www.tvnovelas.com.br\/filmes\/\" target=\"_blank\" rel=\"noopener noreferrer\"><strong>Programa\u00e7\u00e3o de filmes na TV aberta<\/strong><\/a><\/br>\r\n<a href=\"https:\/\/caetenews.com.br\/semana\/filmes-da-globo-na-sessao-da-tarde-desta-semana\/\" target=\"_blank\" rel=\"noopener\"><strong>Confira os filmes da semana na Sess\u00e3o da Tarde<\/strong><\/a><\/br>\r\n<a href=\"https:\/\/classindportal.mj.gov.br\/consulta-filmes\" target=\"_blank\" rel=\"noopener\"><strong>Consulte a classifica\u00e7\u00e3o indicativa dos filmes e novelas<\/strong><\/a><\/br><\/div>\n","protected":false},"excerpt":{"rendered":"<p>Vale Tudo: F\u00e1tima flagra C\u00e9sar e Odete juntos&#8230; Em Vale Tudo, C\u00e9sar (Cau\u00e3 Reymond) est\u00e1 com a vida que pediu a Deus ao lado de Odete&#8230;<\/p>\n","protected":false},"author":1,"featured_media":81222,"comment_status":"closed","ping_status":"closed","sticky":false,"template":"","format":"standard","meta":{"_uf_show_specific_survey":0,"_uf_disable_surveys":false,"_jetpack_memberships_contains_paid_content":false,"footnotes":"","_wp_rev_ctl_limit":""},"categories":[871],"tags":[5,64,801],"class_list":["post-81221","post","type-post","status-publish","format-standard","has-post-thumbnail","hentry","category-vale-tudo","tag-globo","tag-novelas","tag-vale-tudo","wpcat-871-id"],"aioseo_notices":[],"jetpack_featured_media_url":"https:\/\/i0.wp.com\/www.tvnovelas.com.br\/tvnews\/wp-content\/uploads\/2025\/08\/11854.jpg?fit=728%2C410&ssl=1","jetpack_shortlink":"https:\/\/wp.me\/pdP2BO-l81","jetpack_sharing_enabled":true,"_links":{"self":[{"href":"https:\/\/www.tvnovelas.com.br\/tvnews\/wp-json\/wp\/v2\/posts\/81221","targetHints":{"allow":["GET"]}}],"collection":[{"href":"https:\/\/www.tvnovelas.com.br\/tvnews\/wp-json\/wp\/v2\/posts"}],"about":[{"href":"https:\/\/www.tvnovelas.com.br\/tvnews\/wp-json\/wp\/v2\/types\/post"}],"author":[{"embeddable":true,"href":"https:\/\/www.tvnovelas.com.br\/tvnews\/wp-json\/wp\/v2\/users\/1"}],"replies":[{"embeddable":true,"href":"https:\/\/www.tvnovelas.com.br\/tvnews\/wp-json\/wp\/v2\/comments?post=81221"}],"version-history":[{"count":1,"href":"https:\/\/www.tvnovelas.com.br\/tvnews\/wp-json\/wp\/v2\/posts\/81221\/revisions"}],"predecessor-version":[{"id":81223,"href":"https:\/\/www.tvnovelas.com.br\/tvnews\/wp-json\/wp\/v2\/posts\/81221\/revisions\/81223"}],"wp:featuredmedia":[{"embeddable":true,"href":"https:\/\/www.tvnovelas.com.br\/tvnews\/wp-json\/wp\/v2\/media\/81222"}],"wp:attachment":[{"href":"https:\/\/www.tvnovelas.com.br\/tvnews\/wp-json\/wp\/v2\/media?parent=81221"}],"wp:term":[{"taxonomy":"category","embeddable":true,"href":"https:\/\/www.tvnovelas.com.br\/tvnews\/wp-json\/wp\/v2\/categories?post=81221"},{"taxonomy":"post_tag","embeddable":true,"href":"https:\/\/www.tvnovelas.com.br\/tvnews\/wp-json\/wp\/v2\/tags?post=81221"}],"curies":[{"name":"wp","href":"https:\/\/api.w.org\/{rel}","templated":true}]}}