{"id":81287,"date":"2025-08-26T11:09:16","date_gmt":"2025-08-26T14:09:16","guid":{"rendered":"https:\/\/www.tvnovelas.com.br\/tvnews\/?p=81287"},"modified":"2025-08-26T11:09:16","modified_gmt":"2025-08-26T14:09:16","slug":"a-caverna-encantada-anna-quebra-as-regras-e-foge-do-grupo","status":"publish","type":"post","link":"https:\/\/www.tvnovelas.com.br\/tvnews\/a-caverna-encantada-anna-quebra-as-regras-e-foge-do-grupo\/","title":{"rendered":"A Caverna Encantada: Anna quebra as regras e foge do grupo"},"content":{"rendered":"<figure id=\"attachment_81291\" aria-describedby=\"caption-attachment-81291\" style=\"width: 639px\" class=\"wp-caption alignnone\"><img data-recalc-dims=\"1\" decoding=\"async\" class=\"wp-image-81291 size-full\" title=\"(Foto: SBT\/A Caverna Encantada)\" src=\"https:\/\/i0.wp.com\/www.tvnovelas.com.br\/tvnews\/wp-content\/uploads\/2025\/08\/11864.jpg?resize=639%2C410&#038;ssl=1\" alt=\"Foto em A Caverna Encantada: Anna quebra as regras e foge do grupo\" width=\"639\" height=\"410\" srcset=\"https:\/\/i0.wp.com\/www.tvnovelas.com.br\/tvnews\/wp-content\/uploads\/2025\/08\/11864.jpg?w=639&amp;ssl=1 639w, https:\/\/i0.wp.com\/www.tvnovelas.com.br\/tvnews\/wp-content\/uploads\/2025\/08\/11864.jpg?resize=250%2C160&amp;ssl=1 250w\" sizes=\"(max-width: 639px) 100vw, 639px\" \/><figcaption id=\"caption-attachment-81291\" class=\"wp-caption-text\">A Caverna Encantada: Anna quebra as regras e foge do grupo<\/figcaption><\/figure>\n<p>No cap\u00edtulo de A Caverna Encantada desta ter\u00e7a, dia 26,Mateus anuncia o fim das buscas por aquele dia, mas Anna n\u00e3o concorda, foge do grupo e acaba se perdendo na mata.<\/p>\n<p>Enquanto isso, no primeiro dia de trabalho, Cristina auxilia a professora Pilar. C\u00e9sar tenta avisar Elisa de que est\u00e1 se mudando para uma fazenda, mas ela n\u00e3o d\u00e1 bola.<\/p>\n<p>E mais: Dalete ajuda Norma a se arrumar para um encontro rom\u00e2ntico. Faf\u00e1 d\u00e1 in\u00edcio \u00e0 produ\u00e7\u00e3o de seu reality show.<br \/>\n<!--FIM--><\/p>\n<div style=\"font-size: 120%;\"><h3>Confira tamb\u00e9m<\/h3>\r\n<a href=\"https:\/\/tvnovelas.com.br\/novelas\/\" rel=\"noopener\" target=\"_blank\"><strong>Todos os resumos de novelas<\/strong><\/a><\/br>\r\n<a href=\"https:\/\/www.tvnovelas.com.br\/tvnews\/\" rel=\"noopener\" target=\"_blank\"><strong>\u00daltimas not\u00edcias das novelas<\/strong><\/a><\/br>\r\n<a href=\"https:\/\/www.tvnovelas.com.br\/filmes\/\" target=\"_blank\" rel=\"noopener noreferrer\"><strong>Programa\u00e7\u00e3o de filmes na TV aberta<\/strong><\/a><\/br>\r\n<a href=\"https:\/\/caetenews.com.br\/semana\/filmes-da-globo-na-sessao-da-tarde-desta-semana\/\" target=\"_blank\" rel=\"noopener\"><strong>Confira os filmes da semana na Sess\u00e3o da Tarde<\/strong><\/a><\/br>\r\n<a href=\"https:\/\/classindportal.mj.gov.br\/consulta-filmes\" target=\"_blank\" rel=\"noopener\"><strong>Consulte a classifica\u00e7\u00e3o indicativa dos filmes e novelas<\/strong><\/a><\/br><\/div>\n","protected":false},"excerpt":{"rendered":"<p>A Caverna Encantada: Anna quebra as regras e foge do grupo&#8230; No cap\u00edtulo de A Caverna Encantada desta ter\u00e7a, dia 26,Mateus anuncia o fim das buscas&#8230;<\/p>\n","protected":false},"author":1,"featured_media":81291,"comment_status":"closed","ping_status":"closed","sticky":false,"template":"","format":"standard","meta":{"_uf_show_specific_survey":0,"_uf_disable_surveys":false,"_jetpack_memberships_contains_paid_content":false,"footnotes":"","_wp_rev_ctl_limit":""},"categories":[766],"tags":[767,971,969,64,970,13],"class_list":["post-81287","post","type-post","status-publish","format-standard","has-post-thumbnail","hentry","category-a-caverna-encantada","tag-a-caverna-encantada","tag-fazenda","tag-mata","tag-novelas","tag-reality-show","tag-sbt","wpcat-766-id"],"aioseo_notices":[],"jetpack_featured_media_url":"https:\/\/i0.wp.com\/www.tvnovelas.com.br\/tvnews\/wp-content\/uploads\/2025\/08\/11864.jpg?fit=639%2C410&ssl=1","jetpack_shortlink":"https:\/\/wp.me\/pdP2BO-l95","jetpack_sharing_enabled":true,"_links":{"self":[{"href":"https:\/\/www.tvnovelas.com.br\/tvnews\/wp-json\/wp\/v2\/posts\/81287","targetHints":{"allow":["GET"]}}],"collection":[{"href":"https:\/\/www.tvnovelas.com.br\/tvnews\/wp-json\/wp\/v2\/posts"}],"about":[{"href":"https:\/\/www.tvnovelas.com.br\/tvnews\/wp-json\/wp\/v2\/types\/post"}],"author":[{"embeddable":true,"href":"https:\/\/www.tvnovelas.com.br\/tvnews\/wp-json\/wp\/v2\/users\/1"}],"replies":[{"embeddable":true,"href":"https:\/\/www.tvnovelas.com.br\/tvnews\/wp-json\/wp\/v2\/comments?post=81287"}],"version-history":[{"count":2,"href":"https:\/\/www.tvnovelas.com.br\/tvnews\/wp-json\/wp\/v2\/posts\/81287\/revisions"}],"predecessor-version":[{"id":81292,"href":"https:\/\/www.tvnovelas.com.br\/tvnews\/wp-json\/wp\/v2\/posts\/81287\/revisions\/81292"}],"wp:featuredmedia":[{"embeddable":true,"href":"https:\/\/www.tvnovelas.com.br\/tvnews\/wp-json\/wp\/v2\/media\/81291"}],"wp:attachment":[{"href":"https:\/\/www.tvnovelas.com.br\/tvnews\/wp-json\/wp\/v2\/media?parent=81287"}],"wp:term":[{"taxonomy":"category","embeddable":true,"href":"https:\/\/www.tvnovelas.com.br\/tvnews\/wp-json\/wp\/v2\/categories?post=81287"},{"taxonomy":"post_tag","embeddable":true,"href":"https:\/\/www.tvnovelas.com.br\/tvnews\/wp-json\/wp\/v2\/tags?post=81287"}],"curies":[{"name":"wp","href":"https:\/\/api.w.org\/{rel}","templated":true}]}}