{"id":81295,"date":"2025-08-26T11:25:15","date_gmt":"2025-08-26T14:25:15","guid":{"rendered":"https:\/\/www.tvnovelas.com.br\/tvnews\/?p=81295"},"modified":"2025-08-26T11:25:15","modified_gmt":"2025-08-26T14:25:15","slug":"vale-tudo-fatima-conta-a-afonso-caso-de-odete-e-cesar","status":"publish","type":"post","link":"https:\/\/www.tvnovelas.com.br\/tvnews\/vale-tudo-fatima-conta-a-afonso-caso-de-odete-e-cesar\/","title":{"rendered":"Vale Tudo: F\u00e1tima conta a Afonso caso de Odete e C\u00e9sar"},"content":{"rendered":"<figure id=\"attachment_81296\" aria-describedby=\"caption-attachment-81296\" style=\"width: 728px\" class=\"wp-caption alignnone\"><img data-recalc-dims=\"1\" decoding=\"async\" class=\"wp-image-81296 size-full\" title=\"(Foto: TV Globo\/Vale Tudo)\" src=\"https:\/\/i0.wp.com\/www.tvnovelas.com.br\/tvnews\/wp-content\/uploads\/2025\/08\/11865.jpg?resize=728%2C410&#038;ssl=1\" alt=\"Foto em Vale Tudo: F\u00e1tima conta a Afonso caso de Odete e C\u00e9sar\" width=\"728\" height=\"410\" srcset=\"https:\/\/i0.wp.com\/www.tvnovelas.com.br\/tvnews\/wp-content\/uploads\/2025\/08\/11865.jpg?w=728&amp;ssl=1 728w, https:\/\/i0.wp.com\/www.tvnovelas.com.br\/tvnews\/wp-content\/uploads\/2025\/08\/11865.jpg?resize=250%2C141&amp;ssl=1 250w\" sizes=\"(max-width: 728px) 100vw, 728px\" \/><figcaption id=\"caption-attachment-81296\" class=\"wp-caption-text\">Vale Tudo: F\u00e1tima conta a Afonso caso de Odete e C\u00e9sar<\/figcaption><\/figure>\n<p>Em Vale Tudo, F\u00e1tima (Bella Campos) j\u00e1 usou todas as chantagens poss\u00edveis para conseguir vantagem, mas nada deu certo. Nem C\u00e9sar (Cau\u00e3 Reymond), nem Odete (Debora Bloch), nem Marco Aur\u00e9lio (Alexandre Nero) deram import\u00e2ncia \u00e0s suas amea\u00e7as. Humilhada por todos os ex-aliados, ela decide procurar Afonso (Humberto Carr\u00e3o) e revelar todos os podres que sabe \u2013 incluindo o caso de Odete com C\u00e9sar.<\/p>\n<p>F\u00e1tima chega na mans\u00e3o dos Roitman disposta a contar todos os segredos que guarda de Odete para Afonso. O herdeiro n\u00e3o d\u00e1 muita import\u00e2ncia, diz que j\u00e1 conhece bem a m\u00e3e que tem. Engano seu, Afonso:<\/p>\n<p>\u201cAh \u00e9. E voc\u00ea sabe por exemplo que a sua m\u00e3e est\u00e1 apaixonada pelo C\u00e9sar Ribeiro?\u201d, solta F\u00e1tima.<\/p>\n<p>\u201cComo \u00e9 que \u00e9? A minha m\u00e3e est\u00e1 com o C\u00e9sar?\u201d<\/p>\n<p>Ela n\u00e3o para por a\u00ed e revela todas as arma\u00e7\u00f5es que fez com Odete para conquist\u00e1-lo. Desesperada para um aliado, F\u00e1tima diz que, assim como ele, tamb\u00e9m foi tra\u00edda e faz uma proposta ao ex-marido:<\/p>\n<p>\u201cEu e voc\u00ea fomos tra\u00eddos. E a gente tem que se vingar. \u201c<br \/>\n<!--FIM--><br \/>\n<strong>Sobre a novela<\/strong><br \/>\n<a href=\"https:\/\/wp.me\/pfspD2-U7\" target=\"_blank\" rel=\"noopener\">Vale Tudo: Conflitos de princ\u00edpios e valores (Sinopse)<\/a><\/p>\n<p><a href=\"https:\/\/wp.me\/pfspD2-oI\" target=\"_blank\" rel=\"noopener\">Vale Tudo: Invers\u00e3o de valores no final dos anos erdade1980<\/a> (Sinopse)<\/p>\n<div style=\"font-size: 120%;\"><h3>Confira tamb\u00e9m<\/h3>\r\n<a href=\"https:\/\/tvnovelas.com.br\/novelas\/\" rel=\"noopener\" target=\"_blank\"><strong>Todos os resumos de novelas<\/strong><\/a><\/br>\r\n<a href=\"https:\/\/www.tvnovelas.com.br\/tvnews\/\" rel=\"noopener\" target=\"_blank\"><strong>\u00daltimas not\u00edcias das novelas<\/strong><\/a><\/br>\r\n<a href=\"https:\/\/www.tvnovelas.com.br\/filmes\/\" target=\"_blank\" rel=\"noopener noreferrer\"><strong>Programa\u00e7\u00e3o de filmes na TV aberta<\/strong><\/a><\/br>\r\n<a href=\"https:\/\/caetenews.com.br\/semana\/filmes-da-globo-na-sessao-da-tarde-desta-semana\/\" target=\"_blank\" rel=\"noopener\"><strong>Confira os filmes da semana na Sess\u00e3o da Tarde<\/strong><\/a><\/br>\r\n<a href=\"https:\/\/classindportal.mj.gov.br\/consulta-filmes\" target=\"_blank\" rel=\"noopener\"><strong>Consulte a classifica\u00e7\u00e3o indicativa dos filmes e novelas<\/strong><\/a><\/br><\/div>\n","protected":false},"excerpt":{"rendered":"<p>Vale Tudo: F\u00e1tima conta a Afonso caso de Odete e C\u00e9sar&#8230;  Em Vale Tudo, F\u00e1tima (Bella Campos) j\u00e1 usou todas as chantagens poss\u00edveis para conseguir&#8230;<\/p>\n","protected":false},"author":1,"featured_media":81296,"comment_status":"closed","ping_status":"closed","sticky":false,"template":"","format":"standard","meta":{"_uf_show_specific_survey":0,"_uf_disable_surveys":false,"_jetpack_memberships_contains_paid_content":false,"footnotes":"","_wp_rev_ctl_limit":""},"categories":[871],"tags":[5,64,801],"class_list":["post-81295","post","type-post","status-publish","format-standard","has-post-thumbnail","hentry","category-vale-tudo","tag-globo","tag-novelas","tag-vale-tudo","wpcat-871-id"],"aioseo_notices":[],"jetpack_featured_media_url":"https:\/\/i0.wp.com\/www.tvnovelas.com.br\/tvnews\/wp-content\/uploads\/2025\/08\/11865.jpg?fit=728%2C410&ssl=1","jetpack_shortlink":"https:\/\/wp.me\/pdP2BO-l9d","jetpack_sharing_enabled":true,"_links":{"self":[{"href":"https:\/\/www.tvnovelas.com.br\/tvnews\/wp-json\/wp\/v2\/posts\/81295","targetHints":{"allow":["GET"]}}],"collection":[{"href":"https:\/\/www.tvnovelas.com.br\/tvnews\/wp-json\/wp\/v2\/posts"}],"about":[{"href":"https:\/\/www.tvnovelas.com.br\/tvnews\/wp-json\/wp\/v2\/types\/post"}],"author":[{"embeddable":true,"href":"https:\/\/www.tvnovelas.com.br\/tvnews\/wp-json\/wp\/v2\/users\/1"}],"replies":[{"embeddable":true,"href":"https:\/\/www.tvnovelas.com.br\/tvnews\/wp-json\/wp\/v2\/comments?post=81295"}],"version-history":[{"count":1,"href":"https:\/\/www.tvnovelas.com.br\/tvnews\/wp-json\/wp\/v2\/posts\/81295\/revisions"}],"predecessor-version":[{"id":81297,"href":"https:\/\/www.tvnovelas.com.br\/tvnews\/wp-json\/wp\/v2\/posts\/81295\/revisions\/81297"}],"wp:featuredmedia":[{"embeddable":true,"href":"https:\/\/www.tvnovelas.com.br\/tvnews\/wp-json\/wp\/v2\/media\/81296"}],"wp:attachment":[{"href":"https:\/\/www.tvnovelas.com.br\/tvnews\/wp-json\/wp\/v2\/media?parent=81295"}],"wp:term":[{"taxonomy":"category","embeddable":true,"href":"https:\/\/www.tvnovelas.com.br\/tvnews\/wp-json\/wp\/v2\/categories?post=81295"},{"taxonomy":"post_tag","embeddable":true,"href":"https:\/\/www.tvnovelas.com.br\/tvnews\/wp-json\/wp\/v2\/tags?post=81295"}],"curies":[{"name":"wp","href":"https:\/\/api.w.org\/{rel}","templated":true}]}}