{"id":81326,"date":"2025-08-27T08:20:34","date_gmt":"2025-08-27T11:20:34","guid":{"rendered":"https:\/\/www.tvnovelas.com.br\/tvnews\/?p=81326"},"modified":"2025-08-27T08:20:34","modified_gmt":"2025-08-27T11:20:34","slug":"eta-mundo-melhor-estela-recusa-flores-de-celso","status":"publish","type":"post","link":"https:\/\/www.tvnovelas.com.br\/tvnews\/eta-mundo-melhor-estela-recusa-flores-de-celso\/","title":{"rendered":"\u00cata Mundo Melhor!: Estela recusa flores de Celso"},"content":{"rendered":"<figure id=\"attachment_81327\" aria-describedby=\"caption-attachment-81327\" style=\"width: 728px\" class=\"wp-caption alignnone\"><img data-recalc-dims=\"1\" decoding=\"async\" class=\"wp-image-81327 size-full\" title=\"(Foto: TV Globo\/\u00cata Mundo Melhor!)\" src=\"https:\/\/i0.wp.com\/www.tvnovelas.com.br\/tvnews\/wp-content\/uploads\/2025\/08\/11870.jpg?resize=728%2C410&#038;ssl=1\" alt=\"Foto em \u00cata Mundo Melhor!: Estela recusa flores de Celso\" width=\"728\" height=\"410\" srcset=\"https:\/\/i0.wp.com\/www.tvnovelas.com.br\/tvnews\/wp-content\/uploads\/2025\/08\/11870.jpg?w=728&amp;ssl=1 728w, https:\/\/i0.wp.com\/www.tvnovelas.com.br\/tvnews\/wp-content\/uploads\/2025\/08\/11870.jpg?resize=250%2C141&amp;ssl=1 250w\" sizes=\"(max-width: 728px) 100vw, 728px\" \/><figcaption id=\"caption-attachment-81327\" class=\"wp-caption-text\">\u00cata Mundo Melhor!: Estela recusa flores de Celso<\/figcaption><\/figure>\n<p>Em \u00cata Mundo Melhor!, Celso (Rainer Cadete) ficou atordoado quando Estela (Larissa Manoela) revelou que j\u00e1 morou com outro homem e que n\u00e3o \u00e9 mais &#8220;mo\u00e7a&#8221;. Primeiro, ele foi para um bar beber e descontou a sua raiva no gar\u00e7om do estabelecimento. Depois, com a cabe\u00e7a mais fria, ele pediu conselhos a Candinho (Sergio Guiz\u00e9) sobre o futuro da sua rela\u00e7\u00e3o.<\/p>\n<p>Durante a conversa, Candinho orientou o primo a esquecer o passado da enfermeira e a lutar por esse amor. Nos pr\u00f3ximos cap\u00edtulos de \u00cata Mundo Melhor!, Celso procura Estela e segue a sugest\u00e3o do caipira. Para isso, ele vai at\u00e9 a casa da namorada carregando um buqu\u00ea de flores.<\/p>\n<p>Estela fica surpresa ao se deparar com Celso no meio da rua. Ele toma coragem e oferece o ramalhete.<\/p>\n<p>&#8220;Eu vim pedir o seu perd\u00e3o. Fui um imbecil. Nada do que contou muda o que sinto por voc\u00ea. Eu te amo, Estela. Mais que a mim mesmo. Por favor, aceite essas flores como prova de meu mais profundo arrependimento.&#8221;<\/p>\n<p>Por\u00e9m, para a sua surpresa, Estela demonstra toda a sua m\u00e1goa desde o \u00faltimo encontro e n\u00e3o aceita o presente:<\/p>\n<p>&#8220;N\u00e3o quero nada de voc\u00ea!&#8221;<br \/>\n<!--FIM--><\/p>\n<h2>Sobre a novela:<\/h2>\n<p><a href=\"https:\/\/tvnovelas.com.br\/page2\/arquivo\/eta-mundo-melhor-a-volta-de-candinho-e-policarpo\/&quot;\" target=\"_blank\" rel=\"noopener\">\u00cata Mundo Melhor!: A volta de Candinho e Policarpo<\/a> (Sinopse)<br \/>\n<a href=\"https:\/\/pt.wikipedia.org\/wiki\/%C3%8Ata_Mundo_Melhor!\" target=\"_blank\" rel=\"noopener\">Sobre \u00cata Mundo Melhor!, na Wikipedia<\/a><\/p>\n<div style=\"font-size: 120%;\"><h3>Confira tamb\u00e9m<\/h3>\r\n<a href=\"https:\/\/tvnovelas.com.br\/novelas\/\" rel=\"noopener\" target=\"_blank\"><strong>Todos os resumos de novelas<\/strong><\/a><\/br>\r\n<a href=\"https:\/\/www.tvnovelas.com.br\/tvnews\/\" rel=\"noopener\" target=\"_blank\"><strong>\u00daltimas not\u00edcias das novelas<\/strong><\/a><\/br>\r\n<a href=\"https:\/\/www.tvnovelas.com.br\/filmes\/\" target=\"_blank\" rel=\"noopener noreferrer\"><strong>Programa\u00e7\u00e3o de filmes na TV aberta<\/strong><\/a><\/br>\r\n<a href=\"https:\/\/caetenews.com.br\/semana\/filmes-da-globo-na-sessao-da-tarde-desta-semana\/\" target=\"_blank\" rel=\"noopener\"><strong>Confira os filmes da semana na Sess\u00e3o da Tarde<\/strong><\/a><\/br>\r\n<a href=\"https:\/\/classindportal.mj.gov.br\/consulta-filmes\" target=\"_blank\" rel=\"noopener\"><strong>Consulte a classifica\u00e7\u00e3o indicativa dos filmes e novelas<\/strong><\/a><\/br><\/div>\n","protected":false},"excerpt":{"rendered":"<p>\u00cata Mundo Melhor!: Estela recusa flores de Celso&#8230;<\/p>\n","protected":false},"author":1,"featured_media":81327,"comment_status":"closed","ping_status":"closed","sticky":false,"template":"","format":"standard","meta":{"_uf_show_specific_survey":0,"_uf_disable_surveys":false,"_jetpack_memberships_contains_paid_content":false,"footnotes":"","_wp_rev_ctl_limit":""},"categories":[920],"tags":[921,5,64],"class_list":["post-81326","post","type-post","status-publish","format-standard","has-post-thumbnail","hentry","category-eta-mundo-melhor","tag-eta-mundo-melhor","tag-globo","tag-novelas","wpcat-920-id"],"aioseo_notices":[],"jetpack_featured_media_url":"https:\/\/i0.wp.com\/www.tvnovelas.com.br\/tvnews\/wp-content\/uploads\/2025\/08\/11870.jpg?fit=728%2C410&ssl=1","jetpack_shortlink":"https:\/\/wp.me\/pdP2BO-l9I","jetpack_sharing_enabled":true,"_links":{"self":[{"href":"https:\/\/www.tvnovelas.com.br\/tvnews\/wp-json\/wp\/v2\/posts\/81326","targetHints":{"allow":["GET"]}}],"collection":[{"href":"https:\/\/www.tvnovelas.com.br\/tvnews\/wp-json\/wp\/v2\/posts"}],"about":[{"href":"https:\/\/www.tvnovelas.com.br\/tvnews\/wp-json\/wp\/v2\/types\/post"}],"author":[{"embeddable":true,"href":"https:\/\/www.tvnovelas.com.br\/tvnews\/wp-json\/wp\/v2\/users\/1"}],"replies":[{"embeddable":true,"href":"https:\/\/www.tvnovelas.com.br\/tvnews\/wp-json\/wp\/v2\/comments?post=81326"}],"version-history":[{"count":1,"href":"https:\/\/www.tvnovelas.com.br\/tvnews\/wp-json\/wp\/v2\/posts\/81326\/revisions"}],"predecessor-version":[{"id":81328,"href":"https:\/\/www.tvnovelas.com.br\/tvnews\/wp-json\/wp\/v2\/posts\/81326\/revisions\/81328"}],"wp:featuredmedia":[{"embeddable":true,"href":"https:\/\/www.tvnovelas.com.br\/tvnews\/wp-json\/wp\/v2\/media\/81327"}],"wp:attachment":[{"href":"https:\/\/www.tvnovelas.com.br\/tvnews\/wp-json\/wp\/v2\/media?parent=81326"}],"wp:term":[{"taxonomy":"category","embeddable":true,"href":"https:\/\/www.tvnovelas.com.br\/tvnews\/wp-json\/wp\/v2\/categories?post=81326"},{"taxonomy":"post_tag","embeddable":true,"href":"https:\/\/www.tvnovelas.com.br\/tvnews\/wp-json\/wp\/v2\/tags?post=81326"}],"curies":[{"name":"wp","href":"https:\/\/api.w.org\/{rel}","templated":true}]}}