{"id":81400,"date":"2025-08-28T09:42:59","date_gmt":"2025-08-28T12:42:59","guid":{"rendered":"https:\/\/www.tvnovelas.com.br\/tvnews\/?p=81400"},"modified":"2025-08-28T09:42:59","modified_gmt":"2025-08-28T12:42:59","slug":"cafe-com-aroma-de-mulher-lucia-fica-sozinha-apos-morte-do-pai","status":"publish","type":"post","link":"https:\/\/www.tvnovelas.com.br\/tvnews\/cafe-com-aroma-de-mulher-lucia-fica-sozinha-apos-morte-do-pai\/","title":{"rendered":"Caf\u00e9 Com Aroma de Mulher: L\u00facia fica sozinha ap\u00f3s morte do pai"},"content":{"rendered":"<figure id=\"attachment_81401\" aria-describedby=\"caption-attachment-81401\" style=\"width: 728px\" class=\"wp-caption alignnone\"><img data-recalc-dims=\"1\" decoding=\"async\" class=\"wp-image-81401 size-full\" title=\"(Foto: Band\/Caf\u00e9 Com Aroma de Mulher)\" src=\"https:\/\/i0.wp.com\/www.tvnovelas.com.br\/tvnews\/wp-content\/uploads\/2025\/08\/11883.jpg?resize=728%2C410&#038;ssl=1\" alt=\"Foto em Caf\u00e9 Com Aroma de Mulher: L\u00facia fica sozinha ap\u00f3s morte do pai\" width=\"728\" height=\"410\" srcset=\"https:\/\/i0.wp.com\/www.tvnovelas.com.br\/tvnews\/wp-content\/uploads\/2025\/08\/11883.jpg?w=728&amp;ssl=1 728w, https:\/\/i0.wp.com\/www.tvnovelas.com.br\/tvnews\/wp-content\/uploads\/2025\/08\/11883.jpg?resize=250%2C141&amp;ssl=1 250w\" sizes=\"(max-width: 728px) 100vw, 728px\" \/><figcaption id=\"caption-attachment-81401\" class=\"wp-caption-text\">Caf\u00e9 Com Aroma de Mulher: L\u00facia fica sozinha ap\u00f3s morte do pai<\/figcaption><\/figure>\n<p>No cap\u00edtulo de Caf\u00e9 Com Aroma de Mulher desta quinta, dia 28, L\u00facia visita Lucr\u00e9cia, revela que a crian\u00e7a n\u00e3o \u00e9 filha biol\u00f3gica de Sebasti\u00e3o e admite que nasceu por meio de insemina\u00e7\u00e3o artificial.<\/p>\n<p>Depois, L\u00facia recebe uma liga\u00e7\u00e3o informando que o corpo de Eduardo foi encontrado. Lucr\u00e9cia acompanha L\u00facia at\u00e9 o necrot\u00e9rio e reconhece o corpo do pai. L\u00facia ent\u00e3o procura Bernardo no Caf\u00e9 Elite, j\u00e1 que ela precisa de dinheiro para enterrar Eduardo.<\/p>\n<p>L\u00facia visita Sebasti\u00e3o na pris\u00e3o, mas ele se recusa a v\u00ea-la. L\u00facia pede a Ivan que a acompanhe para enterrar seu pai, mas ele a deixa sozinha e viaja para a fazenda.<\/p>\n<p>Lucr\u00e9cia, por sua vez, decide hospedar L\u00facia em sua casa por uma semana e aconselha-a e sugere que ela retorne a Nova York com Sofia.<br \/>\nAcompanhada por Lucrecia, L\u00facia enterra seu pai.<br \/>\nConfira o resumo do cap\u00edtulo de hoje:<\/p>\n<h2 style=\"color: #b9375d;\">Resumo de quinta-feira, 28 de agosto<\/h2>\n<p>Sebasti\u00e3o confirma que sua assinatura consta nos documentos, o que o complica. L\u00facia visita Lucr\u00e9cia, revela que a crian\u00e7a n\u00e3o \u00e9 filha biol\u00f3gica do empres\u00e1rio e admite que nasceu por meio de insemina\u00e7\u00e3o artificial. A vi\u00fava de Ot\u00e1vio encontra registros de transa\u00e7\u00e3o de terra feitos por ele a favor de Gaivota e Carmela. M\u00e1rcia se nega a testemunhar contra Carlos M\u00e1rio, mas sugere o uso de filmagem. L\u00facia toma conhecimento da morte de seu pai, Eduardo.<br \/>\n<!--FIM--><br \/>\n<strong>Sobre a novela<\/strong><br \/>\n<a href=\"https:\/\/wp.me\/pfspD2-UX\" target=\"_blank\" rel=\"noopener\">&#8216;Caf\u00e9 Com Aroma de Mulher&#8217;: Um amor proibido (Sinopse e personagens)<\/a><\/p>\n<div style=\"font-size: 120%;\"><h3>Confira tamb\u00e9m<\/h3>\r\n<a href=\"https:\/\/tvnovelas.com.br\/novelas\/\" rel=\"noopener\" target=\"_blank\"><strong>Todos os resumos de novelas<\/strong><\/a><\/br>\r\n<a href=\"https:\/\/www.tvnovelas.com.br\/tvnews\/\" rel=\"noopener\" target=\"_blank\"><strong>\u00daltimas not\u00edcias das novelas<\/strong><\/a><\/br>\r\n<a href=\"https:\/\/www.tvnovelas.com.br\/filmes\/\" target=\"_blank\" rel=\"noopener noreferrer\"><strong>Programa\u00e7\u00e3o de filmes na TV aberta<\/strong><\/a><\/br>\r\n<a href=\"https:\/\/caetenews.com.br\/semana\/filmes-da-globo-na-sessao-da-tarde-desta-semana\/\" target=\"_blank\" rel=\"noopener\"><strong>Confira os filmes da semana na Sess\u00e3o da Tarde<\/strong><\/a><\/br>\r\n<a href=\"https:\/\/classindportal.mj.gov.br\/consulta-filmes\" target=\"_blank\" rel=\"noopener\"><strong>Consulte a classifica\u00e7\u00e3o indicativa dos filmes e novelas<\/strong><\/a><\/br><\/div>\n","protected":false},"excerpt":{"rendered":"<p>Caf\u00e9 Com Aroma de Mulher: L\u00facia fica sozinha ap\u00f3s morte do pai&#8230; No cap\u00edtulo de Caf\u00e9 Com Aroma de Mulher desta quinta, dia 28, L\u00facia visita Lucr\u00e9cia&#8230;<\/p>\n","protected":false},"author":1,"featured_media":81401,"comment_status":"closed","ping_status":"closed","sticky":false,"template":"","format":"standard","meta":{"_uf_show_specific_survey":0,"_uf_disable_surveys":false,"_jetpack_memberships_contains_paid_content":false,"footnotes":"","_wp_rev_ctl_limit":""},"categories":[918],"tags":[43,919,64],"class_list":["post-81400","post","type-post","status-publish","format-standard","has-post-thumbnail","hentry","category-cafe-com-aroma-de-mulher","tag-band","tag-cafe-com-aroma-de-mulher","tag-novelas","wpcat-918-id"],"aioseo_notices":[],"jetpack_featured_media_url":"https:\/\/i0.wp.com\/www.tvnovelas.com.br\/tvnews\/wp-content\/uploads\/2025\/08\/11883.jpg?fit=728%2C410&ssl=1","jetpack_shortlink":"https:\/\/wp.me\/pdP2BO-laU","jetpack_sharing_enabled":true,"_links":{"self":[{"href":"https:\/\/www.tvnovelas.com.br\/tvnews\/wp-json\/wp\/v2\/posts\/81400","targetHints":{"allow":["GET"]}}],"collection":[{"href":"https:\/\/www.tvnovelas.com.br\/tvnews\/wp-json\/wp\/v2\/posts"}],"about":[{"href":"https:\/\/www.tvnovelas.com.br\/tvnews\/wp-json\/wp\/v2\/types\/post"}],"author":[{"embeddable":true,"href":"https:\/\/www.tvnovelas.com.br\/tvnews\/wp-json\/wp\/v2\/users\/1"}],"replies":[{"embeddable":true,"href":"https:\/\/www.tvnovelas.com.br\/tvnews\/wp-json\/wp\/v2\/comments?post=81400"}],"version-history":[{"count":1,"href":"https:\/\/www.tvnovelas.com.br\/tvnews\/wp-json\/wp\/v2\/posts\/81400\/revisions"}],"predecessor-version":[{"id":81402,"href":"https:\/\/www.tvnovelas.com.br\/tvnews\/wp-json\/wp\/v2\/posts\/81400\/revisions\/81402"}],"wp:featuredmedia":[{"embeddable":true,"href":"https:\/\/www.tvnovelas.com.br\/tvnews\/wp-json\/wp\/v2\/media\/81401"}],"wp:attachment":[{"href":"https:\/\/www.tvnovelas.com.br\/tvnews\/wp-json\/wp\/v2\/media?parent=81400"}],"wp:term":[{"taxonomy":"category","embeddable":true,"href":"https:\/\/www.tvnovelas.com.br\/tvnews\/wp-json\/wp\/v2\/categories?post=81400"},{"taxonomy":"post_tag","embeddable":true,"href":"https:\/\/www.tvnovelas.com.br\/tvnews\/wp-json\/wp\/v2\/tags?post=81400"}],"curies":[{"name":"wp","href":"https:\/\/api.w.org\/{rel}","templated":true}]}}