{"id":81439,"date":"2025-08-28T20:53:24","date_gmt":"2025-08-28T23:53:24","guid":{"rendered":"https:\/\/www.tvnovelas.com.br\/tvnews\/?p=81439"},"modified":"2025-08-28T20:53:24","modified_gmt":"2025-08-28T23:53:24","slug":"e-agora-quem-vai-ficar-com-a-mamae-sbt-exibe-minisserie-inedita","status":"publish","type":"post","link":"https:\/\/www.tvnovelas.com.br\/tvnews\/e-agora-quem-vai-ficar-com-a-mamae-sbt-exibe-minisserie-inedita\/","title":{"rendered":"\u201cE Agora, Quem Vai Ficar com a Mam\u00e3e?\u201d: SBT exibe miniss\u00e9rie in\u00e9dita"},"content":{"rendered":"<figure id=\"attachment_81440\" aria-describedby=\"caption-attachment-81440\" style=\"width: 727px\" class=\"wp-caption alignnone\"><img data-recalc-dims=\"1\" decoding=\"async\" class=\"wp-image-81440 size-full\" title=\"(Foto: Rog\u00e9rio Pallatta\/SBT)\" src=\"https:\/\/i0.wp.com\/www.tvnovelas.com.br\/tvnews\/wp-content\/uploads\/2025\/08\/11887.jpg?resize=727%2C410&#038;ssl=1\" alt=\"Foto em \u201cE Agora, Quem Vai Ficar com a Mam\u00e3e?\u201d: SBT exibe miniss\u00e9rie in\u00e9dita\" width=\"727\" height=\"410\" srcset=\"https:\/\/i0.wp.com\/www.tvnovelas.com.br\/tvnews\/wp-content\/uploads\/2025\/08\/11887.jpg?w=727&amp;ssl=1 727w, https:\/\/i0.wp.com\/www.tvnovelas.com.br\/tvnews\/wp-content\/uploads\/2025\/08\/11887.jpg?resize=250%2C141&amp;ssl=1 250w\" sizes=\"(max-width: 727px) 100vw, 727px\" \/><figcaption id=\"caption-attachment-81440\" class=\"wp-caption-text\">\u201cE Agora, Quem Vai Ficar com a Mam\u00e3e?\u201d: SBT exibe miniss\u00e9rie in\u00e9dita<\/figcaption><\/figure>\n<p>Produ\u00e7\u00e3o especial em cinco epis\u00f3dios, a miniss\u00e9rie in\u00e9dita \u201cE Agora, Quem Vai Ficar com a Mam\u00e3e?\u201d ser\u00e1 exibida durante a primeira semana de setembro (dias 1\u00b0 a 05).<\/p>\n<p>A produ\u00e7\u00e3o escrita por Alexandre Teixeira, com dire\u00e7\u00e3o de Jo\u00e3o Batista e dire\u00e7\u00e3o-geral de Rica Mantoanelli, promete surpreender o p\u00fablico. Uma obra dram\u00e1tica com toques de humor, que aborda com sensibilidade o envelhecimento, a dem\u00eancia e os la\u00e7os familiares.<\/p>\n<p>Estrelada por Stella Miranda, Joaquim Lopes, Lidi Lisboa, Mariana Molina, Ju Knust, Jo\u00e3o Pessanha, Laura Luz e Valentina Borlenghi, a trama gira em torno de Dona Maria, uma mulher amorosa e ativa, prestes a completar 70 anos, que come\u00e7a a apresentar sinais de dem\u00eancia. Ap\u00f3s um incidente dom\u00e9stico, seus tr\u00eas filhos, Nelson, Marcela e Beatriz, decidem cuidar dela em um sistema de rod\u00edzio, enquanto buscam uma solu\u00e7\u00e3o definitiva.<\/p>\n<p>A conviv\u00eancia reacende afetos e conflitos antigos, e os netos tamb\u00e9m se reaproximam da av\u00f3, especialmente Lucinha, que tem s\u00edndrome de Down. Diante das dificuldades, Dona Maria surpreende a fam\u00edlia ao tomar uma decis\u00e3o: quer ir voluntariamente para uma casa de repouso, para n\u00e3o se tornar um fardo. Uma hist\u00f3ria sobre amor, mem\u00f3ria e o desafio de seguir em frente quando a vida exige escolhas dif\u00edceis.<\/p>\n<p>A obra tamb\u00e9m conta com participa\u00e7\u00f5es especiais de: Patricia Abravanel, Juliano Laham, Jo\u00e3o Vitor de Paiva, Anderson F\u00e9lix, Anast\u00e1cia Cust\u00f3dio, B\u00e1rbara Brito, Barbara Hummel, Bruno Vin\u00edcius, Chico Am\u00e9rico, Dani Marcondes, Du Dibo, Eduardo Le\u00e3o, Enzo Ign\u00e1cio, Felipe Andrade, Joelson Medeiros, Lucas Ros\u00e1rio, Luciana Silveira, Marcos Machado, Nicko Silva, Patricia Pimenta e Rodrigo Pintto.<\/p>\n","protected":false},"excerpt":{"rendered":"<p>\u201cE Agora, Quem Vai Ficar com a Mam\u00e3e?\u201d: SBT exibe miniss\u00e9rie in\u00e9dita&#8230;. Produ\u00e7\u00e3o especial em cinco epis\u00f3dios, a miniss\u00e9rie in\u00e9dita ser\u00e1 exibida durante&#8230;<\/p>\n","protected":false},"author":1,"featured_media":81440,"comment_status":"closed","ping_status":"closed","sticky":false,"template":"","format":"standard","meta":{"_uf_show_specific_survey":0,"_uf_disable_surveys":false,"_jetpack_memberships_contains_paid_content":false,"footnotes":"","_wp_rev_ctl_limit":""},"categories":[232,640],"tags":[],"class_list":["post-81439","post","type-post","status-publish","format-standard","has-post-thumbnail","hentry","category-sbt","category-series","wpcat-232-id","wpcat-640-id"],"aioseo_notices":[],"jetpack_featured_media_url":"https:\/\/i0.wp.com\/www.tvnovelas.com.br\/tvnews\/wp-content\/uploads\/2025\/08\/11887.jpg?fit=727%2C410&ssl=1","jetpack_shortlink":"https:\/\/wp.me\/pdP2BO-lbx","jetpack_sharing_enabled":true,"_links":{"self":[{"href":"https:\/\/www.tvnovelas.com.br\/tvnews\/wp-json\/wp\/v2\/posts\/81439","targetHints":{"allow":["GET"]}}],"collection":[{"href":"https:\/\/www.tvnovelas.com.br\/tvnews\/wp-json\/wp\/v2\/posts"}],"about":[{"href":"https:\/\/www.tvnovelas.com.br\/tvnews\/wp-json\/wp\/v2\/types\/post"}],"author":[{"embeddable":true,"href":"https:\/\/www.tvnovelas.com.br\/tvnews\/wp-json\/wp\/v2\/users\/1"}],"replies":[{"embeddable":true,"href":"https:\/\/www.tvnovelas.com.br\/tvnews\/wp-json\/wp\/v2\/comments?post=81439"}],"version-history":[{"count":2,"href":"https:\/\/www.tvnovelas.com.br\/tvnews\/wp-json\/wp\/v2\/posts\/81439\/revisions"}],"predecessor-version":[{"id":81442,"href":"https:\/\/www.tvnovelas.com.br\/tvnews\/wp-json\/wp\/v2\/posts\/81439\/revisions\/81442"}],"wp:featuredmedia":[{"embeddable":true,"href":"https:\/\/www.tvnovelas.com.br\/tvnews\/wp-json\/wp\/v2\/media\/81440"}],"wp:attachment":[{"href":"https:\/\/www.tvnovelas.com.br\/tvnews\/wp-json\/wp\/v2\/media?parent=81439"}],"wp:term":[{"taxonomy":"category","embeddable":true,"href":"https:\/\/www.tvnovelas.com.br\/tvnews\/wp-json\/wp\/v2\/categories?post=81439"},{"taxonomy":"post_tag","embeddable":true,"href":"https:\/\/www.tvnovelas.com.br\/tvnews\/wp-json\/wp\/v2\/tags?post=81439"}],"curies":[{"name":"wp","href":"https:\/\/api.w.org\/{rel}","templated":true}]}}